{"id":888,"date":"2017-11-01T11:56:12","date_gmt":"2017-11-01T09:56:12","guid":{"rendered":"http:\/\/noa.bart.sk\/?p=888"},"modified":"2017-11-01T11:56:12","modified_gmt":"2017-11-01T09:56:12","slug":"15-medzinarodny-veltrh-cvicnych-firiem-krajin-v4","status":"publish","type":"post","link":"https:\/\/noa.bart.sk\/index.php\/2017\/11\/01\/15-medzinarodny-veltrh-cvicnych-firiem-krajin-v4\/","title":{"rendered":"15. Medzin\u00e1rodn\u00fd ve\u013etrh cvi\u010dn\u00fdch firiem kraj\u00edn V4"},"content":{"rendered":"<p><img loading=\"lazy\" decoding=\"async\" class=\"wp-image-889 alignleft\" src=\"https:\/\/noa.bart.sk\/wp-content\/uploads\/v-1-300x225.jpg\" alt=\"v\" width=\"223\" height=\"167\" srcset=\"https:\/\/noa.bart.sk\/wp-content\/uploads\/v-1-300x225.jpg 300w, https:\/\/noa.bart.sk\/wp-content\/uploads\/v-1-80x60.jpg 80w, https:\/\/noa.bart.sk\/wp-content\/uploads\/v-1-768x576.jpg 768w, https:\/\/noa.bart.sk\/wp-content\/uploads\/v-1.jpg 960w\" sizes=\"(max-width: 223px) 100vw, 223px\" \/>Aj v\u00a0tomto roku na\u0161a \u0161kola zorganizovala \u00a0ve\u013etrh cvi\u010dn\u00fdch firiem v\u00a0Ko\u0161iciach, tentoraz u\u017e 15. v porad\u00ed. Ve\u013etrh sa konal pod z\u00e1\u0161titou na\u0161ej Obchodnej akad\u00e9mie a\u00a0z\u00a0na\u0161ej \u0161koly tu boli 4 firmy \u2013 Skywings, \u010coko\u0161ok, \u010cajka a\u00a0Minitt. I\u0161lo o\u00a0medzin\u00e1rodn\u00fd ve\u013etrh kraj\u00edn V4, \u010do znamen\u00e1, \u017ee svoje cvi\u010dn\u00e9 firmy tu prezentovali \u0161tudenti a\u00a0ich pedag\u00f3govia zo Slovenska, \u010ceska, Po\u013eska a\u00a0Ma\u010farska. V\u00fdroba \u010dokol\u00e1dy, kov\u00e1\u010dstvo, predaj folkl\u00f3rnych krojov, \u010di pek\u00e1rne \u2013 to je len mal\u00fd z\u00e1ber cvi\u010dn\u00fdch firiem, ktor\u00e9 pri\u0161li do Ko\u0161\u00edc s\u00fa\u0165a\u017ei\u0165 a\u00a0reprezentova\u0165 svoju \u0161kolu.<!--more--><\/p>\n<p>Ve\u013etrh bol sl\u00e1vnostne otvoren\u00fd vo\u00a0\u0161tvrtok 19. okt\u00f3bra priv\u00edtan\u00edm host\u00ed a\u00a0prvou prehliadkou st\u00e1nkov vystavuj\u00facich cvi\u010dn\u00fdch firiem. \u017diaci pri\u0161li do Spolo\u010densk\u00e9ho pavil\u00f3nu skoro r\u00e1no a\u00a0postavili st\u00e1nky. V\u00a0tento de\u0148 si st\u00e1nky cvi\u010dn\u00fdch firiem obzerala iba porota, hodnotila celkov\u00fd dojem a\u00a0v\u00fdzor st\u00e1nku, preh\u013eadnos\u0165 a\u00a0dizajn katal\u00f3gu,\u00a0 logo a\u00a0slogan firmy a\u00a0v\u00a0neposlednom rade aj reprezentanta\/ku, ktor\u00ed mali za \u00falohu svoju firmu prezentova\u0165 po slovensky \u010di anglicky. Niektor\u00e9 cvi\u010dn\u00e9 firmy mali v\u00a0tento de\u0148 taktie\u017e svoju ofici\u00e1lnu e-prezent\u00e1ciu. \u0160tudenti sa pomaly za\u010d\u00ednali rozpr\u00e1va\u0165 aj medzi sebou navz\u00e1jom a\u00a0zistili sme, \u017ee ani jazykov\u00e9 bari\u00e9ry n\u00e1m v\u00f4bec nebr\u00e1nili v\u00a0nadv\u00e4zovan\u00ed nov\u00fdch priate\u013estiev.<img loading=\"lazy\" decoding=\"async\" class=\"wp-image-891 alignright\" src=\"https:\/\/noa.bart.sk\/wp-content\/uploads\/v2-1-300x225.jpg\" alt=\"v2\" width=\"187\" height=\"140\" srcset=\"https:\/\/noa.bart.sk\/wp-content\/uploads\/v2-1-300x225.jpg 300w, https:\/\/noa.bart.sk\/wp-content\/uploads\/v2-1-80x60.jpg 80w, https:\/\/noa.bart.sk\/wp-content\/uploads\/v2-1-768x576.jpg 768w, https:\/\/noa.bart.sk\/wp-content\/uploads\/v2-1.jpg 960w\" sizes=\"(max-width: 187px) 100vw, 187px\" \/><\/p>\n<ol start=\"20\">\n<li>okt\u00f3bra, v druh\u00fd de\u0148 ve\u013etrhu bol Spolo\u010densk\u00fd pavil\u00f3n otvoren\u00fd aj pre verejnos\u0165, a\u00a0teda sa na n\u00e1s mohli pr\u00eds\u0165 pozrie\u0165 \u010di u\u017e spolu\u017eiaci, u\u010ditelia, ale aj rodina a\u00a0zn\u00e1mi. V\u00a0piatok taktie\u017e mala na\u0161a firma e-prezent\u00e1ciu po slovensky a\u00a0anglicky a\u00a0s\u00fa\u010das\u0165ou piatkov\u00e9ho programu bola aj novinka \u2013 60 sekundov\u00e1 s\u00fa\u0165a\u017e Elevator Pitch, kde mali \u0161tudenti len min\u00fatu na to, aby svoju firmu stru\u010dne, av\u0161ak zauj\u00edmavo a\u00a0presved\u010divo prezentovali po anglicky pred porotou bez ak\u00fdchko\u013evek pom\u00f4cok. Aj po\u010das tohto d\u0148a mali fikt\u00edvne firmy mo\u017enos\u0165 medzi sebou navz\u00e1jom obchodova\u0165, vystavova\u0165 fakt\u00fary a\u00a0komunikova\u0165 s\u00a0konkurenciou.<\/li>\n<\/ol>\n<p><img loading=\"lazy\" decoding=\"async\" class=\"wp-image-892 alignleft\" src=\"https:\/\/noa.bart.sk\/wp-content\/uploads\/v4-1-300x240.jpg\" alt=\"v4\" width=\"225\" height=\"180\" srcset=\"https:\/\/noa.bart.sk\/wp-content\/uploads\/v4-1-300x240.jpg 300w, https:\/\/noa.bart.sk\/wp-content\/uploads\/v4-1-80x64.jpg 80w, https:\/\/noa.bart.sk\/wp-content\/uploads\/v4-1-768x615.jpg 768w, https:\/\/noa.bart.sk\/wp-content\/uploads\/v4-1.jpg 960w\" sizes=\"(max-width: 225px) 100vw, 225px\" \/>O\u00a015:00 sa v\u0161etci pr\u00edtomn\u00ed usadili v\u00a0hale, kde mal riadite\u013e na\u0161ej Obchodnej akad\u00e9mie Ing. Peter Orsz\u00e1gh sl\u00e1vnostn\u00fd pr\u00edhovor a\u00a0za\u010dalo sa vyhodnocovanie s\u00fa\u0165a\u017e\u00ed a\u00a0odovzd\u00e1vanie cien. Na\u0161a \u0161kola si z\u00a0ve\u013etrhu odniesla tri ceny:<\/p>\n<ol start=\"2\">\n<li>miesto v\u00a0s\u00fa\u0165a\u017ei Naj cvi\u010dn\u00e1 firma &#8211; \u010cOKO\u0160OK, s.r.o.<br \/>\n3. miesto v\u00a0s\u00fa\u0165a\u017ei Naj logo &#8211; \u010cAJKA retro, s.r.o.<br \/>\nCena 60 sek\u00fand (Elevator pitch) &#8211; Simona Z\u00e1kutn\u00e1, MINITT, s.r.o.<\/li>\n<\/ol>\n<p>Mysl\u00edm, \u017ee m\u00f4\u017eem hovori\u0165 za v\u0161etk\u00fdch z\u00fa\u010dastnen\u00fdch, ke\u010f poviem, \u017ee aj tento ve\u013etrh bol pre n\u00e1s nesmierne zauj\u00edmav\u00fdm a\u00a0pr\u00ednosn\u00fdm z\u00e1\u017eitkom. Ako povedal riadite\u013e \u0160t\u00e1tneho in\u0161tit\u00fatu odborn\u00e9ho vzdel\u00e1vania (\u0160IOV) Michal Bart\u00f3k: \u201eZalo\u017eenie firmy je dnes u\u017e pomerne \u013eahkou z\u00e1le\u017eitos\u0165ou, ale prejavi\u0165 \u017eivotaschopnos\u0165 firmy a pre\u017ei\u0165 v dne\u0161nom trhovom prostred\u00ed si vy\u017eaduje nielen teoretick\u00e9, ale aj praktick\u00e9 zru\u010dnosti.&#8220;<\/p>\n<p>Simona<\/p>\n","protected":false},"excerpt":{"rendered":"<p>Aj v\u00a0tomto roku na\u0161a \u0161kola zorganizovala \u00a0ve\u013etrh cvi\u010dn\u00fdch firiem v\u00a0Ko\u0161iciach, tentoraz u\u017e 15. v porad\u00ed. Ve\u013etrh sa konal pod z\u00e1\u0161titou na\u0161ej Obchodnej akad\u00e9mie a\u00a0z\u00a0na\u0161ej \u0161koly tu boli 4 firmy \u2013&hellip;<\/p>\n","protected":false},"author":2,"featured_media":0,"comment_status":"open","ping_status":"open","sticky":false,"template":"","format":"standard","meta":{"footnotes":""},"categories":[1],"tags":[],"_links":{"self":[{"href":"https:\/\/noa.bart.sk\/index.php\/wp-json\/wp\/v2\/posts\/888"}],"collection":[{"href":"https:\/\/noa.bart.sk\/index.php\/wp-json\/wp\/v2\/posts"}],"about":[{"href":"https:\/\/noa.bart.sk\/index.php\/wp-json\/wp\/v2\/types\/post"}],"author":[{"embeddable":true,"href":"https:\/\/noa.bart.sk\/index.php\/wp-json\/wp\/v2\/users\/2"}],"replies":[{"embeddable":true,"href":"https:\/\/noa.bart.sk\/index.php\/wp-json\/wp\/v2\/comments?post=888"}],"version-history":[{"count":1,"href":"https:\/\/noa.bart.sk\/index.php\/wp-json\/wp\/v2\/posts\/888\/revisions"}],"predecessor-version":[{"id":893,"href":"https:\/\/noa.bart.sk\/index.php\/wp-json\/wp\/v2\/posts\/888\/revisions\/893"}],"wp:attachment":[{"href":"https:\/\/noa.bart.sk\/index.php\/wp-json\/wp\/v2\/media?parent=888"}],"wp:term":[{"taxonomy":"category","embeddable":true,"href":"https:\/\/noa.bart.sk\/index.php\/wp-json\/wp\/v2\/categories?post=888"},{"taxonomy":"post_tag","embeddable":true,"href":"https:\/\/noa.bart.sk\/index.php\/wp-json\/wp\/v2\/tags?post=888"}],"curies":[{"name":"wp","href":"https:\/\/api.w.org\/{rel}","templated":true}]}}