{"id":884,"date":"2017-09-28T17:01:50","date_gmt":"2017-09-28T15:01:50","guid":{"rendered":"http:\/\/noa.bart.sk\/?p=884"},"modified":"2017-09-28T17:01:50","modified_gmt":"2017-09-28T15:01:50","slug":"pan-profesor-lukac-a-matej-slauka-iv-a-na-medzinarodnom-maratone-mieru","status":"publish","type":"post","link":"https:\/\/noa.bart.sk\/index.php\/2017\/09\/28\/pan-profesor-lukac-a-matej-slauka-iv-a-na-medzinarodnom-maratone-mieru\/","title":{"rendered":"P\u00e1n profesor Luk\u00e1\u010d a Matej \u0160lauka (IV.A) na Medzin\u00e1rodnom marat\u00f3ne mieru"},"content":{"rendered":"<p><img loading=\"lazy\" decoding=\"async\" class=\"wp-image-885 alignleft\" src=\"https:\/\/noa.bart.sk\/wp-content\/uploads\/21993026_10214469651724681_6143836716584120389_o-225x300.jpg\" alt=\"21993026_10214469651724681_6143836716584120389_o\" width=\"146\" height=\"195\" srcset=\"https:\/\/noa.bart.sk\/wp-content\/uploads\/21993026_10214469651724681_6143836716584120389_o-225x300.jpg 225w, https:\/\/noa.bart.sk\/wp-content\/uploads\/21993026_10214469651724681_6143836716584120389_o-60x80.jpg 60w, https:\/\/noa.bart.sk\/wp-content\/uploads\/21993026_10214469651724681_6143836716584120389_o-768x1024.jpg 768w, https:\/\/noa.bart.sk\/wp-content\/uploads\/21993026_10214469651724681_6143836716584120389_o.jpg 1536w\" sizes=\"(max-width: 146px) 100vw, 146px\" \/>St\u00e1va sa u\u017e trad\u00edciou, \u017ee aj na\u0161a Obchodn\u00e1 akad\u00e9mia m\u00e1 zast\u00fapenie na najv\u00e4\u010d\u0161om be\u017eeckom sviatku na Slovensku, na Medzin\u00e1rodnom marat\u00f3ne mieru. Na \u0161tart 94.ro\u010dn\u00edka sa vo v\u0161etk\u00fdch kateg\u00f3ri\u00e1ch postav\u00ed okolo 13 000 \u0161portovcov a medzi nimi bud\u00fa reprezentova\u0165 na\u0161u \u0161kolu aj pp. Luk\u00e1\u010d a \u017eiak Matej \u0160lauka zo IV.A. Pre p\u00e1na profesora to u\u017e bude 7.\u00fa\u010das\u0165 v rade na tomto podujat\u00ed, k\u00fdm pre Mateja to bude premi\u00e9ra. Obaja si zvolili 21 kilometrov\u00fa polmarat\u00f3nsku tra\u0165.<\/p>\n<p>Preto V\u00e1s v\u0161etk\u00fdch poz\u00fdvame, aby ste ich pri\u0161li t\u00fato nede\u013eu povzbudi\u0165, preto\u017ee to bud\u00fa potrebova\u0165. \u0160tart je o 9:00. Ich \u0161tartov\u00e9 \u010d\u00edsla s\u00fa 4101 resp. 5991.<\/p>\n","protected":false},"excerpt":{"rendered":"<p>St\u00e1va sa u\u017e trad\u00edciou, \u017ee aj na\u0161a Obchodn\u00e1 akad\u00e9mia m\u00e1 zast\u00fapenie na najv\u00e4\u010d\u0161om be\u017eeckom sviatku na Slovensku, na Medzin\u00e1rodnom marat\u00f3ne mieru. Na \u0161tart 94.ro\u010dn\u00edka sa vo v\u0161etk\u00fdch kateg\u00f3ri\u00e1ch postav\u00ed okolo&hellip;<\/p>\n","protected":false},"author":2,"featured_media":0,"comment_status":"open","ping_status":"open","sticky":false,"template":"","format":"standard","meta":{"footnotes":""},"categories":[1],"tags":[],"_links":{"self":[{"href":"https:\/\/noa.bart.sk\/index.php\/wp-json\/wp\/v2\/posts\/884"}],"collection":[{"href":"https:\/\/noa.bart.sk\/index.php\/wp-json\/wp\/v2\/posts"}],"about":[{"href":"https:\/\/noa.bart.sk\/index.php\/wp-json\/wp\/v2\/types\/post"}],"author":[{"embeddable":true,"href":"https:\/\/noa.bart.sk\/index.php\/wp-json\/wp\/v2\/users\/2"}],"replies":[{"embeddable":true,"href":"https:\/\/noa.bart.sk\/index.php\/wp-json\/wp\/v2\/comments?post=884"}],"version-history":[{"count":1,"href":"https:\/\/noa.bart.sk\/index.php\/wp-json\/wp\/v2\/posts\/884\/revisions"}],"predecessor-version":[{"id":886,"href":"https:\/\/noa.bart.sk\/index.php\/wp-json\/wp\/v2\/posts\/884\/revisions\/886"}],"wp:attachment":[{"href":"https:\/\/noa.bart.sk\/index.php\/wp-json\/wp\/v2\/media?parent=884"}],"wp:term":[{"taxonomy":"category","embeddable":true,"href":"https:\/\/noa.bart.sk\/index.php\/wp-json\/wp\/v2\/categories?post=884"},{"taxonomy":"post_tag","embeddable":true,"href":"https:\/\/noa.bart.sk\/index.php\/wp-json\/wp\/v2\/tags?post=884"}],"curies":[{"name":"wp","href":"https:\/\/api.w.org\/{rel}","templated":true}]}}