{"id":870,"date":"2017-09-26T21:05:42","date_gmt":"2017-09-26T19:05:42","guid":{"rendered":"http:\/\/noa.bart.sk\/?p=870"},"modified":"2017-09-26T21:06:03","modified_gmt":"2017-09-26T19:06:03","slug":"pribenik-mosty-bez-barier","status":"publish","type":"post","link":"https:\/\/noa.bart.sk\/index.php\/2017\/09\/26\/pribenik-mosty-bez-barier\/","title":{"rendered":"Priben\u00edk &#8211; Mosty bez bari\u00e9r"},"content":{"rendered":"<p><strong>\u00a0<\/strong><\/p>\n<p><img loading=\"lazy\" decoding=\"async\" class=\"wp-image-871 alignleft\" src=\"https:\/\/noa.bart.sk\/wp-content\/uploads\/22050398_1872345539449419_718830286_o-300x224.jpg\" alt=\"22050398_1872345539449419_718830286_o\" width=\"224\" height=\"167\" srcset=\"https:\/\/noa.bart.sk\/wp-content\/uploads\/22050398_1872345539449419_718830286_o-300x224.jpg 300w, https:\/\/noa.bart.sk\/wp-content\/uploads\/22050398_1872345539449419_718830286_o-80x60.jpg 80w, https:\/\/noa.bart.sk\/wp-content\/uploads\/22050398_1872345539449419_718830286_o-768x575.jpg 768w, https:\/\/noa.bart.sk\/wp-content\/uploads\/22050398_1872345539449419_718830286_o-1024x766.jpg 1024w, https:\/\/noa.bart.sk\/wp-content\/uploads\/22050398_1872345539449419_718830286_o.jpg 1536w\" sizes=\"(max-width: 224px) 100vw, 224px\" \/>D\u0148a 20. septembra 2017 sa \u0161tudenti 2.C a 3.E triedy vydali na spolo\u010dn\u00fa cestu do dediny Priben\u00edk, ktor\u00e1 sa nach\u00e1dza pri hraniciach s\u00a0Ma\u010farskom, resp. pri \u010ciernej nad Tisou, kde n\u00e1s mali \u010daka\u0165 r\u00f4zne vyst\u00fapenia a prezent\u00e1cie stredn\u00fdch \u0161k\u00f4l. Ak v\u00e1s nadchol tento \u00favod, tak zrejme budete pokra\u010dova\u0165 aj \u010falej, ak nie, tak pokra\u010dujte \u010falej, mo\u017eno zmen\u00edte n\u00e1zor.<\/p>\n<p>&nbsp;<\/p>\n<p>V\u0161etko sa za\u010dalo na \u017eelezni\u010dnej stanici, kde n\u00e1s o \u00f4smej hodine mal \u010daka\u0165 mimoriadny r\u00fdchlik zo Spi\u0161skej Novej Vsi, ktor\u00fd n\u00e1s mal odviez\u0165 na v\u00fdletn\u00e9 miesto &#8211; Priben\u00edk. Po viac ako dvadsa\u0165min\u00fatovom me\u0161kan\u00ed vlak dorazil do Ko\u0161\u00edc a v\u0161etci sme mohli pokojne nast\u00fapi\u0165 do preplnen\u00e9ho star\u00e9ho vlaku (koniec koncov to ale nebolo ni\u010d stra\u0161n\u00e9).<!--more--><\/p>\n<p>&nbsp;<\/p>\n<p>Po pr\u00edchode na miesto ur\u010denia, kde boli v\u0161etky st\u00e1nky, p\u00f3dium a\u00a0bufety sme sa v\u0161etci vydali vlastn\u00fdm smerom. (mali sme na to 4 hodiny). Ten, kto bol hladn\u00fd, ten sa i\u0161iel najes\u0165 do bufetov, ten, komu ch\u00fdbala kult\u00farna chv\u00ed\u013eka, \u0161iel k p\u00f3diu a\u00a0ten, komu bolo smutno za zvieratami, ten \u0161iel ku ko\u0148om. Ja som sa najedol nie vo forme bufetov, ale zistil som, \u017ee \u0161koly, ktor\u00e9 sa \u0161pecializuj\u00fa na gastron\u00f3miu, bud\u00facich kuch\u00e1rov, maj\u00fa vo svojich st\u00e1nkoch r\u00f4zne kol\u00e1\u010de, jednohubky \u010di \u017eemle, \u010do som samozrejme vyu\u017eil a nen\u00e1padne som chodil okolo asi ka\u017ed\u00fa polhodinu\u2026 Sn\u00e1\u010f si to nev\u0161imli.<\/p>\n<p>&nbsp;<\/p>\n<p>V are\u00e1li, kde sa to v\u0161etko nach\u00e1dzalo, bol aj ka\u0161tie\u013e, konkr\u00e9tne ka\u0161tie\u013e Majl\u00e1thovcov. \u00dadajne je najv\u00e4\u010d\u0161\u00edm, a z\u00e1rove\u0148 najzachovalej\u0161\u00edm kl\u00e1\u0161torn\u00fdm komplexom Horn\u00e9ho Medzibodro\u017eia. V roku 1807 bola pri ka\u0161tieli postaven\u00e1 r\u00edmskokatol\u00edcka kaplnka. V s\u00fa\u010dasnosti je zrekon\u0161truovan\u00e1 budova ka\u0161tie\u013ea s\u00eddlom Strednej odbornej \u0161koly. Za ka\u0161tie\u013eom sa nach\u00e1dzal men\u0161\u00ed park, v\u00a0ktorom sa nach\u00e1dzala font\u00e1na.<\/p>\n<p>&nbsp;<\/p>\n<p>Program na p\u00f3diu bol pestr\u00fd, vystupovali tam \u0161tudenti stredn\u00fdch umeleck\u00fdch a odborn\u00fdch \u0161k\u00f4l, ale aj hendikepovan\u00ed, pre ktor\u00fdch bolo toto podujatie zorganizovan\u00e9. Mosty bez bari\u00e9r je my\u0161lienka, ktor\u00e1 by mala vybudova\u0165 most medzi zdrav\u00fdmi \u013eu\u010fmi a pr\u00e1ve t\u00fdmi hendikepovan\u00fdmi, aby sa re\u0161pektovali a spoznali. Na z\u00e1klade toho je tento projekt u\u017e nieko\u013ekoro\u010dnou trad\u00edciou.<\/p>\n<p>&nbsp;<\/p>\n<p>Nikolas<\/p>\n","protected":false},"excerpt":{"rendered":"<p>\u00a0 D\u0148a 20. septembra 2017 sa \u0161tudenti 2.C a 3.E triedy vydali na spolo\u010dn\u00fa cestu do dediny Priben\u00edk, ktor\u00e1 sa nach\u00e1dza pri hraniciach s\u00a0Ma\u010farskom, resp. pri \u010ciernej nad Tisou, kde&hellip;<\/p>\n","protected":false},"author":2,"featured_media":0,"comment_status":"open","ping_status":"open","sticky":false,"template":"","format":"standard","meta":{"footnotes":""},"categories":[1],"tags":[],"_links":{"self":[{"href":"https:\/\/noa.bart.sk\/index.php\/wp-json\/wp\/v2\/posts\/870"}],"collection":[{"href":"https:\/\/noa.bart.sk\/index.php\/wp-json\/wp\/v2\/posts"}],"about":[{"href":"https:\/\/noa.bart.sk\/index.php\/wp-json\/wp\/v2\/types\/post"}],"author":[{"embeddable":true,"href":"https:\/\/noa.bart.sk\/index.php\/wp-json\/wp\/v2\/users\/2"}],"replies":[{"embeddable":true,"href":"https:\/\/noa.bart.sk\/index.php\/wp-json\/wp\/v2\/comments?post=870"}],"version-history":[{"count":2,"href":"https:\/\/noa.bart.sk\/index.php\/wp-json\/wp\/v2\/posts\/870\/revisions"}],"predecessor-version":[{"id":876,"href":"https:\/\/noa.bart.sk\/index.php\/wp-json\/wp\/v2\/posts\/870\/revisions\/876"}],"wp:attachment":[{"href":"https:\/\/noa.bart.sk\/index.php\/wp-json\/wp\/v2\/media?parent=870"}],"wp:term":[{"taxonomy":"category","embeddable":true,"href":"https:\/\/noa.bart.sk\/index.php\/wp-json\/wp\/v2\/categories?post=870"},{"taxonomy":"post_tag","embeddable":true,"href":"https:\/\/noa.bart.sk\/index.php\/wp-json\/wp\/v2\/tags?post=870"}],"curies":[{"name":"wp","href":"https:\/\/api.w.org\/{rel}","templated":true}]}}