{"id":768,"date":"2017-06-05T15:24:02","date_gmt":"2017-06-05T13:24:02","guid":{"rendered":"http:\/\/noa.bart.sk\/?p=768"},"modified":"2017-06-12T16:21:15","modified_gmt":"2017-06-12T14:21:15","slug":"exkurzia-do-krakova-a-osviencimu","status":"publish","type":"post","link":"https:\/\/noa.bart.sk\/index.php\/2017\/06\/05\/exkurzia-do-krakova-a-osviencimu\/","title":{"rendered":"Exkurzia do Krakova a Osvien\u010dimu"},"content":{"rendered":"<p><img loading=\"lazy\" decoding=\"async\" class=\"wp-image-778 alignleft\" src=\"https:\/\/noa.bart.sk\/wp-content\/uploads\/IMG_8915-300x225.jpg\" alt=\"IMG_8915\" width=\"235\" height=\"176\" srcset=\"https:\/\/noa.bart.sk\/wp-content\/uploads\/IMG_8915-300x225.jpg 300w, https:\/\/noa.bart.sk\/wp-content\/uploads\/IMG_8915-80x60.jpg 80w, https:\/\/noa.bart.sk\/wp-content\/uploads\/IMG_8915-768x576.jpg 768w, https:\/\/noa.bart.sk\/wp-content\/uploads\/IMG_8915-1024x768.jpg 1024w\" sizes=\"(max-width: 235px) 100vw, 235px\" \/>D\u0148a 2.6.2017 sa \u017eiaci druh\u00e9ho ro\u010dn\u00edka z\u00fa\u010dastnili na exkurzii v\u00a0Osvien\u010dime a\u00a0v\u00a0Krakove. Na cestu autobusom sme sa vydali v\u00a0skor\u00fdch rann\u00fdch hodin\u00e1ch. Cesta do Krakova trvala 5 hod\u00edn.<!--more--><\/p>\n<p>O\u00a0Krakove sme sa dozvedeli ve\u013ea zauj\u00edmav\u00fdch inform\u00e1ci\u00ed, ako napr\u00edklad \u017ee je to mesto drakov. V\u00a0minulosti \u013eudia verili, \u017ee v\u00a0jaskyni pod hradom Wawel \u017eili draci. Tento hrad je najnav\u0161tevovanej\u0161\u00edm hradom v\u00a0Po\u013esku a\u00a0je zap\u00edsan\u00fd ako pamiatka UNESCO. Nav\u0161t\u00edvili sme aj kostol, v\u00a0ktorom s\u00fa pochovan\u00ed panovn\u00edci hradu.<\/p>\n<p>Z\u00a0hradu sme sa presunuli do centra mesta. V\u00a0Krakove sa nach\u00e1dza najroz\u013eahlej\u0161ie n\u00e1mestie v strednej\u00a0Eur\u00f3pe. \u00a0Uprostred n\u00e1mestia sa nach\u00e1dza renesan\u010dn\u00e1 budova Sukienice, ktor\u00e1 plnila funkciu tr\u017enice so s\u00faknom. Dnes sa v interi\u00e9ri tejto stavby hem\u017eia farbami rozmanit\u00e9 st\u00e1nky a obchody. Na rohu n\u00e1mestia sa nach\u00e1dza gotick\u00fd Mari\u00e1nsky kostol s impozantn\u00fdm interi\u00e9rom a jedine\u010dn\u00fdm vyrez\u00e1van\u00fdm dreven\u00fdm olt\u00e1rom od V\u00edta Stossa.<\/p>\n<p><img loading=\"lazy\" decoding=\"async\" class=\"size-medium wp-image-781 alignleft\" src=\"https:\/\/noa.bart.sk\/wp-content\/uploads\/IMG_8935-300x225.jpg\" alt=\"IMG_8935\" width=\"300\" height=\"225\" srcset=\"https:\/\/noa.bart.sk\/wp-content\/uploads\/IMG_8935-300x225.jpg 300w, https:\/\/noa.bart.sk\/wp-content\/uploads\/IMG_8935-80x60.jpg 80w, https:\/\/noa.bart.sk\/wp-content\/uploads\/IMG_8935-768x576.jpg 768w, https:\/\/noa.bart.sk\/wp-content\/uploads\/IMG_8935-1024x768.jpg 1024w\" sizes=\"(max-width: 300px) 100vw, 300px\" \/>Z\u00a0Krakova sme sa presunuli do Osvien\u010dimu. V\u00a0Osvien\u010dime n\u00e1s u\u017e \u010dakal sprievodca, ktor\u00fd n\u00e1s sprev\u00e1dzal. Osvien\u010dim bol ve\u013emi zauj\u00edmav\u00fd a\u00a0ve\u013emi dojemn\u00fd. Dozvedeli sme sa ve\u013ea vec\u00ed, ktor\u00e9 sme doteraz nevedeli. Exkurzia sa skladala z\u00a0dvoch \u010dast\u00ed. Prv\u00fa \u010das\u0165 tvoril Auschwitz II \u2013 Birkenau v\u00a0ktorom sme absolvovali dvojhodinov\u00fa preh<img loading=\"lazy\" decoding=\"async\" class=\"wp-image-796 alignright\" src=\"https:\/\/noa.bart.sk\/wp-content\/uploads\/Osviencim-300x199.jpg\" alt=\"Osviencim\" width=\"217\" height=\"144\" srcset=\"https:\/\/noa.bart.sk\/wp-content\/uploads\/Osviencim-300x199.jpg 300w, https:\/\/noa.bart.sk\/wp-content\/uploads\/Osviencim-80x53.jpg 80w, https:\/\/noa.bart.sk\/wp-content\/uploads\/Osviencim-768x510.jpg 768w, https:\/\/noa.bart.sk\/wp-content\/uploads\/Osviencim.jpg 960w\" sizes=\"(max-width: 217px) 100vw, 217px\" \/>liadku. Potom sme sa presunuli do Auschwitz I. Auschwitz I\u00a0je miesto, kde \u017eidov dov\u00e1\u017eali vo vag\u00f3noch.<\/p>\n<p>Po tejto exkurzii sme sa presunuli k\u00a0autobusu a\u00a0i\u0161li sme domov. Na v\u00fdlete sme si medzi jednotliv\u00fdmi triedami vybudovali lep\u0161ie vz\u0165ahy a\u00a0lep\u0161ie sme sa spoznali.<\/p>\n<p>&nbsp;<\/p>\n<p>T\u00e1\u0148a\u00a0 a Bianka<\/p>\n","protected":false},"excerpt":{"rendered":"<p>D\u0148a 2.6.2017 sa \u017eiaci druh\u00e9ho ro\u010dn\u00edka z\u00fa\u010dastnili na exkurzii v\u00a0Osvien\u010dime a\u00a0v\u00a0Krakove. Na cestu autobusom sme sa vydali v\u00a0skor\u00fdch rann\u00fdch hodin\u00e1ch. Cesta do Krakova trvala 5 hod\u00edn.<\/p>\n","protected":false},"author":2,"featured_media":0,"comment_status":"open","ping_status":"open","sticky":false,"template":"","format":"standard","meta":{"footnotes":""},"categories":[28],"tags":[],"_links":{"self":[{"href":"https:\/\/noa.bart.sk\/index.php\/wp-json\/wp\/v2\/posts\/768"}],"collection":[{"href":"https:\/\/noa.bart.sk\/index.php\/wp-json\/wp\/v2\/posts"}],"about":[{"href":"https:\/\/noa.bart.sk\/index.php\/wp-json\/wp\/v2\/types\/post"}],"author":[{"embeddable":true,"href":"https:\/\/noa.bart.sk\/index.php\/wp-json\/wp\/v2\/users\/2"}],"replies":[{"embeddable":true,"href":"https:\/\/noa.bart.sk\/index.php\/wp-json\/wp\/v2\/comments?post=768"}],"version-history":[{"count":4,"href":"https:\/\/noa.bart.sk\/index.php\/wp-json\/wp\/v2\/posts\/768\/revisions"}],"predecessor-version":[{"id":797,"href":"https:\/\/noa.bart.sk\/index.php\/wp-json\/wp\/v2\/posts\/768\/revisions\/797"}],"wp:attachment":[{"href":"https:\/\/noa.bart.sk\/index.php\/wp-json\/wp\/v2\/media?parent=768"}],"wp:term":[{"taxonomy":"category","embeddable":true,"href":"https:\/\/noa.bart.sk\/index.php\/wp-json\/wp\/v2\/categories?post=768"},{"taxonomy":"post_tag","embeddable":true,"href":"https:\/\/noa.bart.sk\/index.php\/wp-json\/wp\/v2\/tags?post=768"}],"curies":[{"name":"wp","href":"https:\/\/api.w.org\/{rel}","templated":true}]}}