{"id":758,"date":"2017-05-11T15:36:19","date_gmt":"2017-05-11T13:36:19","guid":{"rendered":"http:\/\/noa.bart.sk\/?p=758"},"modified":"2017-05-11T15:36:39","modified_gmt":"2017-05-11T13:36:39","slug":"rozhovor-s-pani-profesorkou-oprsalovou","status":"publish","type":"post","link":"https:\/\/noa.bart.sk\/index.php\/2017\/05\/11\/rozhovor-s-pani-profesorkou-oprsalovou\/","title":{"rendered":"Rozhovor s pani profesorkou Opr\u0161alovou"},"content":{"rendered":"<p><img loading=\"lazy\" decoding=\"async\" class=\" wp-image-759 alignleft\" src=\"https:\/\/noa.bart.sk\/wp-content\/uploads\/18452012_1712898555394198_61711876_o-300x225.jpg\" alt=\"18452012_1712898555394198_61711876_o\" width=\"255\" height=\"191\" srcset=\"https:\/\/noa.bart.sk\/wp-content\/uploads\/18452012_1712898555394198_61711876_o-300x225.jpg 300w, https:\/\/noa.bart.sk\/wp-content\/uploads\/18452012_1712898555394198_61711876_o-80x60.jpg 80w, https:\/\/noa.bart.sk\/wp-content\/uploads\/18452012_1712898555394198_61711876_o-768x576.jpg 768w, https:\/\/noa.bart.sk\/wp-content\/uploads\/18452012_1712898555394198_61711876_o-1024x768.jpg 1024w, https:\/\/noa.bart.sk\/wp-content\/uploads\/18452012_1712898555394198_61711876_o.jpg 2048w\" sizes=\"(max-width: 255px) 100vw, 255px\" \/>Mil\u00ed \u010ditatelia! Tentoraz sme si posvietili na pani profesorku Mgr. Kl\u00e1ru Opr\u0161alov\u00fa, ktor\u00e1 na na\u0161ej \u0161kole u\u010d\u00ed nemeck\u00fd jazyk. Prin\u00e1\u0161ame V\u00e1m interview, v\u00a0ktorom sa o\u00a0nej zaru\u010dene dozviete nie\u010do nov\u00e9!<\/p>\n<p><strong>\u00a0<\/strong><\/p>\n<p><strong>Ak\u00e9 bolo Va\u0161e predo\u0161l\u00e9 p\u00f4sobisko?<\/strong><\/p>\n<ul>\n<li>V tomto pr\u00edpade asi sklamem, za\u010dala som hne\u010f po vysokej \u0161kole u\u010di\u0165 na tejto \u0161kole.<\/li>\n<\/ul>\n<p><!--more--><\/p>\n<p>&nbsp;<\/p>\n<p><strong>Kde ste \u0161tudovali?<\/strong><\/p>\n<ul>\n<li>\u0160tudovala som na Univerzite Kon\u0161tant\u00edna Filozofa v Nitre.<\/li>\n<\/ul>\n<p>&nbsp;<\/p>\n<p><strong>Ak by ste mohli, \u010do by ste zmenili na na\u0161ej \u0161kole?<\/strong><\/p>\n<ul>\n<li>Zmenila by som najm\u00e4 tu vizu\u00e1lnu str\u00e1nku, \u010di\u017ee by som komplet vyma\u013eovala triedy, vymenila lavice a stoli\u010dky. Na tej druhej strane by som chcela viac besied, s\u00fa\u0165a\u017e\u00ed \u010di in\u00fdch aktiv\u00edt, aby sme sa te\u0161ili do \u0161koly.<\/li>\n<\/ul>\n<p>&nbsp;<\/p>\n<p><strong>Ako dlho pracujete na tejto \u0161kole?<\/strong><\/p>\n<ul>\n<li>U\u010d\u00edm tu u\u017e 15 rokov.<\/li>\n<\/ul>\n<p>&nbsp;<\/p>\n<p><strong>Ako posudzujete kvalitu vzdel\u00e1vania na na\u0161ej \u0161kole?<\/strong><\/p>\n<ul>\n<li>Ja si mysl\u00edm, \u017ee kvalita vzdel\u00e1vania je ve\u013emi dobr\u00e1, \u017ee kolegovia sa naozaj sna\u017eia vyda\u0165 zo seba maximum. M\u00e1m kolegov, ktor\u00ed sleduj\u00fa nov\u00e9 trendy vo vyu\u010dovan\u00ed a aj doma sa tomu viac venuj\u00fa.<\/li>\n<\/ul>\n<p>&nbsp;<\/p>\n<p><strong>\u010c\u00edm dok\u00e1\u017eete \u017eiakov zauja\u0165, aby si z Va\u0161ich hod\u00edn odniesli \u010do najviac?<\/strong><\/p>\n<ul>\n<li>Tak toto je ve\u013emi \u0165a\u017ek\u00e1 ot\u00e1zka, jednak sa sna\u017e\u00edm ve\u013emi ve\u013ea opakova\u0165 a\u00a0sna\u017e\u00edm sa t\u00fdch, ktor\u00ed vyru\u0161uj\u00fa alebo sa sna\u017eia vyru\u0161ova\u0165, \u010do najviac zap\u00e1ja\u0165 do vyu\u010dovacieho procesu, aby boli zamestnan\u00ed. K slab\u0161\u00edm sa sna\u017e\u00edm \u010dastokr\u00e1t prist\u00fapi\u0165 inak, vysvetli\u0165 u\u010divo in\u00fdm sp\u00f4sobom, ale ke\u010f s\u00fa niektor\u00e9 triedy ve\u013ek\u00e9, tak ten individu\u00e1lny pr\u00edstup ide bokom.<\/li>\n<\/ul>\n<p>&nbsp;<\/p>\n<p><strong>\u010co je pre v\u00e1s na tomto povolan\u00ed naj\u013eah\u0161ie a\u00a0naopak to naj\u0165a\u017e\u0161ie?<\/strong><\/p>\n<ul>\n<li>Naj\u0165a\u017e\u0161ie je niekedy pracova\u0165 so \u017eiakmi a\u00a0rodi\u010dmi, preto\u017ee nie v\u0161etci \u017eiaci chc\u00fa pracova\u0165, nie v\u0161etci rodi\u010dia chc\u00fa spolupracova\u0165. \u010ci\u017ee t\u00e1 pr\u00e1ca s\u00a0nimi je potom o\u00a0to \u0165a\u017e\u0161ia, najm\u00e4, ke\u010f s\u00fa u\u017e agres\u00edvnej\u0161\u00ed, vulg\u00e1rnej\u0161\u00ed, v\u00a0takomto pr\u00edpade je to naozaj n\u00e1ro\u010dn\u00e9. \u010co sa t\u00fdka t\u00fdch pozit\u00edv, tie prich\u00e1dzaj\u00fa po rokoch, ke\u010f \u010dlovek dostane sp\u00e4tn\u00fa v\u00e4zbu od t\u00fdch \u017eiakov, \u017ee to, \u010do sa nau\u010dili, vyu\u017e\u00edvaj\u00fa re\u00e1lne v\u00a0praxi.<\/li>\n<\/ul>\n<p>&nbsp;<\/p>\n<p><strong>Pesimisti hovoria, \u017ee v\u00e1\u017een\u00fd status u\u010dite\u013ea je za horami \u2013 dolami. Je to naozaj tak?<\/strong><\/p>\n<ul>\n<li>Mysl\u00edm si, \u017ee v\u00a0dne\u0161nej spolo\u010dnosti ten status u\u010dite\u013ea je za horami \u2013 dolami, ale je to sp\u00f4soben\u00e9 pr\u00e1ve tou spolo\u010dnos\u0165ou, ktor\u00e1 v\u00f4bec neprospieva u\u010dite\u013eom a\u00a0je to sp\u00f4soben\u00e9 aj \u013eu\u010fmi, preto\u017ee ka\u017ed\u00fd si mysl\u00ed, \u017ee ke\u010f chodil do \u0161koly, tak u\u017e vie, ako \u0161kola funguje, \u010do ale nie je pravda. V\u0161etci chod\u00edme k\u00a0lek\u00e1rovi, ale to neznamen\u00e1, \u017ee sme lek\u00e1ri. Pr\u00e1ve preto sa t\u00e1 pr\u00e1ca \u010dasto dehonestuje, lebo mnoh\u00ed za t\u00fdm ni\u010d nevidia. V\u0161etci vidia pr\u00e1zdniny, ale my pr\u00e1zdniny nem\u00e1me. My si mus\u00edme \u010derpa\u0165 dovolenku, aj to vo vyhradenom term\u00edne, vtedy, ke\u010f maj\u00fa \u0161tudenti pr\u00e1zdniny.<\/li>\n<\/ul>\n<p>&nbsp;<\/p>\n<p><strong>Pre\u010do pr\u00e1ve v\u00fdu\u010dba nem\u010diny?<\/strong><\/p>\n<ul>\n<li>Dostala som sa do v\u00fdberovej triedy, e\u0161te vo ve\u013emi, ve\u013emi d\u00e1vnom \u00a0\u010dase a\u00a0pridelili ma do nemeckej skupiny, tak\u017ee nejako od tretieho ro\u010dn\u00edka Z\u0160 sa to so mnou tiahlo. Ke\u010f som i\u0161la na gymn\u00e1zium, tak sa otvorila pr\u00e1ve v\u00a0tom roku trieda s\u00a0roz\u0161\u00edren\u00fdm vyu\u010dovan\u00edm nemeck\u00e9ho jazyka, kde n\u00e1s u\u010dili lektori, tak\u017ee som sa tam prihl\u00e1sila a zobrali ma. Ke\u010f som chcela \u00eds\u0165 na vysok\u00fa \u0161kolu, tak som sa rozhodovala medzi pr\u00e1vom alebo v\u00fdu\u010dbou nem\u010diny. Nako\u013eko m\u00e1m v\u00a0rodine ve\u013emi ve\u013ea u\u010dite\u013eov, tak som sa aj ja rozhodla pre u\u010dite\u013estvo, v\u00a0\u010dom som sa v\u00a0podstate na\u0161la.<\/li>\n<\/ul>\n<p>&nbsp;<\/p>\n<p><strong>Ktor\u00e9 predmety ste v\u00a0mladosti nemali rada?<\/strong><\/p>\n<ul>\n<li>Paradoxne, ke\u010f\u017ee moja mama je matik\u00e1rka, neinklinovala som ve\u013emi k\u00a0matematike. U\u010ditelia si mysleli, \u017ee aj ja by som mala vedie\u0165 vynikaj\u00faco matematiku resp. mali ve\u013ek\u00e9 o\u010dak\u00e1vania a\u00a0ja teda a\u017e tak\u00e9 nie.<\/li>\n<\/ul>\n<p><strong>\u00a0<\/strong><\/p>\n<p><strong>Ak by ste si mohli vybra\u0165 ktor\u00e9ko\u013evek povolanie okrem u\u010dite\u013ea, ktor\u00e9 by to bolo?<\/strong><\/p>\n<ul>\n<li>M\u0148a celkom zauj\u00edmala pr\u00e1ve pr\u00e1ca advok\u00e1ta, pr\u00e1vnika alebo sudcu, ale potom som si uvedomila, \u017ee pr\u00e1vo a\u00a0spravodlivos\u0165 s\u00fa dve rozdielne veci, tak\u017ee ma to nejak\u00fdm sp\u00f4sobom odradilo. Uva\u017eovala som aj nad medic\u00ednou, konkr\u00e9tne nad stomatol\u00f3giou.<\/li>\n<\/ul>\n<p>&nbsp;<\/p>\n<p><strong>Mali ste v\u00a0mladosti v\u00fdborn\u00e9 v\u00fdsledky?<\/strong><\/p>\n<ul>\n<li>\u00c1no mala.<\/li>\n<\/ul>\n<p>&nbsp;<\/p>\n<p><strong>\u010co by ste chceli e\u0161te v\u00a0\u017eivote dok\u00e1za\u0165?<\/strong><\/p>\n<ul>\n<li>Tak toto je ve\u013emi \u0165a\u017ek\u00e1 ot\u00e1zka, to m\u00e1 dve roviny. Pracovn\u00fa a\u00a0s\u00fakromn\u00fa. V\u00a0tej pracovnej si mysl\u00edm, \u017ee by som chcela nadchn\u00fa\u0165 viac \u0161tudentov pre nemeck\u00fd jazyk. Preto, aby sa ho u\u010dili a\u00a0videli jeho v\u00fdznam v\u00a0Eur\u00f3pe a\u00a0jednak by som chcela, aby k\u00a0n\u00e1m prich\u00e1dzali dobr\u00ed \u0161tudenti, ktor\u00ed maj\u00fa z\u00e1ujem, chc\u00fa sa sami nie\u010do u\u010di\u0165 a dok\u00e1za\u0165, aby n\u00e1s aj oni pos\u00favali \u010falej a\u00a0n\u00fatili n\u00e1s , aby sme my e\u0161te viac na sebe pracovali. Na druhej strane by som stra\u0161ne chcela, aby na\u0161a \u0161kola prosperovala a\u00a0aby sme mali dobr\u00e9 v\u00fdsledky.<\/li>\n<\/ul>\n<p>&nbsp;<\/p>\n<p><strong>\u010comu sa venujete vo vo\u013enom \u010dase? Ak\u00e9 m\u00e1te z\u00e1\u013euby?<\/strong><\/p>\n<ul>\n<li>Ja vo vo\u013enom \u010dase ve\u013ea \u010d\u00edtam pr\u00e1ve v\u00a0nemeckom jazyku, potom sa venujem nie\u010domu tak\u00e9mu, ako je moja z\u00e1hrada, som ve\u013emi zru\u010dn\u00fd \u010dlovek, tak\u017ee ja sa sna\u017e\u00edm v\u017edy aj nie\u010do vyr\u00e1ba\u0165, \u010di u\u017e na z\u00e1hrade nie\u010do majstrova\u0165, alebo vyr\u00e1bam r\u00f4zne predmety, ktor\u00fdmi potom obdar\u00favam kolegov.<\/li>\n<\/ul>\n<p>&nbsp;<\/p>\n<p><strong>A\u00a0na z\u00e1ver: 3 \u017eelania<\/strong><\/p>\n<ul>\n<li>\u017del\u00e1m si vynikaj\u00facich \u0161tudentov, aby na\u0161a \u0161kola vyzerala pekne a\u00a0tretie \u017eelanie, aby spolo\u010dnos\u0165 na n\u00e1s myslela, aby sme neboli na jej chvoste, ale aby si uvedomovala, \u017ee bez n\u00e1s by to vzdelanie nemala.<\/li>\n<\/ul>\n<p>&nbsp;<\/p>\n<p>&nbsp;<\/p>\n<p>\u010eakujem za rozhovor.<\/p>\n<p>#Nikolas Prejsa<\/p>\n","protected":false},"excerpt":{"rendered":"<p>Mil\u00ed \u010ditatelia! Tentoraz sme si posvietili na pani profesorku Mgr. Kl\u00e1ru Opr\u0161alov\u00fa, ktor\u00e1 na na\u0161ej \u0161kole u\u010d\u00ed nemeck\u00fd jazyk. Prin\u00e1\u0161ame V\u00e1m interview, v\u00a0ktorom sa o\u00a0nej zaru\u010dene dozviete nie\u010do nov\u00e9! \u00a0&hellip;<\/p>\n","protected":false},"author":2,"featured_media":0,"comment_status":"open","ping_status":"open","sticky":false,"template":"","format":"standard","meta":{"footnotes":""},"categories":[17],"tags":[],"_links":{"self":[{"href":"https:\/\/noa.bart.sk\/index.php\/wp-json\/wp\/v2\/posts\/758"}],"collection":[{"href":"https:\/\/noa.bart.sk\/index.php\/wp-json\/wp\/v2\/posts"}],"about":[{"href":"https:\/\/noa.bart.sk\/index.php\/wp-json\/wp\/v2\/types\/post"}],"author":[{"embeddable":true,"href":"https:\/\/noa.bart.sk\/index.php\/wp-json\/wp\/v2\/users\/2"}],"replies":[{"embeddable":true,"href":"https:\/\/noa.bart.sk\/index.php\/wp-json\/wp\/v2\/comments?post=758"}],"version-history":[{"count":2,"href":"https:\/\/noa.bart.sk\/index.php\/wp-json\/wp\/v2\/posts\/758\/revisions"}],"predecessor-version":[{"id":761,"href":"https:\/\/noa.bart.sk\/index.php\/wp-json\/wp\/v2\/posts\/758\/revisions\/761"}],"wp:attachment":[{"href":"https:\/\/noa.bart.sk\/index.php\/wp-json\/wp\/v2\/media?parent=758"}],"wp:term":[{"taxonomy":"category","embeddable":true,"href":"https:\/\/noa.bart.sk\/index.php\/wp-json\/wp\/v2\/categories?post=758"},{"taxonomy":"post_tag","embeddable":true,"href":"https:\/\/noa.bart.sk\/index.php\/wp-json\/wp\/v2\/tags?post=758"}],"curies":[{"name":"wp","href":"https:\/\/api.w.org\/{rel}","templated":true}]}}