{"id":755,"date":"2017-05-09T17:38:45","date_gmt":"2017-05-09T15:38:45","guid":{"rendered":"http:\/\/noa.bart.sk\/?p=755"},"modified":"2017-05-09T17:38:45","modified_gmt":"2017-05-09T15:38:45","slug":"fantazia","status":"publish","type":"post","link":"https:\/\/noa.bart.sk\/index.php\/2017\/05\/09\/fantazia\/","title":{"rendered":"Fant\u00e1zia"},"content":{"rendered":"<p>Svet pln\u00fd na\u0161ich rozli\u010dn\u00fdch predst\u00e1v, rozmanit\u00fdch t\u00fa\u017eob, \u0161ialen\u00fdch snov a\u00a0zamotan\u00fdch my\u0161lienok. To v\u0161etko a\u00a0e\u0161te viac tvor\u00ed t\u00fa roz\u013eahl\u00fa ledabolo utkan\u00fa pavu\u010dinu s\u00eddliacu hlboko v\u00a0na\u0161ich hlav\u00e1ch, fant\u00e1ziu.<!--more--><\/p>\n<p>Vyu\u017e\u00edvame ju neust\u00e1le, v\u00a0mnoh\u00fdch pr\u00edpadoch si to ani neuvedomujeme. Je v\u0161ak pravda, \u017ee nie ka\u017ed\u00fd z\u00a0n\u00e1s ju nam\u00e1ha rovnako.<\/p>\n<p>Pou\u017e\u00edvame ju napr\u00edklad pri \u010d\u00edtan\u00ed kn\u00edh, v\u00a0ktor\u00fdch niet obr\u00e1zkov, aby sme si \u010do naj\u017eiv\u0161ie vykreslili podoby post\u00e1v, \u010di r\u00f4zne miesta, na ktor\u00fdch sa dej odohr\u00e1va. Takisto ju vyu\u017e\u00edvame pri ma\u013eovan\u00ed, modelovan\u00ed, tancovan\u00ed, p\u00edsan\u00ed, tvoren\u00ed hudby\u00a0 a\u00a0v\u00a0nespo\u010detnom mno\u017estve \u010fal\u0161\u00edch aktiv\u00edt, pri ktor\u00fdch vykon\u00e1van\u00ed\u00a0 je nevyhnutn\u00e1 kreativita.<\/p>\n<p>Bez fant\u00e1zie by bolo v\u0161etko navlas rovnak\u00e9 a\u00a0ponur\u00e9. T\u00e1 \u00fachvatn\u00e1 d\u00faha by sa nav\u017edy vytratili z\u00a0\u013eudsk\u00e9ho povedomia, zanech\u00e1vaj\u00fac n\u00e1s t\u00e1pa\u0165 v\u00a0\u010diernobielom svete bez ak\u00e9hoko\u013evek n\u00e1znaku farby. Popravde si takto ani nedok\u00e1\u017eem n\u00e1\u0161 svet predstavi\u0165, nehovoriac o\u00a0tom, \u017ee bez fant\u00e1zie by \u013eudia bezpochyby stratili t\u00fa vz\u00e1cnu schopnos\u0165 \u2013 predstavi\u0165 si \u010doko\u013evek.<\/p>\n<p>Nechcem t\u00fdm ani pri najmen\u0161om nazna\u010di\u0165, \u017ee by sme mali neust\u00e1le uteka\u0165 pred realitou do vlastn\u00e9ho podvedomia, nepriestreln\u00e9ho \u0161t\u00edtu, ktor\u00fd n\u00e1s m\u00e1 pred \u0148ou \u00fadajne ochr\u00e1ni\u0165. Nie, len si mysl\u00edm, \u017ee fant\u00e1zia prin\u00e1\u0161a do n\u00e1\u0161ho \u017eivota \u0161irok\u00e9 spektrum farieb, a\u00a0pr\u00e1ve t\u00e1to pestros\u0165 n\u00e1s rob\u00ed \u0161\u0165astn\u00fdmi, \u010di k\u00a0na\u0161ej radosti s\u010dasti dozaista prispieva.<\/p>\n<p>Ja sa v\u0161ak takto nesmierne rada aspo\u0148 chv\u00ed\u013ekovo vz\u010fa\u013eujem od ne\u00faprosnej skuto\u010dnosti. Nie je ve\u013ea \u013eud\u00ed, ktor\u00ed ma skuto\u010dne dok\u00e1\u017eu pochopi\u0165, a\u00a0preto je myse\u013e \u010dasto moj\u00edm jedin\u00fdm \u00fato\u010diskom. V\u00a0mojich neut\u00edchaj\u00facich my\u0161lienkach som nato\u013eko spoznala sam\u00fa seba a\u00a0analyzovala to\u013eko r\u00f4znych probl\u00e9mov, no aj \u00fapln\u00e9 mali\u010dkosti, nad ktor\u00fdmi sa v\u00e4\u010d\u0161ina \u013eud\u00ed ani nepozastav\u00ed.<\/p>\n<p>Dospela som k\u00a0mnoh\u00fdm z\u00e1verom, aj v\u010faka tro\u0161ke fant\u00e1zie, no najm\u00e4 v\u010faka rodine a\u00a0t\u00fdm p\u00e1r skuto\u010dn\u00fdm priate\u013eom, ktor\u00fdch m\u00e1m. Podporuj\u00fa ma, ber\u00fa ma tak\u00fa ak\u00e1 som \u2013 z\u00e1dum\u010div\u00e1 melancholi\u010dka, \u010di mo\u017eno poveda\u0165 i\u00a0tak\u00e1 Alica v\u00a0krajine z\u00e1zrakov.<\/p>\n<p>Na fant\u00e1zii je naj\u00fa\u017easnej\u0161ie to, \u017ee nem\u00e1 hran\u00edc. Je nekone\u010dn\u00e1, nesp\u00fatan\u00e1, nedefinovate\u013en\u00e1, r\u00f4znorod\u00e1, zauj\u00edmav\u00e1 a\u00a0predov\u0161etk\u00fdm nikdy neut\u00edchaj\u00faca. V\u017edy tu bola a\u00a0je ist\u00e9, \u017ee pokia\u013e si budeme jej \u010daro v\u00e1\u017ei\u0165, tak zostane i\u00a0na\u010falej v\u0161adepr\u00edtomn\u00e1.<\/p>\n<p>&nbsp;<\/p>\n<p>Zuzana<\/p>\n","protected":false},"excerpt":{"rendered":"<p>Svet pln\u00fd na\u0161ich rozli\u010dn\u00fdch predst\u00e1v, rozmanit\u00fdch t\u00fa\u017eob, \u0161ialen\u00fdch snov a\u00a0zamotan\u00fdch my\u0161lienok. To v\u0161etko a\u00a0e\u0161te viac tvor\u00ed t\u00fa roz\u013eahl\u00fa ledabolo utkan\u00fa pavu\u010dinu s\u00eddliacu hlboko v\u00a0na\u0161ich hlav\u00e1ch, fant\u00e1ziu.<\/p>\n","protected":false},"author":2,"featured_media":0,"comment_status":"open","ping_status":"open","sticky":false,"template":"","format":"standard","meta":{"footnotes":""},"categories":[19],"tags":[],"_links":{"self":[{"href":"https:\/\/noa.bart.sk\/index.php\/wp-json\/wp\/v2\/posts\/755"}],"collection":[{"href":"https:\/\/noa.bart.sk\/index.php\/wp-json\/wp\/v2\/posts"}],"about":[{"href":"https:\/\/noa.bart.sk\/index.php\/wp-json\/wp\/v2\/types\/post"}],"author":[{"embeddable":true,"href":"https:\/\/noa.bart.sk\/index.php\/wp-json\/wp\/v2\/users\/2"}],"replies":[{"embeddable":true,"href":"https:\/\/noa.bart.sk\/index.php\/wp-json\/wp\/v2\/comments?post=755"}],"version-history":[{"count":1,"href":"https:\/\/noa.bart.sk\/index.php\/wp-json\/wp\/v2\/posts\/755\/revisions"}],"predecessor-version":[{"id":756,"href":"https:\/\/noa.bart.sk\/index.php\/wp-json\/wp\/v2\/posts\/755\/revisions\/756"}],"wp:attachment":[{"href":"https:\/\/noa.bart.sk\/index.php\/wp-json\/wp\/v2\/media?parent=755"}],"wp:term":[{"taxonomy":"category","embeddable":true,"href":"https:\/\/noa.bart.sk\/index.php\/wp-json\/wp\/v2\/categories?post=755"},{"taxonomy":"post_tag","embeddable":true,"href":"https:\/\/noa.bart.sk\/index.php\/wp-json\/wp\/v2\/tags?post=755"}],"curies":[{"name":"wp","href":"https:\/\/api.w.org\/{rel}","templated":true}]}}