{"id":635,"date":"2017-01-17T16:58:25","date_gmt":"2017-01-17T14:58:25","guid":{"rendered":"http:\/\/noa.bart.sk\/?p=635"},"modified":"2017-01-17T16:58:50","modified_gmt":"2017-01-17T14:58:50","slug":"zimna-rozpravka","status":"publish","type":"post","link":"https:\/\/noa.bart.sk\/index.php\/2017\/01\/17\/zimna-rozpravka\/","title":{"rendered":"Zimn\u00e1 rozpr\u00e1vka"},"content":{"rendered":"<p>Krehk\u00e9 vlo\u010dky vetrom ladne tancuj\u00fa,<\/p>\n<p>mr\u00e1z pevne dr\u017e\u00ed ich zmyseln\u00fa tv\u00e1r,<\/p>\n<p>spo\u010d\u00edvaj\u00face na rukavici si ich zvedavo obzer\u00e1m,<\/p>\n<p>zatia\u013e \u010do sa str\u00e1caj\u00fa a\u00a0nov\u00e9 sa z\u00a0v\u00fd\u0161in vzn\u00e1\u0161aj\u00fa.<!--more--><\/p>\n<p>&nbsp;<\/p>\n<p>Poh\u013ead z\u00a0okna do zasne\u017eenej krajiny s\u0165a \u013eadov\u00e9ho kr\u00e1\u013eovstva,<\/p>\n<p>\u201ePokochaj sa&#8230;\u201c vlo\u010dky ticho \u0161epkaj\u00fa svoje ne\u017en\u00e9 tajomstv\u00e1.<\/p>\n<p>Spom\u00ednam na bezstarostn\u00e9 detsk\u00e9 \u010dasy,<\/p>\n<p>kedy som si u\u017e\u00edvala tejto nev\u00fdslovnej kr\u00e1sy.<\/p>\n<p>&nbsp;<\/p>\n<p>Zrak mi uchv\u00e1tila \u010drtaj\u00faca sa ru\u017ea,<\/p>\n<p>zroden\u00e1 z\u00a0\u0165ahov \u0161tetca zimn\u00e9ho umelca,<\/p>\n<p>ktor\u00fd predstavuje mraziv\u00e9ho mu\u017ea,<\/p>\n<p>jeho \u013eadov\u00e9 odtiene s\u00fa dielom palety znalca.<\/p>\n<p>&nbsp;<\/p>\n<p>Zimn\u00fdm radostiam sa \u013eudia odd\u00e1vaj\u00fa,<\/p>\n<p>hor\u00facu \u010dokol\u00e1du v\u00a0teple domova pop\u00edjaj\u00fa.<\/p>\n<p>Kor\u010du\u013eovanie a\u00a0ly\u017eovanie zahreje svaly,<\/p>\n<p>preplnen\u00e9 b\u00fdvaj\u00fa touto dobou klzisk\u00e1 i\u00a0svahy.<\/p>\n<p>&nbsp;<\/p>\n<p>Pre ka\u017ed\u00e9ho toto \u010darovn\u00e9 obdobie nie\u010do skr\u00fdva,<\/p>\n<p>sta\u010d\u00ed zatvori\u0165 o\u010di a\u00a0c\u00edti\u0165 na vlastnej ko\u017ei jeho k\u00fazlo,<\/p>\n<p>s\u0165a Mr\u00e1zikovo magick\u00e9 \u017eezlo,<\/p>\n<p>ktor\u00e9 neskuto\u010dnou mocou opl\u00fdva.<\/p>\n<p>&nbsp;<\/p>\n<p>Zuzana<\/p>\n","protected":false},"excerpt":{"rendered":"<p>Krehk\u00e9 vlo\u010dky vetrom ladne tancuj\u00fa, mr\u00e1z pevne dr\u017e\u00ed ich zmyseln\u00fa tv\u00e1r, spo\u010d\u00edvaj\u00face na rukavici si ich zvedavo obzer\u00e1m, zatia\u013e \u010do sa str\u00e1caj\u00fa a\u00a0nov\u00e9 sa z\u00a0v\u00fd\u0161in vzn\u00e1\u0161aj\u00fa.<\/p>\n","protected":false},"author":2,"featured_media":0,"comment_status":"open","ping_status":"open","sticky":false,"template":"","format":"standard","meta":{"footnotes":""},"categories":[19],"tags":[],"_links":{"self":[{"href":"https:\/\/noa.bart.sk\/index.php\/wp-json\/wp\/v2\/posts\/635"}],"collection":[{"href":"https:\/\/noa.bart.sk\/index.php\/wp-json\/wp\/v2\/posts"}],"about":[{"href":"https:\/\/noa.bart.sk\/index.php\/wp-json\/wp\/v2\/types\/post"}],"author":[{"embeddable":true,"href":"https:\/\/noa.bart.sk\/index.php\/wp-json\/wp\/v2\/users\/2"}],"replies":[{"embeddable":true,"href":"https:\/\/noa.bart.sk\/index.php\/wp-json\/wp\/v2\/comments?post=635"}],"version-history":[{"count":2,"href":"https:\/\/noa.bart.sk\/index.php\/wp-json\/wp\/v2\/posts\/635\/revisions"}],"predecessor-version":[{"id":637,"href":"https:\/\/noa.bart.sk\/index.php\/wp-json\/wp\/v2\/posts\/635\/revisions\/637"}],"wp:attachment":[{"href":"https:\/\/noa.bart.sk\/index.php\/wp-json\/wp\/v2\/media?parent=635"}],"wp:term":[{"taxonomy":"category","embeddable":true,"href":"https:\/\/noa.bart.sk\/index.php\/wp-json\/wp\/v2\/categories?post=635"},{"taxonomy":"post_tag","embeddable":true,"href":"https:\/\/noa.bart.sk\/index.php\/wp-json\/wp\/v2\/tags?post=635"}],"curies":[{"name":"wp","href":"https:\/\/api.w.org\/{rel}","templated":true}]}}