{"id":629,"date":"2016-12-16T18:54:39","date_gmt":"2016-12-16T16:54:39","guid":{"rendered":"http:\/\/noa.bart.sk\/?p=629"},"modified":"2016-12-16T18:54:39","modified_gmt":"2016-12-16T16:54:39","slug":"olympiada-vo-francuzskom-jazyku","status":"publish","type":"post","link":"https:\/\/noa.bart.sk\/index.php\/2016\/12\/16\/olympiada-vo-francuzskom-jazyku\/","title":{"rendered":"Olympi\u00e1da vo franc\u00fazskom jazyku"},"content":{"rendered":"<p>D\u0148a 13. decembra 2016, sa na na\u0161ej Obchodnej akad\u00e9mii uskuto\u010dnilo \u0161kolsk\u00e9 kolo olympi\u00e1dy vo franc\u00fazskom jazyku. Pod odborn\u00fdm veden\u00edm profesorky Benkovej \u0160imonovej a\u00a0profesora Luk\u00e1\u010da sa na v\u00a0porad\u00ed 26. ro\u010dn\u00edku z\u00fa\u010dastnilo 9 \u017eiakov.<!--more--><\/p>\n<p>V\u00a0kateg\u00f3rii 2A, ktor\u00e1 bola venovan\u00e1 \u017eiakom, ktor\u00ed sa u\u010dia franc\u00fazsky jazyk 1 a\u017e 2 roky, s\u00faperili o\u00a0v\u00ed\u0165azstvo dve s\u00fa\u0165a\u017eiace. Prvenstvo v\u00a0tejto kateg\u00f3rii z\u00edskala Laura Gazdagov\u00e1 z\u00a0II.B pred Evou Slopovskou z\u00a0tej istej triedy. Kateg\u00f3ria 2B, ktor\u00e1 patrila \u017eiakom tret\u00edch a\u00a0\u0161tvrt\u00fdch ro\u010dn\u00edkov, pril\u00e1kala siedmich s\u00fa\u0165a\u017eiacich. \u00a0Prvenstvo z\u00edskala Nikola Rzepielov\u00e1 zo\u00a0IV.E. Druh\u00e9 a\u00a0tretie miesto obsadili Nicol Voj\u010d\u00edkov\u00e1 a\u00a0Emma P\u010dolov\u00e1 (obe zo IV.E). V\u0161etk\u00fdm \u017eiakom \u010fakujeme za \u00fa\u010das\u0165 a\u00a0v\u00ed\u0165azom blaho\u017eel\u00e1me.<\/p>\n<p>&nbsp;<\/p>\n<p>Kateg\u00f3ria 2A<\/p>\n<ol>\n<li>miesto: Laura Gazdagov\u00e1 II.B<\/li>\n<li>miesto: Eva Slopovsk\u00e1 II.B<\/li>\n<\/ol>\n<p>&nbsp;<\/p>\n<p>Kateg\u00f3ria 2B<\/p>\n<p>1.miesto: Nikola Rzepielov\u00e1\u00a0\u00a0\u00a0\u00a0\u00a0\u00a0\u00a0\u00a0\u00a0\u00a0\u00a0\u00a0\u00a0 IV.E<\/p>\n<p>2.miesto: Nicol Voj\u010d\u00edkov\u00e1\u00a0\u00a0\u00a0\u00a0\u00a0\u00a0\u00a0\u00a0\u00a0\u00a0\u00a0\u00a0\u00a0\u00a0\u00a0\u00a0 IV.E<\/p>\n<p>3.miesto: Emma P\u010dolov\u00e1\u00a0\u00a0\u00a0\u00a0\u00a0\u00a0\u00a0\u00a0\u00a0\u00a0\u00a0\u00a0\u00a0\u00a0\u00a0\u00a0\u00a0\u00a0 IV.E<\/p>\n<p>&nbsp;<\/p>\n","protected":false},"excerpt":{"rendered":"<p>D\u0148a 13. decembra 2016, sa na na\u0161ej Obchodnej akad\u00e9mii uskuto\u010dnilo \u0161kolsk\u00e9 kolo olympi\u00e1dy vo franc\u00fazskom jazyku. Pod odborn\u00fdm veden\u00edm profesorky Benkovej \u0160imonovej a\u00a0profesora Luk\u00e1\u010da sa na v\u00a0porad\u00ed 26. ro\u010dn\u00edku z\u00fa\u010dastnilo&hellip;<\/p>\n","protected":false},"author":2,"featured_media":0,"comment_status":"open","ping_status":"open","sticky":false,"template":"","format":"standard","meta":{"footnotes":""},"categories":[1],"tags":[],"_links":{"self":[{"href":"https:\/\/noa.bart.sk\/index.php\/wp-json\/wp\/v2\/posts\/629"}],"collection":[{"href":"https:\/\/noa.bart.sk\/index.php\/wp-json\/wp\/v2\/posts"}],"about":[{"href":"https:\/\/noa.bart.sk\/index.php\/wp-json\/wp\/v2\/types\/post"}],"author":[{"embeddable":true,"href":"https:\/\/noa.bart.sk\/index.php\/wp-json\/wp\/v2\/users\/2"}],"replies":[{"embeddable":true,"href":"https:\/\/noa.bart.sk\/index.php\/wp-json\/wp\/v2\/comments?post=629"}],"version-history":[{"count":1,"href":"https:\/\/noa.bart.sk\/index.php\/wp-json\/wp\/v2\/posts\/629\/revisions"}],"predecessor-version":[{"id":630,"href":"https:\/\/noa.bart.sk\/index.php\/wp-json\/wp\/v2\/posts\/629\/revisions\/630"}],"wp:attachment":[{"href":"https:\/\/noa.bart.sk\/index.php\/wp-json\/wp\/v2\/media?parent=629"}],"wp:term":[{"taxonomy":"category","embeddable":true,"href":"https:\/\/noa.bart.sk\/index.php\/wp-json\/wp\/v2\/categories?post=629"},{"taxonomy":"post_tag","embeddable":true,"href":"https:\/\/noa.bart.sk\/index.php\/wp-json\/wp\/v2\/tags?post=629"}],"curies":[{"name":"wp","href":"https:\/\/api.w.org\/{rel}","templated":true}]}}