{"id":578,"date":"2016-11-30T19:03:14","date_gmt":"2016-11-30T17:03:14","guid":{"rendered":"http:\/\/noa.bart.sk\/?p=578"},"modified":"2016-11-30T19:04:31","modified_gmt":"2016-11-30T17:04:31","slug":"rozhovor-s-mgr-ravi-kant-bhutanim","status":"publish","type":"post","link":"https:\/\/noa.bart.sk\/index.php\/2016\/11\/30\/rozhovor-s-mgr-ravi-kant-bhutanim\/","title":{"rendered":"Rozhovor s Mgr. Ravi Kant Bhutanim"},"content":{"rendered":"<p><img loading=\"lazy\" decoding=\"async\" class=\"wp-image-576 alignleft\" src=\"https:\/\/noa.bart.sk\/wp-content\/uploads\/photo-3755-200x300.jpg\" alt=\"photo-3755\" width=\"163\" height=\"245\" srcset=\"https:\/\/noa.bart.sk\/wp-content\/uploads\/photo-3755-200x300.jpg 200w, https:\/\/noa.bart.sk\/wp-content\/uploads\/photo-3755-53x80.jpg 53w, https:\/\/noa.bart.sk\/wp-content\/uploads\/photo-3755-768x1152.jpg 768w, https:\/\/noa.bart.sk\/wp-content\/uploads\/photo-3755-683x1024.jpg 683w\" sizes=\"(max-width: 163px) 100vw, 163px\" \/>Som nesmierne rada, \u017ee V\u00e1m m\u00f4\u017eem predstavi\u0165 jedn\u00e9ho z\u00a0na\u0161ich najlep\u0161\u00edch a\u00a0najv\u00fdnimo\u010dnej\u0161\u00edch u\u010dite\u013eov anglickej konverz\u00e1cie, Mgr. Ravi Kant Bhutaniho. M\u00e1te pr\u00edle\u017eitos\u0165 dozvedie\u0165 sa ve\u013ea zauj\u00edmav\u00fdch a\u00a0skvel\u00fdch faktov o\u00a0tomto jedine\u010dnom u\u010dite\u013eovi, s\u00a0ktor\u00fdm sa sem-tam m\u00ed\u0148ate na chodb\u00e1ch a\u00a0h\u013ead\u00edte na\u0148ho s\u00a0\u010d\u00edrou zvedavos\u0165ou.<\/p>\n<p>&nbsp;<\/p>\n<ol>\n<li>Mohli by ste n\u00e1m poveda\u0165 nie\u010do viac o svojom p\u00f4vode?<br \/>\n<em>Narodil som sa v Dill\u00ed, najv\u00e4\u010d\u0161om meste Indie.<\/em><\/li>\n<\/ol>\n<p><!--more--><\/p>\n<p>&nbsp;<\/p>\n<ol start=\"2\">\n<li>Kedy a pre\u010do ste sa rozhodli pres\u0165ahova\u0165 na Slovensko?<br \/>\n<em>Ke\u010f moja \u017eena, roden\u00e1 Slovenka, prijala moju \u017eiados\u0165 o ruku, tak sme sa rozhodli \u017ei\u0165 spolo\u010dne v Indii. Aj sme tak urobili, len\u017ee moja \u017eena nedobre zn\u00e1\u0161ala prihor\u00face let\u00e1 v Dill\u00ed, a teda sa na leto vracala na Slovensko a tr\u00e1vila ho vo svojom rodisku. Pri\u0161iel som na Slovensko, aby som sa stretol s jej rodinou a vzal ju nasp\u00e4\u0165 domov, do Indie. Pr\u00e1ve jedn\u00e9ho tak\u00e9ho d\u0148a sme sa \u00a0rozhodli, \u017ee obaja zostaneme spolo\u010dne b\u00fdva\u0165 \u00a0na Slovensku.<\/em><\/li>\n<\/ol>\n<p>&nbsp;<\/p>\n<p>&nbsp;<\/p>\n<ol start=\"3\">\n<li>\u010co milujete na Slovensku?<br \/>\n<em>Na Slovensku milujem jeho kr\u00e1snu rozmanit\u00fa pr\u00edrodu.<\/em><\/li>\n<\/ol>\n<p>&nbsp;<\/p>\n<ol start=\"4\">\n<li>Ch\u00fdba V\u00e1m niekedy India, ak \u00e1no pre\u010do?<br \/>\n<em> Najm\u00e4 kv\u00f4li priate\u013eom a rodine, za ktor\u00fdmi sa mi cnie.<\/em><\/li>\n<\/ol>\n<p><em>\u00a0<\/em><\/p>\n<p><em>\u00a0<\/em><\/p>\n<ol start=\"5\">\n<li>Ko\u013ek\u00fdmi jazykmi viete plynulo hovori\u0165?<br \/>\n<em>Okrem hind\u010diny, jedn\u00e9ho z\u00a0\u00faradn\u00fdch jazykov Indie a z\u00e1rove\u0148 piateho najroz\u0161\u00edrenej\u0161ieho jazyka na celom svete, ovl\u00e1dam e\u0161te pand\u017e\u00e1b\u010dinu, starobylej\u0161\u00ed jazyk, ktor\u00fd je v\u0161ak v Indii \u010dasto pou\u017e\u00edvan\u00fd, tie\u017e nezvy\u010dajne zn\u00e1my medzi indoeur\u00f3pskymi jazykmi ako t\u00f3nov\u00fd jazyk, a pochopite\u013ene hovor\u00edm i po anglicky a slovensky.<\/em><\/li>\n<\/ol>\n<p><em>\u00a0<\/em><\/p>\n<ol start=\"6\">\n<li>V\u017edy ste sa chceli sta\u0165 u\u010dite\u013eom, ak nie ak\u00e9 bolo Va\u0161e vysn\u00edvan\u00e9 povolenie v detstve?<br \/>\n<em>\u201e\u010co chce\u0161 by\u0165, ke\u010f vyrastie\u0161?\u201d sp\u00fdtal sa ma m\u00f4j brat, ke\u010f som bol mal\u00fd. <\/em><\/li>\n<\/ol>\n<p><em>\u201eOtcom,\u201c odpovedal som mu.<\/em><\/p>\n<p><em>\u00a0<\/em><\/p>\n<ol start=\"7\">\n<li>Bav\u00ed V\u00e1s pracova\u0165 s t\u00edned\u017eermi?<br \/>\n<em>\u00c1no, pod\u013ea m\u0148a s\u00fa t\u00edned\u017eeri najlep\u0161ou vekovou skupinou na spolupr\u00e1cu .<\/em><\/li>\n<\/ol>\n<p><em>\u00a0<\/em><\/p>\n<ol start=\"8\">\n<li>Ak\u00e9 boli Va\u0161e ob\u013e\u00faben\u00e9 predmety na z\u00e1kladnej a\u00a0strednej \u0161kole?<\/li>\n<\/ol>\n<p><em>Mal som ve\u013emi r\u00e1d matematiku, angli\u010dtinu, \u00fa\u010dtovn\u00edctvo a\u00a0ekonomiku.<\/em><\/p>\n<p><em>\u00a0<\/em><\/p>\n<ol start=\"9\">\n<li>Boli ste dobr\u00fdm \u0161tudentom?<br \/>\n<em>\u00c1no, bol som slu\u0161n\u00fd, \u00faprimn\u00fd a\u00a0v\u017edy som mal dobr\u00e9 zn\u00e1mky.<\/em><\/li>\n<\/ol>\n<p>&nbsp;<\/p>\n<ol start=\"10\">\n<li>M\u00e1te nejak\u00e9 kon\u00ed\u010dky?<\/li>\n<\/ol>\n<p><em>\u00c1no, venujem sa v\u00fdhradne medit\u00e1cii.<\/em><\/p>\n<p><em>\u00a0<\/em><\/p>\n<ol start=\"11\">\n<li>M\u00e1te nejak\u00fa ob\u013e\u00faben\u00fa knihu?<br \/>\n<em>M\u00e1m r\u00e1d Advent od Gregoire de Kalbermatten.\u00a0<\/em><\/li>\n<\/ol>\n<p><em>\u00a0<\/em><\/p>\n<ol start=\"12\">\n<li>Urobili ste niekedy nie\u010do uleten\u00e9?<br \/>\n<em>Nie som si \u00faplne ist\u00fd, ale ve\u013eakr\u00e1t som svojim \u0161tudentom na mojich hodin\u00e1ch dal za \u00falohu robi\u0165 bl\u00e1zniv\u00e9 veci.<\/em><\/li>\n<\/ol>\n<p><em>\u00a0<\/em><\/p>\n<p><em>\u00a0<\/em><\/p>\n<ol start=\"13\">\n<li>Ak\u00e1 je Va\u0161a \u017eivotn\u00e1 filozofia?<br \/>\n<em>Vedie\u0165 odpusti\u0165\u00a0 sebe a\u00a0odp\u00fa\u0161\u0165a\u0165 druh\u00fdm.<\/em><\/li>\n<\/ol>\n<p><em>\u00a0<\/em><\/p>\n<ol start=\"14\">\n<li>M\u00e1te nejak\u00fd odkaz alebo radu, ktor\u00fa by ste r\u00e1d odovzdali na\u0161im \u0161tudentom?<\/li>\n<\/ol>\n<p>&nbsp;<\/p>\n<p>\u010eakujem za V\u00e1\u0161 rozhovor a \u010das. Naozaj m\u00f4\u017eem potvrdi\u0165, \u017ee sme sa \u010dasto na hodin\u00e1ch venovali zvl\u00e1\u0161tnym a\u00a0\u0161ialen\u00fdm aktivit\u00e1m, ktor\u00e9 v\u0161ak boli z\u00e1bavn\u00e9, nesmierne n\u00e1u\u010dn\u00e9 a\u00a0nikdy na tieto plnohodnotn\u00e9 chv\u00edle ani na V\u00e1s nezabudnem. Ur\u010dite sk\u00fasim aj medit\u00e1ciu. J<\/p>\n<p>Zuzana<\/p>\n","protected":false},"excerpt":{"rendered":"<p>Som nesmierne rada, \u017ee V\u00e1m m\u00f4\u017eem predstavi\u0165 jedn\u00e9ho z\u00a0na\u0161ich najlep\u0161\u00edch a\u00a0najv\u00fdnimo\u010dnej\u0161\u00edch u\u010dite\u013eov anglickej konverz\u00e1cie, Mgr. Ravi Kant Bhutaniho. M\u00e1te pr\u00edle\u017eitos\u0165 dozvedie\u0165 sa ve\u013ea zauj\u00edmav\u00fdch a\u00a0skvel\u00fdch faktov o\u00a0tomto jedine\u010dnom u\u010dite\u013eovi, s\u00a0ktor\u00fdm&hellip;<\/p>\n","protected":false},"author":2,"featured_media":0,"comment_status":"open","ping_status":"open","sticky":false,"template":"","format":"standard","meta":{"footnotes":""},"categories":[17],"tags":[],"_links":{"self":[{"href":"https:\/\/noa.bart.sk\/index.php\/wp-json\/wp\/v2\/posts\/578"}],"collection":[{"href":"https:\/\/noa.bart.sk\/index.php\/wp-json\/wp\/v2\/posts"}],"about":[{"href":"https:\/\/noa.bart.sk\/index.php\/wp-json\/wp\/v2\/types\/post"}],"author":[{"embeddable":true,"href":"https:\/\/noa.bart.sk\/index.php\/wp-json\/wp\/v2\/users\/2"}],"replies":[{"embeddable":true,"href":"https:\/\/noa.bart.sk\/index.php\/wp-json\/wp\/v2\/comments?post=578"}],"version-history":[{"count":3,"href":"https:\/\/noa.bart.sk\/index.php\/wp-json\/wp\/v2\/posts\/578\/revisions"}],"predecessor-version":[{"id":581,"href":"https:\/\/noa.bart.sk\/index.php\/wp-json\/wp\/v2\/posts\/578\/revisions\/581"}],"wp:attachment":[{"href":"https:\/\/noa.bart.sk\/index.php\/wp-json\/wp\/v2\/media?parent=578"}],"wp:term":[{"taxonomy":"category","embeddable":true,"href":"https:\/\/noa.bart.sk\/index.php\/wp-json\/wp\/v2\/categories?post=578"},{"taxonomy":"post_tag","embeddable":true,"href":"https:\/\/noa.bart.sk\/index.php\/wp-json\/wp\/v2\/tags?post=578"}],"curies":[{"name":"wp","href":"https:\/\/api.w.org\/{rel}","templated":true}]}}