{"id":507,"date":"2016-11-21T19:26:58","date_gmt":"2016-11-21T17:26:58","guid":{"rendered":"http:\/\/noa.bart.sk\/?p=507"},"modified":"2016-11-21T19:53:28","modified_gmt":"2016-11-21T17:53:28","slug":"1-b-trieda","status":"publish","type":"post","link":"https:\/\/noa.bart.sk\/index.php\/2016\/11\/21\/1-b-trieda\/","title":{"rendered":"1.B trieda"},"content":{"rendered":"<p><img loading=\"lazy\" decoding=\"async\" class=\"wp-image-520 alignleft\" src=\"https:\/\/noa.bart.sk\/wp-content\/uploads\/b-300x198.jpg\" alt=\"b\" width=\"229\" height=\"151\" srcset=\"https:\/\/noa.bart.sk\/wp-content\/uploads\/b-300x198.jpg 300w, https:\/\/noa.bart.sk\/wp-content\/uploads\/b-80x53.jpg 80w, https:\/\/noa.bart.sk\/wp-content\/uploads\/b-768x506.jpg 768w, https:\/\/noa.bart.sk\/wp-content\/uploads\/b.jpg 960w\" sizes=\"(max-width: 229px) 100vw, 229px\" \/>Za\u010dalo to prv\u00fdm pr\u00edchodom do materskej \u0161k\u00f4lky. Odl\u00fa\u010denia sa od rodi\u010dov a\u00a0za\u010diatkom budovania na\u0161ej bud\u00facnosti. Po rokoch str\u00e1ven\u00fdch na z\u00e1kladnej \u0161kole muselo pr\u00eds\u0165 rozhodnutie. \u010co bude \u010falej? V\u00fdber spr\u00e1vnej strednej \u0161koly. Poci\u0165ovali sme tie ist\u00e9 pocity ako pri n\u00e1stupe do \u0161k\u00f4lky. Nov\u00ed priatelia, u\u010ditelia a\u00a0nov\u00fd za\u010diatok n\u00e1\u0161ho \u201e\u0161kolsk\u00e9ho\u201c \u017eivota.<!--more--><\/p>\n<p>Na\u0161im cie\u013eom je zmaturova\u0165. Sme 1.B trieda v, ktorej nikdy nepanuje zl\u00e1 n\u00e1lada. Na za\u010diatku n\u00e1s bolo 26 \u017eiakov, 7 chlapcov a\u00a019 diev\u010dat. Nesk\u00f4r sa k\u00a0n\u00e1m pridal \u010fal\u0161\u00ed chlapec, ktor\u00e9ho sme si r\u00fdchlo ob\u013e\u00fabili. V\u00a0na\u0161ej triede m\u00e1me ve\u013ea \u0161portovcov, ako napr\u00edklad Mi\u0161o, Pa\u0165o, Dagmar, Veronika a\u00a0Lea. No Gabo si rad\u0161ej futbal pozrie v\u00a0telke. M\u00e1me v\u00e1\u0161niv\u00fdch sp\u00e1\u010dov Sofiu a\u00a0Sama ,ktor\u00fd svoju z\u00e1\u013eubu v\u00a0span\u00ed \u010dasto vykon\u00e1va aj v\u00a0\u0161kole. Najl\u00e1kavej\u0161ou z\u00e1\u013eubou, ak\u00fa m\u00e1 Nika, Bra\u0148o a\u00a0Laura, je pe\u010denie a\u00a0varenie. Umeleck\u00fdmi du\u0161ami na\u0161ej triedy s\u00fa klaviristi Lenka, Adam, Kaja a\u00a0gitaristka Sandra. Katka, Laura a\u00a0Jakub si rad\u0161ej sadn\u00fa ku stolu a\u00a0svoju z\u00e1\u013eubu premietnu do \u00fa\u017easn\u00e9ho obr\u00e1zka. P\u00edsanie pr\u00edbehov je z\u00e1\u013eubou Mi\u0161ky. V\u00a0triede m\u00e1me skautku Eriku, motork\u00e1rku Sofiu, folkloristku Andreu a\u00a0blon\u010fav\u00fa tane\u010dn\u00ed\u010dku hip &#8211; hopu Pe\u0165u. V\u00e1\u0161niv\u00fdmi cestovate\u013emi s\u00fa Pa\u0165o, Tami a Danka. \u0160\u0165astie na\u0161ej triede dod\u00e1va st\u00e1le vysmiata Stela. Na\u0161a trieda by nebola tak\u00e1, ak\u00e1 je bez na\u0161ej triednej pani profesorky Elenky Kravcovej, ktor\u00e1 sa sna\u017e\u00ed nau\u010di\u0165 v\u0161etko, \u010do vie a\u00a0chce n\u00e1s vies\u0165 t\u00fdm spr\u00e1vnym smerom.<\/p>\n<p>Ka\u017ed\u00fd sme v\u00a0nie\u010dom dobr\u00fd a\u00a0v\u00a0nie\u010dom zl\u00fd. No my sa sna\u017e\u00edme v\u00a0sebe vidie\u0165 len to dobr\u00e9, preto\u017ee: \u201eak \u010dloveka s\u00fadi\u0161, tak nem\u00e1\u0161 \u010das ho milova\u0165.\u201c<\/p>\n<p>&nbsp;<\/p>\n<p>&nbsp;<\/p>\n<p>&nbsp;<\/p>\n","protected":false},"excerpt":{"rendered":"<p>Za\u010dalo to prv\u00fdm pr\u00edchodom do materskej \u0161k\u00f4lky. Odl\u00fa\u010denia sa od rodi\u010dov a\u00a0za\u010diatkom budovania na\u0161ej bud\u00facnosti. Po rokoch str\u00e1ven\u00fdch na z\u00e1kladnej \u0161kole muselo pr\u00eds\u0165 rozhodnutie. \u010co bude \u010falej? V\u00fdber spr\u00e1vnej strednej&hellip;<\/p>\n","protected":false},"author":2,"featured_media":0,"comment_status":"open","ping_status":"open","sticky":false,"template":"","format":"standard","meta":{"footnotes":""},"categories":[18],"tags":[],"_links":{"self":[{"href":"https:\/\/noa.bart.sk\/index.php\/wp-json\/wp\/v2\/posts\/507"}],"collection":[{"href":"https:\/\/noa.bart.sk\/index.php\/wp-json\/wp\/v2\/posts"}],"about":[{"href":"https:\/\/noa.bart.sk\/index.php\/wp-json\/wp\/v2\/types\/post"}],"author":[{"embeddable":true,"href":"https:\/\/noa.bart.sk\/index.php\/wp-json\/wp\/v2\/users\/2"}],"replies":[{"embeddable":true,"href":"https:\/\/noa.bart.sk\/index.php\/wp-json\/wp\/v2\/comments?post=507"}],"version-history":[{"count":2,"href":"https:\/\/noa.bart.sk\/index.php\/wp-json\/wp\/v2\/posts\/507\/revisions"}],"predecessor-version":[{"id":521,"href":"https:\/\/noa.bart.sk\/index.php\/wp-json\/wp\/v2\/posts\/507\/revisions\/521"}],"wp:attachment":[{"href":"https:\/\/noa.bart.sk\/index.php\/wp-json\/wp\/v2\/media?parent=507"}],"wp:term":[{"taxonomy":"category","embeddable":true,"href":"https:\/\/noa.bart.sk\/index.php\/wp-json\/wp\/v2\/categories?post=507"},{"taxonomy":"post_tag","embeddable":true,"href":"https:\/\/noa.bart.sk\/index.php\/wp-json\/wp\/v2\/tags?post=507"}],"curies":[{"name":"wp","href":"https:\/\/api.w.org\/{rel}","templated":true}]}}