{"id":457,"date":"2016-10-27T22:14:50","date_gmt":"2016-10-27T20:14:50","guid":{"rendered":"http:\/\/noa.bart.sk\/?p=457"},"modified":"2016-11-01T11:36:06","modified_gmt":"2016-11-01T09:36:06","slug":"14-medzinarodny-veltrh-cvicnych-firiem-v-kosiciach","status":"publish","type":"post","link":"https:\/\/noa.bart.sk\/index.php\/2016\/10\/27\/14-medzinarodny-veltrh-cvicnych-firiem-v-kosiciach\/","title":{"rendered":"14. Medzin\u00e1rodn\u00fd ve\u013etrh cvi\u010dn\u00fdch firiem v Ko\u0161iciach"},"content":{"rendered":"<p><img loading=\"lazy\" decoding=\"async\" class=\"wp-image-470 alignright\" src=\"https:\/\/noa.bart.sk\/wp-content\/uploads\/v12-300x225.jpg\" alt=\"v12\" width=\"209\" height=\"157\" srcset=\"https:\/\/noa.bart.sk\/wp-content\/uploads\/v12-300x225.jpg 300w, https:\/\/noa.bart.sk\/wp-content\/uploads\/v12-80x60.jpg 80w, https:\/\/noa.bart.sk\/wp-content\/uploads\/v12-768x576.jpg 768w, https:\/\/noa.bart.sk\/wp-content\/uploads\/v12.jpg 960w\" sizes=\"(max-width: 209px) 100vw, 209px\" \/>V d\u0148och 19. &#8211; 20. okt\u00f3bra 2016 sa v priestoroch Spolo\u010densk\u00e9ho pavil\u00f3nu v Ko\u0161iciach konal u\u017e historicky 14. Medzin\u00e1rodn\u00fd ve\u013etrh cvi\u010dn\u00fdch firiem.<!--more--><\/p>\n<p>&nbsp;<\/p>\n<p><img loading=\"lazy\" decoding=\"async\" class=\"wp-image-465 alignleft\" src=\"https:\/\/noa.bart.sk\/wp-content\/uploads\/v7-300x225.jpg\" alt=\"v7\" width=\"203\" height=\"152\" srcset=\"https:\/\/noa.bart.sk\/wp-content\/uploads\/v7-300x225.jpg 300w, https:\/\/noa.bart.sk\/wp-content\/uploads\/v7-80x60.jpg 80w, https:\/\/noa.bart.sk\/wp-content\/uploads\/v7-768x576.jpg 768w, https:\/\/noa.bart.sk\/wp-content\/uploads\/v7.jpg 960w\" sizes=\"(max-width: 203px) 100vw, 203px\" \/>Za\u010dal sa v stredu 19.10. o 13:00 sl\u00e1vnostn\u00fdm otvoren\u00edm, kult\u00farnym programom<u>,<\/u> priv\u00edtan\u00edm host\u00ed \u00a0a\u00a0sponzorov. Program pokra\u010doval prehliadkou vystavuj\u00facich cvi\u010dn\u00fdch st\u00e1nkov a n\u00e1sledn\u00e9ho fikt\u00edvneho obchodovania.<\/p>\n<p>&nbsp;<\/p>\n<p>Vo \u0161tvrtok 20.10. o 8:00 sa br\u00e1ny ve\u013etrhu otvorili aj \u0161irokej verejnosti. O 14:00 bolo vyhodnotenie a vyhl\u00e1senie \u00a0najlep\u0161\u00edch st\u00e1nkov.<\/p>\n<p>Najlep\u0161ou cvi\u010dnou firmou sa stala cvi\u010dn\u00e1 firma z\u00a0OA Ro\u017e\u0148ava Penzi\u00f3n Podkova. <img loading=\"lazy\" decoding=\"async\" class=\"wp-image-466 alignright\" src=\"https:\/\/noa.bart.sk\/wp-content\/uploads\/v8-300x225.jpg\" alt=\"v8\" width=\"213\" height=\"160\" srcset=\"https:\/\/noa.bart.sk\/wp-content\/uploads\/v8-300x225.jpg 300w, https:\/\/noa.bart.sk\/wp-content\/uploads\/v8-80x60.jpg 80w, https:\/\/noa.bart.sk\/wp-content\/uploads\/v8-768x576.jpg 768w, https:\/\/noa.bart.sk\/wp-content\/uploads\/v8.jpg 960w\" sizes=\"(max-width: 213px) 100vw, 213px\" \/><\/p>\n<p>Na peknom 2.mieste \u00a0v kateg\u00f3rii Najkraj\u0161\u00ed st\u00e1nok sa umiestnili aj reprezentanti na\u0161ej \u0161koly s ich cvi\u010dnou firmou In-Energy s.r.o. a\u00a0v\u00a0kateg\u00f3rii Najlep\u0161ia elektronick\u00e1 prezent\u00e1cia firma D\u017eusko s.r.o. \u00a0Hanbu n\u00e1m neurobila ani cvi\u010dn\u00e1 firma Vod\u00e1rik <img loading=\"lazy\" decoding=\"async\" class=\"wp-image-458 alignleft\" src=\"https:\/\/noa.bart.sk\/wp-content\/uploads\/v-300x225.jpg\" alt=\"v\" width=\"216\" height=\"162\" srcset=\"https:\/\/noa.bart.sk\/wp-content\/uploads\/v-300x225.jpg 300w, https:\/\/noa.bart.sk\/wp-content\/uploads\/v-80x60.jpg 80w, https:\/\/noa.bart.sk\/wp-content\/uploads\/v-768x576.jpg 768w, https:\/\/noa.bart.sk\/wp-content\/uploads\/v.jpg 960w\" sizes=\"(max-width: 216px) 100vw, 216px\" \/>s.r.o, ktor\u00e1 skon\u010dila na tre\u0165om mieste v\u00a0kateg\u00f3rii Najkraj\u0161\u00ed st\u00e1nok a\u00a0rovnako sa umiestnila aj firma Bio-Svet s.r.o v\u00a0kateg\u00f3rii Najkraj\u0161\u00ed katal\u00f3g.<\/p>\n<p>Azda naj\u00faspe\u0161nej\u0161\u00edm reprezentantom na\u0161ej \u0161koly sa stal Michal Be\u010fa\u010d zo 4.C triedy reprezentuj\u00faci firmu SKALKO s.r.o, ktor\u00fd vyhral cenu Najlep\u0161\u00ed reprezentant cvi\u010dnej firmy. Srde\u010dne blaho\u017eel\u00e1me.<img loading=\"lazy\" decoding=\"async\" class=\"wp-image-468 alignright\" src=\"https:\/\/noa.bart.sk\/wp-content\/uploads\/v10-236x300.jpg\" alt=\"v10\" width=\"143\" height=\"182\" srcset=\"https:\/\/noa.bart.sk\/wp-content\/uploads\/v10-236x300.jpg 236w, https:\/\/noa.bart.sk\/wp-content\/uploads\/v10-63x80.jpg 63w, https:\/\/noa.bart.sk\/wp-content\/uploads\/v10.jpg 756w\" sizes=\"(max-width: 143px) 100vw, 143px\" \/><\/p>\n<p>&nbsp;<\/p>\n<p>Mysl\u00edm si, \u017ee 14. Medzin\u00e1rodn\u00fd ve\u013etrh cvi\u010dn\u00fdch firiem zaujal a priniesol n\u00e1m mnoho sk\u00fasenost\u00ed a\u00a0nov\u00fdch poznatkov. V\u0161etci sa te\u0161\u00edme na jubilejn\u00fd 15. ro\u010dn\u00edk.<\/p>\n<p>&nbsp;<\/p>\n<p>Ernest et al<\/p>\n","protected":false},"excerpt":{"rendered":"<p>V d\u0148och 19. &#8211; 20. okt\u00f3bra 2016 sa v priestoroch Spolo\u010densk\u00e9ho pavil\u00f3nu v Ko\u0161iciach konal u\u017e historicky 14. Medzin\u00e1rodn\u00fd ve\u013etrh cvi\u010dn\u00fdch firiem.<\/p>\n","protected":false},"author":2,"featured_media":0,"comment_status":"open","ping_status":"open","sticky":false,"template":"","format":"standard","meta":{"footnotes":""},"categories":[1,25],"tags":[],"_links":{"self":[{"href":"https:\/\/noa.bart.sk\/index.php\/wp-json\/wp\/v2\/posts\/457"}],"collection":[{"href":"https:\/\/noa.bart.sk\/index.php\/wp-json\/wp\/v2\/posts"}],"about":[{"href":"https:\/\/noa.bart.sk\/index.php\/wp-json\/wp\/v2\/types\/post"}],"author":[{"embeddable":true,"href":"https:\/\/noa.bart.sk\/index.php\/wp-json\/wp\/v2\/users\/2"}],"replies":[{"embeddable":true,"href":"https:\/\/noa.bart.sk\/index.php\/wp-json\/wp\/v2\/comments?post=457"}],"version-history":[{"count":2,"href":"https:\/\/noa.bart.sk\/index.php\/wp-json\/wp\/v2\/posts\/457\/revisions"}],"predecessor-version":[{"id":475,"href":"https:\/\/noa.bart.sk\/index.php\/wp-json\/wp\/v2\/posts\/457\/revisions\/475"}],"wp:attachment":[{"href":"https:\/\/noa.bart.sk\/index.php\/wp-json\/wp\/v2\/media?parent=457"}],"wp:term":[{"taxonomy":"category","embeddable":true,"href":"https:\/\/noa.bart.sk\/index.php\/wp-json\/wp\/v2\/categories?post=457"},{"taxonomy":"post_tag","embeddable":true,"href":"https:\/\/noa.bart.sk\/index.php\/wp-json\/wp\/v2\/tags?post=457"}],"curies":[{"name":"wp","href":"https:\/\/api.w.org\/{rel}","templated":true}]}}