{"id":433,"date":"2016-10-03T16:10:16","date_gmt":"2016-10-03T14:10:16","guid":{"rendered":"http:\/\/noa.bart.sk\/?p=433"},"modified":"2016-10-03T16:10:16","modified_gmt":"2016-10-03T14:10:16","slug":"caro-jesene","status":"publish","type":"post","link":"https:\/\/noa.bart.sk\/index.php\/2016\/10\/03\/caro-jesene\/","title":{"rendered":"\u010caro jesene"},"content":{"rendered":"<p>Leto u\u017e je za nami,<\/p>\n<p>teraz n\u00e1m jese\u0148 pestrofarebn\u00fdmi listami n\u00e1ladu roz\u017eiari.<\/p>\n<p>Ne\u017en\u00fdm v\u00e1nkom vietor pohlad\u00ed \u0165a,<\/p>\n<p>na tuh\u00fa zimu pomaly priprav\u00ed \u0165a.<\/p>\n<p>&nbsp;<\/p>\n<p>Jemn\u00e9 vl\u00e1sky starej panej,<\/p>\n<p>\u010di pav\u00fa\u010dia sie\u0165, ktor\u00fa babie leto pradie?<\/p>\n<p>Posledn\u00e9ho tepla sa m\u00f4\u017eeme naba\u017ei\u0165,<\/p>\n<p>i\u00a0o\u00a0pavu\u010dinku sem-tam zavadi\u0165.<\/p>\n<p>&nbsp;<\/p>\n<p>Jabl\u010dn\u00e9 sady pln\u00e9 \u0161\u0165avnat\u00fdch kyslo-sladk\u00fdch plodov,<\/p>\n<p>siln\u00e9 korene jablon\u00ed schov\u00e1vaj\u00facich sa pod pevnou p\u00f4dou.<\/p>\n<p>Deti tie kot\u00fa\u013eaj\u00face jab\u013a\u010dka s\u00a0rados\u0165ou nah\u00e1\u0148aj\u00fa,<\/p>\n<p>chutn\u00fdch darov sa ratolesti \u010dochv\u00ed\u013ea do\u010dkaj\u00fa.<\/p>\n<p>&nbsp;<\/p>\n<p>Pr\u00edroda sa na hlbok\u00fd sp\u00e1nok chyst\u00e1,<\/p>\n<p>kvety u\u017e skl\u00e1\u0148aj\u00fa svoje krehk\u00e9 hl\u00e1vky,<\/p>\n<p>vt\u00e1ctvo sa do tepl\u00fdch kraj\u00edn s\u0165ahuje,<\/p>\n<p>a\u00a0medve\u010f si vo vystlanom brl\u00f4\u017eku vylihuje.<\/p>\n<p>&nbsp;<\/p>\n<p>D\u00e1\u017e\u010f u\u017e z\u00a0oblohy sa bystro sp\u00fa\u0161\u0165a,<\/p>\n<p>tajomn\u00e1 hmla zrak zahal\u00ed n\u00e1m,<\/p>\n<p>zvonkohra sa s\u00a0vetrom bl\u00ed\u017ei,<\/p>\n<p>d\u00fafam, \u017ee n\u00e1m t\u00e1 smr\u0161\u0165 neubl\u00ed\u017ei.<\/p>\n<p>&nbsp;<\/p>\n<p>\u00dacta k\u00a0zosnul\u00fdm v\u00a0n\u00e1s tento pochm\u00farny \u010das splanie,<\/p>\n<p>ke\u010f chladn\u00fd vetr\u00edk n\u00e1s na cintor\u00edn zavanie.<\/p>\n<p>Spomienky na nich n\u00e1m v\u00edria v\u00a0mysli,<\/p>\n<p>ucti\u0165 sme si t\u00fdchto v\u00fdznamn\u00fdch \u013eud\u00ed pri\u0161li.<\/p>\n<p>&nbsp;<\/p>\n<p>Zuzana<\/p>\n","protected":false},"excerpt":{"rendered":"<p>Leto u\u017e je za nami, teraz n\u00e1m jese\u0148 pestrofarebn\u00fdmi listami n\u00e1ladu roz\u017eiari. Ne\u017en\u00fdm v\u00e1nkom vietor pohlad\u00ed \u0165a, na tuh\u00fa zimu pomaly priprav\u00ed \u0165a. &nbsp; Jemn\u00e9 vl\u00e1sky starej panej, \u010di pav\u00fa\u010dia&hellip;<\/p>\n","protected":false},"author":2,"featured_media":0,"comment_status":"open","ping_status":"open","sticky":false,"template":"","format":"standard","meta":{"footnotes":""},"categories":[19],"tags":[],"_links":{"self":[{"href":"https:\/\/noa.bart.sk\/index.php\/wp-json\/wp\/v2\/posts\/433"}],"collection":[{"href":"https:\/\/noa.bart.sk\/index.php\/wp-json\/wp\/v2\/posts"}],"about":[{"href":"https:\/\/noa.bart.sk\/index.php\/wp-json\/wp\/v2\/types\/post"}],"author":[{"embeddable":true,"href":"https:\/\/noa.bart.sk\/index.php\/wp-json\/wp\/v2\/users\/2"}],"replies":[{"embeddable":true,"href":"https:\/\/noa.bart.sk\/index.php\/wp-json\/wp\/v2\/comments?post=433"}],"version-history":[{"count":1,"href":"https:\/\/noa.bart.sk\/index.php\/wp-json\/wp\/v2\/posts\/433\/revisions"}],"predecessor-version":[{"id":434,"href":"https:\/\/noa.bart.sk\/index.php\/wp-json\/wp\/v2\/posts\/433\/revisions\/434"}],"wp:attachment":[{"href":"https:\/\/noa.bart.sk\/index.php\/wp-json\/wp\/v2\/media?parent=433"}],"wp:term":[{"taxonomy":"category","embeddable":true,"href":"https:\/\/noa.bart.sk\/index.php\/wp-json\/wp\/v2\/categories?post=433"},{"taxonomy":"post_tag","embeddable":true,"href":"https:\/\/noa.bart.sk\/index.php\/wp-json\/wp\/v2\/tags?post=433"}],"curies":[{"name":"wp","href":"https:\/\/api.w.org\/{rel}","templated":true}]}}