{"id":417,"date":"2016-09-26T17:21:23","date_gmt":"2016-09-26T15:21:23","guid":{"rendered":"http:\/\/noa.bart.sk\/?p=417"},"modified":"2016-09-27T17:10:48","modified_gmt":"2016-09-27T15:10:48","slug":"biela-pastelka","status":"publish","type":"post","link":"https:\/\/noa.bart.sk\/index.php\/2016\/09\/26\/biela-pastelka\/","title":{"rendered":"Biela pastelka"},"content":{"rendered":"<p><img loading=\"lazy\" decoding=\"async\" class=\"wp-image-422 alignleft\" src=\"https:\/\/noa.bart.sk\/wp-content\/uploads\/bp4-225x300.jpg\" alt=\"bp4\" width=\"112\" height=\"150\" srcset=\"https:\/\/noa.bart.sk\/wp-content\/uploads\/bp4-225x300.jpg 225w, https:\/\/noa.bart.sk\/wp-content\/uploads\/bp4-60x80.jpg 60w, https:\/\/noa.bart.sk\/wp-content\/uploads\/bp4.jpg 720w\" sizes=\"(max-width: 112px) 100vw, 112px\" \/>BIELA PASTELKA je verejn\u00e1 zbierka, na ktorej sme sa z\u00fa\u010dastnili v\u00a0piatok 23.9.2016 pod veden\u00edm pp Csabalovej. V\u00fd\u0165a\u017eok z tejto zbierky putuje pre \u013eud\u00ed so zrakov\u00fdm postihnut\u00edm.<!--more--><\/p>\n<p>&nbsp;<\/p>\n<p>Organiz\u00e1torom tejto zbierky je \u00daNIA NEVIDIACICH A SLABOZRAK\u00ddCH SLOVENSKA. Je to ob\u010dianske zdru\u017eenie, ktor\u00e9ho \u010dlenmi s\u00fa aj \u013eudia so zrakov\u00fdm postihnut\u00edm, ich pr\u00edbuzn\u00ed, rodina \u010di priatelia. Je ich presne 4184.<\/p>\n<p>&nbsp;<\/p>\n<p><img loading=\"lazy\" decoding=\"async\" class=\"wp-image-419 alignleft\" src=\"https:\/\/noa.bart.sk\/wp-content\/uploads\/bp1-300x213.jpg\" alt=\"bp1\" width=\"208\" height=\"148\" srcset=\"https:\/\/noa.bart.sk\/wp-content\/uploads\/bp1-300x213.jpg 300w, https:\/\/noa.bart.sk\/wp-content\/uploads\/bp1-80x57.jpg 80w, https:\/\/noa.bart.sk\/wp-content\/uploads\/bp1.jpg 761w\" sizes=\"(max-width: 208px) 100vw, 208px\" \/>Sme radi, \u017ee sme sa stali dobrovo\u013en\u00ed\u010dkami a aspo\u0148 tak\u00fdmto sp\u00f4sobom mohli pom\u00f4c\u0165 nevidiacim a slabozrak\u00fdm \u013eu\u010fom \u010di de\u0165om. Chodili sme po meste, oslovovali sme \u013eud\u00ed, \u010di chc\u00fa prispie\u0165 \u013eu\u010fom, ktor\u00ed to potrebuj\u00fa. Stretli sme sa s r\u00f4znymi typmi \u013eud\u00ed. Niektor\u00ed prispeli s ochotou a rados\u0165ou pom\u00f4c\u0165 \u00faprimne, niektor\u00ed len zo slu\u0161nosti, no aj s\u00a0tak\u00fdmi, \u010do n\u00e1m povedali, \u017ee nemaj\u00fa z\u00e1ujem alebo n\u00e1s ignorovali. My sme ale tie\u017e prispeli a m\u00e1me z toho dobr\u00fd pocit.<\/p>\n<p>&nbsp;<\/p>\n<p>Eva a Diana<\/p>\n","protected":false},"excerpt":{"rendered":"<p>BIELA PASTELKA je verejn\u00e1 zbierka, na ktorej sme sa z\u00fa\u010dastnili v\u00a0piatok 23.9.2016 pod veden\u00edm pp Csabalovej. V\u00fd\u0165a\u017eok z tejto zbierky putuje pre \u013eud\u00ed so zrakov\u00fdm postihnut\u00edm.<\/p>\n","protected":false},"author":2,"featured_media":0,"comment_status":"open","ping_status":"open","sticky":false,"template":"","format":"standard","meta":{"footnotes":""},"categories":[1,25],"tags":[],"_links":{"self":[{"href":"https:\/\/noa.bart.sk\/index.php\/wp-json\/wp\/v2\/posts\/417"}],"collection":[{"href":"https:\/\/noa.bart.sk\/index.php\/wp-json\/wp\/v2\/posts"}],"about":[{"href":"https:\/\/noa.bart.sk\/index.php\/wp-json\/wp\/v2\/types\/post"}],"author":[{"embeddable":true,"href":"https:\/\/noa.bart.sk\/index.php\/wp-json\/wp\/v2\/users\/2"}],"replies":[{"embeddable":true,"href":"https:\/\/noa.bart.sk\/index.php\/wp-json\/wp\/v2\/comments?post=417"}],"version-history":[{"count":1,"href":"https:\/\/noa.bart.sk\/index.php\/wp-json\/wp\/v2\/posts\/417\/revisions"}],"predecessor-version":[{"id":423,"href":"https:\/\/noa.bart.sk\/index.php\/wp-json\/wp\/v2\/posts\/417\/revisions\/423"}],"wp:attachment":[{"href":"https:\/\/noa.bart.sk\/index.php\/wp-json\/wp\/v2\/media?parent=417"}],"wp:term":[{"taxonomy":"category","embeddable":true,"href":"https:\/\/noa.bart.sk\/index.php\/wp-json\/wp\/v2\/categories?post=417"},{"taxonomy":"post_tag","embeddable":true,"href":"https:\/\/noa.bart.sk\/index.php\/wp-json\/wp\/v2\/tags?post=417"}],"curies":[{"name":"wp","href":"https:\/\/api.w.org\/{rel}","templated":true}]}}