{"id":2412,"date":"2025-11-28T16:25:31","date_gmt":"2025-11-28T14:25:31","guid":{"rendered":"https:\/\/noa.bart.sk\/?p=2412"},"modified":"2025-11-28T16:25:31","modified_gmt":"2025-11-28T14:25:31","slug":"tri-tyzdne-v-barcelone-ako-som-objavila-svet-vina-kreativity-a-zivot-v-cudzej-krajine","status":"publish","type":"post","link":"https:\/\/noa.bart.sk\/index.php\/2025\/11\/28\/tri-tyzdne-v-barcelone-ako-som-objavila-svet-vina-kreativity-a-zivot-v-cudzej-krajine\/","title":{"rendered":"Tri t\u00fd\u017edne v Barcelone: Ako som objavila svet v\u00edna, kreativity a \u017eivot v cudzej krajine"},"content":{"rendered":"\n<figure class=\"wp-block-gallery has-nested-images columns-default is-cropped wp-block-gallery-1 is-layout-flex wp-block-gallery-is-layout-flex\"><div class=\"wp-block-image is-style-rounded\">\n<figure class=\"aligncenter size-large\"><img loading=\"lazy\" decoding=\"async\" width=\"768\" height=\"1024\" data-id=\"2414\" src=\"https:\/\/noa.bart.sk\/wp-content\/uploads\/8e3975b7-0052-4dd2-bb92-3d01d3ada13b-1-1-768x1024.jpg\" alt=\"\" class=\"wp-image-2414\" srcset=\"https:\/\/noa.bart.sk\/wp-content\/uploads\/8e3975b7-0052-4dd2-bb92-3d01d3ada13b-1-1-768x1024.jpg 768w, https:\/\/noa.bart.sk\/wp-content\/uploads\/8e3975b7-0052-4dd2-bb92-3d01d3ada13b-1-1-225x300.jpg 225w, https:\/\/noa.bart.sk\/wp-content\/uploads\/8e3975b7-0052-4dd2-bb92-3d01d3ada13b-1-1-60x80.jpg 60w, https:\/\/noa.bart.sk\/wp-content\/uploads\/8e3975b7-0052-4dd2-bb92-3d01d3ada13b-1-1-1152x1536.jpg 1152w, https:\/\/noa.bart.sk\/wp-content\/uploads\/8e3975b7-0052-4dd2-bb92-3d01d3ada13b-1-1.jpg 1536w\" sizes=\"(max-width: 768px) 100vw, 768px\" \/><\/figure><\/div><\/figure>\n\n\n\n<p>Ke\u010f sa povie Erasmus+, ve\u013ea \u017eiakov si predstav\u00ed dovolenku pri mori a oddych. Moja sk\u00fasenos\u0165 v\u0161ak bola o nie\u010dom \u00faplne inom \u2014 o pr\u00e1ci, kreat\u00edvnych v\u00fdzvach, samostatnosti a o tom, ako tri t\u00fd\u017edne v Barcelone dok\u00e1\u017eu \u010dloveka zmeni\u0165.<\/p>\n\n\n\n<!--more-->\n\n\n\n<p>Moja prax vo vinot\u00e9ke<\/p>\n\n\n\n<p>Tri t\u00fd\u017edne som pracovala v obchode s v\u00ednom, kde som mala na starosti soci\u00e1lne siete a tvorbu obsahu. Nat\u00e1\u010dala som vide\u00e1, fotila produkty, vym\u00fd\u0161\u013eala posty a oslovovala z\u00e1kazn\u00edkov. U\u010dila som sa, ako zauja\u0165 \u013eud\u00ed online, ako spr\u00e1vne odprezentova\u0165 zna\u010dku a pritom si zachova\u0165 vlastn\u00fa kreativitu.<\/p>\n\n\n\n<p>Jedn\u00fdm z najlep\u0161\u00edch z\u00e1\u017eitkov boli r\u00f4zne ochutn\u00e1vky v\u00edn, na ktor\u00fdch som nielen spozn\u00e1vala nov\u00e9 chute, ale aj atmosf\u00e9ru skuto\u010dn\u00e9ho \u0161panielskeho vin\u00e1rskeho sveta.<\/p>\n\n\n\n<p>\u010co som sa nau\u010dila<\/p>\n\n\n\n<p>Prax mi dala viac, ne\u017e som \u010dakala.<\/p>\n\n\n\n<p>Nau\u010dila som sa robi\u0165 kvalitn\u00e9 vide\u00e1, pekn\u00fd vizu\u00e1lny obsah a najm\u00e4 pl\u00e1nova\u0165 si \u010das tak, aby som v\u0161etko stihla. Ka\u017ed\u00fd de\u0148 som pracovala v medzin\u00e1rodnom prostred\u00ed, tak\u017ee som bola \u201en\u00faten\u00e1\u201c rozpr\u00e1va\u0165 po anglicky. A pr\u00e1ve to mi pomohlo \u2013 komunikovala som nonstop a angli\u010dtina sa mi prirodzene zlep\u0161ila.<\/p>\n\n\n\n<p>Zistila som, \u017ee v kolekt\u00edve so zahrani\u010dn\u00fdmi \u013eu\u010fmi sa d\u00e1 fungova\u0165 skvele, ke\u010f sa \u010dlovek neboj\u00ed ozva\u0165 a p\u00fdta\u0165 sa.<\/p>\n\n\n\n<p>\u017divot v Barcelone<\/p>\n\n\n\n<p>Ubytovan\u00ed sme boli po dvojiciach, \u010do bolo ide\u00e1lne \u2014 mala som svoj priestor, ale z\u00e1rove\u0148 som sa nau\u010dila \u017ei\u0165 s niek\u00fdm cudz\u00edm a prisp\u00f4sobova\u0165 sa.<\/p>\n\n\n\n<p>Vo vo\u013enom \u010dase sme objavovali Barcelonu so spolu\u017eiakmi: ochutn\u00e1vali sme \u0161panielske jedl\u00e1, videli pamiatky, kr\u00e1sne ulice a energiu mesta, na ktor\u00fa sa ned\u00e1 zabudn\u00fa\u0165. Barcelona m\u00e1 jedine\u010dn\u00fa atmosf\u00e9ru, mix pokoja, ruchu, farieb a radosti zo \u017eivota.<\/p>\n\n\n\n<p>Pre\u010do \u00eds\u0165 na Erasmus?<\/p>\n\n\n\n<p>Ak e\u0161te v\u00e1ha\u0161, m\u00e1m pre teba jednoduch\u00fa odpove\u010f: cho\u010f.<\/p>\n\n\n\n<p>\u017di\u0165 tri t\u00fd\u017edne v cudzej krajine, stara\u0165 sa o seba, chodi\u0165 do pr\u00e1ce, zodpovedne si pl\u00e1nova\u0165 \u010das a z\u00e1rove\u0148 spozn\u00e1va\u0165 nov\u00e9 mesto \u2014 to je z\u00e1\u017eitok, ktor\u00fd ti ned\u00e1 \u017eiadna hodina v \u0161kole.<\/p>\n\n\n\n<p>Je to neop\u00edsate\u013en\u00e9, \u017eiv\u00e9 a nezabudnute\u013en\u00e9. A ak je to e\u0161te aj v Barcelone, m\u00e1\u0161 v\u00fdhru \u2013 mesto m\u00e1 dokonal\u00fa energiu, kult\u00faru a v\u017edy \u0165a nie\u010d\u00edm prekvap\u00ed.<\/p>\n\n\n\n<p>Karin<\/p>\n","protected":false},"excerpt":{"rendered":"<p>Ke\u010f sa povie Erasmus+, ve\u013ea \u017eiakov si predstav\u00ed dovolenku pri mori a oddych. Moja sk\u00fasenos\u0165 v\u0161ak bola o nie\u010dom \u00faplne inom \u2014 o pr\u00e1ci, kreat\u00edvnych v\u00fdzvach, samostatnosti a o tom,&hellip;<\/p>\n","protected":false},"author":2,"featured_media":0,"comment_status":"open","ping_status":"open","sticky":false,"template":"","format":"standard","meta":{"footnotes":""},"categories":[1],"tags":[],"_links":{"self":[{"href":"https:\/\/noa.bart.sk\/index.php\/wp-json\/wp\/v2\/posts\/2412"}],"collection":[{"href":"https:\/\/noa.bart.sk\/index.php\/wp-json\/wp\/v2\/posts"}],"about":[{"href":"https:\/\/noa.bart.sk\/index.php\/wp-json\/wp\/v2\/types\/post"}],"author":[{"embeddable":true,"href":"https:\/\/noa.bart.sk\/index.php\/wp-json\/wp\/v2\/users\/2"}],"replies":[{"embeddable":true,"href":"https:\/\/noa.bart.sk\/index.php\/wp-json\/wp\/v2\/comments?post=2412"}],"version-history":[{"count":2,"href":"https:\/\/noa.bart.sk\/index.php\/wp-json\/wp\/v2\/posts\/2412\/revisions"}],"predecessor-version":[{"id":2416,"href":"https:\/\/noa.bart.sk\/index.php\/wp-json\/wp\/v2\/posts\/2412\/revisions\/2416"}],"wp:attachment":[{"href":"https:\/\/noa.bart.sk\/index.php\/wp-json\/wp\/v2\/media?parent=2412"}],"wp:term":[{"taxonomy":"category","embeddable":true,"href":"https:\/\/noa.bart.sk\/index.php\/wp-json\/wp\/v2\/categories?post=2412"},{"taxonomy":"post_tag","embeddable":true,"href":"https:\/\/noa.bart.sk\/index.php\/wp-json\/wp\/v2\/tags?post=2412"}],"curies":[{"name":"wp","href":"https:\/\/api.w.org\/{rel}","templated":true}]}}