{"id":2390,"date":"2025-10-01T18:17:52","date_gmt":"2025-10-01T16:17:52","guid":{"rendered":"https:\/\/noa.bart.sk\/?p=2390"},"modified":"2025-10-01T18:17:52","modified_gmt":"2025-10-01T16:17:52","slug":"watsonka-na-starte-medzinarodneho-maratonu-mieru","status":"publish","type":"post","link":"https:\/\/noa.bart.sk\/index.php\/2025\/10\/01\/watsonka-na-starte-medzinarodneho-maratonu-mieru\/","title":{"rendered":"Watsonka na \u0161tarte Medzin\u00e1rodn\u00e9ho marat\u00f3nu mieru!"},"content":{"rendered":"<div class=\"wp-block-image\">\n<figure class=\"alignleft size-large is-resized\"><img loading=\"lazy\" decoding=\"async\" width=\"1024\" height=\"606\" src=\"https:\/\/noa.bart.sk\/wp-content\/uploads\/MARATON-foto_1280x757-1024x606.jpg\" alt=\"\" class=\"wp-image-2391\" style=\"width:344px;height:auto\" srcset=\"https:\/\/noa.bart.sk\/wp-content\/uploads\/MARATON-foto_1280x757-1024x606.jpg 1024w, https:\/\/noa.bart.sk\/wp-content\/uploads\/MARATON-foto_1280x757-300x177.jpg 300w, https:\/\/noa.bart.sk\/wp-content\/uploads\/MARATON-foto_1280x757-80x47.jpg 80w, https:\/\/noa.bart.sk\/wp-content\/uploads\/MARATON-foto_1280x757-768x454.jpg 768w, https:\/\/noa.bart.sk\/wp-content\/uploads\/MARATON-foto_1280x757.jpg 1280w\" sizes=\"(max-width: 1024px) 100vw, 1024px\" \/><\/figure><\/div>\n\n\n<p>Aj vy ste si v&nbsp;posledn\u00fdch d\u0148och v\u0161imli zv\u00fd\u0161en\u00fd po\u010det be\u017ecov v&nbsp;uliciach Ko\u0161\u00edc? Tento fenom\u00e9n je neklamn\u00fdm znakom toho, \u017ee sa bl\u00ed\u017ei ve\u013ek\u00e9 be\u017eeck\u00e9 podujatie. Prv\u00e1 okt\u00f3brov\u00e1 nede\u013ea toti\u017e u\u017e tradi\u010dne patr\u00ed najv\u00e4\u010d\u0161iemu \u0161portov\u00e9mu podujatiu v Ko\u0161iciach \u2013<strong>Medzin\u00e1rodn\u00e9mu marat\u00f3nu mieru, <\/strong>ktor\u00fd sa p\u00fd\u0161i titulom najstar\u0161ieho marat\u00f3nu v Eur\u00f3pe. Tento rok sa 5. okt\u00f3bra 2025 o 9:00 na \u0161tart postavia tis\u00edce be\u017ecov z cel\u00e9ho sveta \u2013 a medzi nimi nebude ch\u00fdba\u0165 ani na\u0161a \u0161kola.<\/p>\n\n\n\n<!--more-->\n\n\n\n<p><strong>Na\u0161i odv\u00e1\u017eni marat\u00f3nci<\/strong><\/p>\n\n\n\n<p>Do najdlh\u0161ej trate \u2013 marat\u00f3nu (42,195 km) sa ako reprezentant na\u0161ej \u0161koly pust\u00ed u\u017e tradi\u010dne p\u00e1n profesor <strong>Mikul\u00e1\u0161 Luk\u00e1\u010d<\/strong> so \u0161tartovn\u00fdm \u010d\u00edslom 1107 a&nbsp;po prv\u00fdkr\u00e1t bud\u00fa ma\u0165 na&nbsp; tejto kr\u00e1\u013eovskej discipl\u00edne zast\u00fapenie aj na\u0161i \u017eiaci. <strong>Peter Kalina<\/strong> (2460), <strong>Boris Jefanov<\/strong> (2464),<strong> Daniel Hossini Nassab<\/strong> (2468), <strong>Joshua Samuel Viravec<\/strong> (3517) a <strong>Nina Kleba\u0161kov\u00e1<\/strong> (3608).<\/p>\n\n\n\n<p><strong>Polmarat\u00f3n<\/strong><\/p>\n\n\n\n<p>Svojou vytrvalos\u0165ou sa v polmarat\u00f3ne (21 km) predvedie aj na\u0161a reprezentantka pani profesorka <strong>Be\u00e1ta Buckov\u00e1<\/strong> (12766), ktor\u00e1 svoj\u00edm \u0161portov\u00fdm nad\u0161en\u00edm a odvahou in\u0161piruje nielen kolegov, ale aj svojich \u0161tudentov.<\/p>\n\n\n\n<p><strong>Podporte na\u0161ich be\u017ecov!<\/strong><\/p>\n\n\n\n<p>\u00da\u010das\u0165 na\u0161ich \u017eiakov aj pedag\u00f3gov na takomto prest\u00ed\u017enom podujat\u00ed je d\u00f4kazom, \u017ee <strong>Obchodn\u00e1 akad\u00e9mia \u017eije nielen \u0161t\u00fadiom, ale aj \u0161portom a zdrav\u00fdm \u017eivotn\u00fdm \u0161t\u00fdlom<\/strong>.<br>&#x1f449; <strong>Pr\u00ed\u010fte v nede\u013eu povzbudi\u0165 na\u0161ich be\u017ecov!<\/strong><br>Nedajte sa odradi\u0165 nepriaznivou predpove\u010fou po\u010dasia. Atmosf\u00e9ra marat\u00f3nu je jedine\u010dn\u00e1 a hlasn\u00e1 podpora m\u00f4\u017ee doda\u0165 na\u0161im reprezentantom nov\u00e9 sily v naj\u0165a\u017e\u0161\u00edch chv\u00ed\u013each.<\/p>\n\n\n\n<p>Ak e\u0161te viete o \u010fal\u0161\u00edch odv\u00e1\u017enych spolu\u017eiakoch \u010di u\u010dite\u013eoch, ktor\u00ed pobe\u017eia marat\u00f3n, polmarat\u00f3n alebo \u0161tafetu, <strong>dajte vedie\u0165 redakcii \u0161kolsk\u00fdch nov\u00edn<\/strong> \u2013 radi o nich nap\u00ed\u0161eme!<\/p>\n\n\n\n<p>ml<\/p>\n","protected":false},"excerpt":{"rendered":"<p>Aj vy ste si v&nbsp;posledn\u00fdch d\u0148och v\u0161imli zv\u00fd\u0161en\u00fd po\u010det be\u017ecov v&nbsp;uliciach Ko\u0161\u00edc? Tento fenom\u00e9n je neklamn\u00fdm znakom toho, \u017ee sa bl\u00ed\u017ei ve\u013ek\u00e9 be\u017eeck\u00e9 podujatie. Prv\u00e1 okt\u00f3brov\u00e1 nede\u013ea toti\u017e u\u017e tradi\u010dne&hellip;<\/p>\n","protected":false},"author":2,"featured_media":0,"comment_status":"open","ping_status":"open","sticky":false,"template":"","format":"standard","meta":{"footnotes":""},"categories":[1],"tags":[],"_links":{"self":[{"href":"https:\/\/noa.bart.sk\/index.php\/wp-json\/wp\/v2\/posts\/2390"}],"collection":[{"href":"https:\/\/noa.bart.sk\/index.php\/wp-json\/wp\/v2\/posts"}],"about":[{"href":"https:\/\/noa.bart.sk\/index.php\/wp-json\/wp\/v2\/types\/post"}],"author":[{"embeddable":true,"href":"https:\/\/noa.bart.sk\/index.php\/wp-json\/wp\/v2\/users\/2"}],"replies":[{"embeddable":true,"href":"https:\/\/noa.bart.sk\/index.php\/wp-json\/wp\/v2\/comments?post=2390"}],"version-history":[{"count":1,"href":"https:\/\/noa.bart.sk\/index.php\/wp-json\/wp\/v2\/posts\/2390\/revisions"}],"predecessor-version":[{"id":2392,"href":"https:\/\/noa.bart.sk\/index.php\/wp-json\/wp\/v2\/posts\/2390\/revisions\/2392"}],"wp:attachment":[{"href":"https:\/\/noa.bart.sk\/index.php\/wp-json\/wp\/v2\/media?parent=2390"}],"wp:term":[{"taxonomy":"category","embeddable":true,"href":"https:\/\/noa.bart.sk\/index.php\/wp-json\/wp\/v2\/categories?post=2390"},{"taxonomy":"post_tag","embeddable":true,"href":"https:\/\/noa.bart.sk\/index.php\/wp-json\/wp\/v2\/tags?post=2390"}],"curies":[{"name":"wp","href":"https:\/\/api.w.org\/{rel}","templated":true}]}}