{"id":2376,"date":"2025-09-23T10:25:11","date_gmt":"2025-09-23T08:25:11","guid":{"rendered":"https:\/\/noa.bart.sk\/?p=2376"},"modified":"2025-09-23T10:26:58","modified_gmt":"2025-09-23T08:26:58","slug":"den-jazykov-na-nasej-skole","status":"publish","type":"post","link":"https:\/\/noa.bart.sk\/index.php\/2025\/09\/23\/den-jazykov-na-nasej-skole\/","title":{"rendered":"De\u0148 jazykov na na\u0161ej \u0161kole"},"content":{"rendered":"\n<p>Vo \u0161tvrtok 11.9.2025 sa na na\u0161ej \u0161kole uskuto\u010dnil De\u0148 jazykov.Na 4.vyu\u010dovacej hodine k&nbsp;n\u00e1m zav\u00edtali lektori cudz\u00edch jazykov zo \u0160t\u00e1tnej jazykovej \u0161koly na U\u017ehorodskej ulici v&nbsp;Ko\u0161iciach.<\/p>\n\n\n\n<!--more-->\n\n\n\n<figure class=\"wp-block-gallery has-nested-images columns-default is-cropped wp-block-gallery-1 is-layout-flex wp-block-gallery-is-layout-flex\">\n<figure class=\"wp-block-image size-large\"><img loading=\"lazy\" decoding=\"async\" width=\"768\" height=\"1024\" data-id=\"2377\" src=\"https:\/\/noa.bart.sk\/wp-content\/uploads\/550449609_1991304321644492_446787597740532293_n-768x1024.jpg\" alt=\"\" class=\"wp-image-2377\" srcset=\"https:\/\/noa.bart.sk\/wp-content\/uploads\/550449609_1991304321644492_446787597740532293_n-768x1024.jpg 768w, https:\/\/noa.bart.sk\/wp-content\/uploads\/550449609_1991304321644492_446787597740532293_n-225x300.jpg 225w, https:\/\/noa.bart.sk\/wp-content\/uploads\/550449609_1991304321644492_446787597740532293_n-60x80.jpg 60w, https:\/\/noa.bart.sk\/wp-content\/uploads\/550449609_1991304321644492_446787597740532293_n-1152x1536.jpg 1152w, https:\/\/noa.bart.sk\/wp-content\/uploads\/550449609_1991304321644492_446787597740532293_n.jpg 1536w\" sizes=\"(max-width: 768px) 100vw, 768px\" \/><\/figure>\n<\/figure>\n\n\n\n<p>Po\u010das jednej vyu\u010dovacej hodiny \u017eiakom r\u00f4znych tried predstavili taliansky, japonsk\u00fd, \u010d\u00ednsky, \u0161v\u00e9dsky, \u0161panielsky, k\u00f3rejsk\u00fd jazyk a&nbsp;jazyk Hindi. Okrem samotn\u00fdch jazykov lektori stihli predstavi\u0165 krajiny a kult\u00faru jednotliv\u00fdch kraj\u00edn, kde sa tieto jazyky pou\u017e\u00edvaj\u00fa. Dok\u00e1zali in\u0161pirova\u0165 nejedn\u00e9ho \u017eiaka, aby sa za\u010dal venova\u0165 t\u00fdmto jazykom.<\/p>\n\n\n\n<p>Na z\u00e1ver by som chcel po\u010fakova\u0165 pp Pa\u010dutovej, ktor\u00e1 cel\u00fa akciu zorganizovala.<\/p>\n\n\n\n<p>jl<\/p>\n","protected":false},"excerpt":{"rendered":"<p>Vo \u0161tvrtok 11.9.2025 sa na na\u0161ej \u0161kole uskuto\u010dnil De\u0148 jazykov.Na 4.vyu\u010dovacej hodine k&nbsp;n\u00e1m zav\u00edtali lektori cudz\u00edch jazykov zo \u0160t\u00e1tnej jazykovej \u0161koly na U\u017ehorodskej ulici v&nbsp;Ko\u0161iciach.<\/p>\n","protected":false},"author":2,"featured_media":0,"comment_status":"open","ping_status":"open","sticky":false,"template":"","format":"standard","meta":{"footnotes":""},"categories":[1],"tags":[],"_links":{"self":[{"href":"https:\/\/noa.bart.sk\/index.php\/wp-json\/wp\/v2\/posts\/2376"}],"collection":[{"href":"https:\/\/noa.bart.sk\/index.php\/wp-json\/wp\/v2\/posts"}],"about":[{"href":"https:\/\/noa.bart.sk\/index.php\/wp-json\/wp\/v2\/types\/post"}],"author":[{"embeddable":true,"href":"https:\/\/noa.bart.sk\/index.php\/wp-json\/wp\/v2\/users\/2"}],"replies":[{"embeddable":true,"href":"https:\/\/noa.bart.sk\/index.php\/wp-json\/wp\/v2\/comments?post=2376"}],"version-history":[{"count":3,"href":"https:\/\/noa.bart.sk\/index.php\/wp-json\/wp\/v2\/posts\/2376\/revisions"}],"predecessor-version":[{"id":2380,"href":"https:\/\/noa.bart.sk\/index.php\/wp-json\/wp\/v2\/posts\/2376\/revisions\/2380"}],"wp:attachment":[{"href":"https:\/\/noa.bart.sk\/index.php\/wp-json\/wp\/v2\/media?parent=2376"}],"wp:term":[{"taxonomy":"category","embeddable":true,"href":"https:\/\/noa.bart.sk\/index.php\/wp-json\/wp\/v2\/categories?post=2376"},{"taxonomy":"post_tag","embeddable":true,"href":"https:\/\/noa.bart.sk\/index.php\/wp-json\/wp\/v2\/tags?post=2376"}],"curies":[{"name":"wp","href":"https:\/\/api.w.org\/{rel}","templated":true}]}}