{"id":2329,"date":"2024-12-03T16:58:15","date_gmt":"2024-12-03T14:58:15","guid":{"rendered":"https:\/\/noa.bart.sk\/?p=2329"},"modified":"2024-12-03T17:05:22","modified_gmt":"2024-12-03T15:05:22","slug":"projekt-kolko-lasky-sa-zmesti-do-krabice-od-topanok","status":"publish","type":"post","link":"https:\/\/noa.bart.sk\/index.php\/2024\/12\/03\/projekt-kolko-lasky-sa-zmesti-do-krabice-od-topanok\/","title":{"rendered":"Projekt \u201eKo\u013eko l\u00e1sky sa zmest\u00ed do krabice od top\u00e1nok\u201c"},"content":{"rendered":"\n<!--more-->\n\n\n\n<figure class=\"wp-block-gallery has-nested-images columns-default is-cropped wp-block-gallery-1 is-layout-flex wp-block-gallery-is-layout-flex\"><div class=\"wp-block-image is-style-rounded\">\n<figure class=\"alignleft size-large\"><img loading=\"lazy\" decoding=\"async\" width=\"769\" height=\"1024\" data-id=\"2332\" src=\"https:\/\/noa.bart.sk\/wp-content\/uploads\/processed-0D07BCF0-E94A-4C96-BD0F-E43667F7FEF7-769x1024.jpeg\" alt=\"\" class=\"wp-image-2332\" srcset=\"https:\/\/noa.bart.sk\/wp-content\/uploads\/processed-0D07BCF0-E94A-4C96-BD0F-E43667F7FEF7-769x1024.jpeg 769w, https:\/\/noa.bart.sk\/wp-content\/uploads\/processed-0D07BCF0-E94A-4C96-BD0F-E43667F7FEF7-225x300.jpeg 225w, https:\/\/noa.bart.sk\/wp-content\/uploads\/processed-0D07BCF0-E94A-4C96-BD0F-E43667F7FEF7-60x80.jpeg 60w, https:\/\/noa.bart.sk\/wp-content\/uploads\/processed-0D07BCF0-E94A-4C96-BD0F-E43667F7FEF7-768x1023.jpeg 768w, https:\/\/noa.bart.sk\/wp-content\/uploads\/processed-0D07BCF0-E94A-4C96-BD0F-E43667F7FEF7-1153x1536.jpeg 1153w, https:\/\/noa.bart.sk\/wp-content\/uploads\/processed-0D07BCF0-E94A-4C96-BD0F-E43667F7FEF7.jpeg 1501w\" sizes=\"(max-width: 769px) 100vw, 769px\" \/><\/figure><\/div><\/figure>\n\n\n\n<p><strong>Spolo\u010dne sme priniesli rados\u0165 seniorom<\/strong><\/p>\n\n\n\n<p>Vianoce s\u00fa \u010dasom, ke\u010f sa zameriavame na to, \u010do je naozaj d\u00f4le\u017eit\u00e9 \u2013 l\u00e1ska, rodina a pomoc t\u00fdm, ktor\u00ed to najviac potrebuj\u00fa. Tento rok sme sa rozhodli, \u017ee Vianoce spr\u00edjemn\u00edme seniorom v domovoch d\u00f4chodcov prostredn\u00edctvom projektu&nbsp;<em>\u201eKo\u013eko l\u00e1sky sa zmest\u00ed do krabice od top\u00e1nok?\u201c<\/em>.<\/p>\n\n\n\n<p>S ve\u013ek\u00fdm nad\u0161en\u00edm sa do projektu zapojili&nbsp;<strong>\u017eiaci, rodi\u010dia aj zamestnanci \u0161koly<\/strong>, ktor\u00ed spolo\u010dne pripravili&nbsp;<strong>65 krab\u00edc pln\u00fdch dar\u010dekov a l\u00e1sky<\/strong>.<\/p>\n\n\n\n<p>Chceme&nbsp;<strong>srde\u010dne po\u010fakova\u0165 v\u0161etk\u00fdm<\/strong>, ktor\u00ed sa zapojili. Va\u0161a ochota a \u0161tedros\u0165 uk\u00e1zali, \u017ee na\u0161a \u0161kola nie je len miestom vzdel\u00e1vania, ale aj miestom, kde si v\u00e1\u017eime na\u0161ich najstar\u0161\u00edch a vieme sa spoji\u0165, aby sme im priniesli rados\u0165.<\/p>\n\n\n\n<p>Ver\u00edme, \u017ee tento projekt sa stane ka\u017edoro\u010dnou&nbsp;<strong>viano\u010dnou trad\u00edciou<\/strong>&nbsp;\u0161koly, na ktor\u00fa sa budeme te\u0161i\u0165 ka\u017ed\u00fd rok.<\/p>\n\n\n\n<p>Na z\u00e1ver v\u00e1m \u017eel\u00e1me, aby tieto Vianoce boli naplnen\u00e9 pokojom a l\u00e1skou. Je d\u00f4le\u017eit\u00e9 str\u00e1vi\u0165 ich s t\u00fdmi, ktor\u00fdch najviac milujeme, a ktor\u00fdm \u010dasto v tomto hektickom \u010dase nevenujeme to\u013eko \u010dasu, ko\u013eko by si zasl\u00fa\u017eili. Zastavme sa na chv\u00ed\u013eu, aby sme sa te\u0161ili z pr\u00edtomnosti na\u0161ich najbli\u017e\u0161\u00edch a naozaj pre\u017eili tieto chv\u00edle naplno.<\/p>\n\n\n\n<p>Do nov\u00e9ho roka si prajme zdravie, l\u00e1sku, pokoj a l\u00e1skavos\u0165. Nezab\u00fadajme, \u017ee pr\u00e1ve tieto hodnoty s\u00fa t\u00fdm, \u010do rob\u00ed n\u00e1\u0161 \u017eivot kr\u00e1snym a naplnen\u00fdm.<\/p>\n\n\n\n<p>\u0160\u0165astn\u00e9 a vesel\u00e9 Vianoce!<\/p>\n\n\n\n<p>\u017eel\u00e1 projektov\u00fd t\u00edm<br><\/p>\n","protected":false},"excerpt":{"rendered":"","protected":false},"author":2,"featured_media":0,"comment_status":"open","ping_status":"open","sticky":false,"template":"","format":"standard","meta":{"footnotes":""},"categories":[1],"tags":[],"_links":{"self":[{"href":"https:\/\/noa.bart.sk\/index.php\/wp-json\/wp\/v2\/posts\/2329"}],"collection":[{"href":"https:\/\/noa.bart.sk\/index.php\/wp-json\/wp\/v2\/posts"}],"about":[{"href":"https:\/\/noa.bart.sk\/index.php\/wp-json\/wp\/v2\/types\/post"}],"author":[{"embeddable":true,"href":"https:\/\/noa.bart.sk\/index.php\/wp-json\/wp\/v2\/users\/2"}],"replies":[{"embeddable":true,"href":"https:\/\/noa.bart.sk\/index.php\/wp-json\/wp\/v2\/comments?post=2329"}],"version-history":[{"count":4,"href":"https:\/\/noa.bart.sk\/index.php\/wp-json\/wp\/v2\/posts\/2329\/revisions"}],"predecessor-version":[{"id":2331,"href":"https:\/\/noa.bart.sk\/index.php\/wp-json\/wp\/v2\/posts\/2329\/revisions\/2331"}],"wp:attachment":[{"href":"https:\/\/noa.bart.sk\/index.php\/wp-json\/wp\/v2\/media?parent=2329"}],"wp:term":[{"taxonomy":"category","embeddable":true,"href":"https:\/\/noa.bart.sk\/index.php\/wp-json\/wp\/v2\/categories?post=2329"},{"taxonomy":"post_tag","embeddable":true,"href":"https:\/\/noa.bart.sk\/index.php\/wp-json\/wp\/v2\/tags?post=2329"}],"curies":[{"name":"wp","href":"https:\/\/api.w.org\/{rel}","templated":true}]}}