{"id":2318,"date":"2024-11-24T19:11:27","date_gmt":"2024-11-24T17:11:27","guid":{"rendered":"https:\/\/noa.bart.sk\/?p=2318"},"modified":"2024-11-25T16:10:14","modified_gmt":"2024-11-25T14:10:14","slug":"skolsky-vylet-do-europskeho-parlamentu-v-bruseli","status":"publish","type":"post","link":"https:\/\/noa.bart.sk\/index.php\/2024\/11\/24\/skolsky-vylet-do-europskeho-parlamentu-v-bruseli\/","title":{"rendered":"\u0160kolsk\u00fd v\u00fdlet do Eur\u00f3pskeho parlamentu v Bruseli"},"content":{"rendered":"\n<figure class=\"wp-block-gallery alignleft has-nested-images columns-default is-cropped wp-block-gallery-1 is-layout-flex wp-block-gallery-is-layout-flex\">\n<figure class=\"wp-block-image size-large\"><img loading=\"lazy\" decoding=\"async\" width=\"768\" height=\"1024\" data-id=\"2319\" src=\"https:\/\/noa.bart.sk\/wp-content\/uploads\/ep-768x1024.jpg\" alt=\"\" class=\"wp-image-2319\" srcset=\"https:\/\/noa.bart.sk\/wp-content\/uploads\/ep-768x1024.jpg 768w, https:\/\/noa.bart.sk\/wp-content\/uploads\/ep-225x300.jpg 225w, https:\/\/noa.bart.sk\/wp-content\/uploads\/ep-60x80.jpg 60w, https:\/\/noa.bart.sk\/wp-content\/uploads\/ep-1152x1536.jpg 1152w, https:\/\/noa.bart.sk\/wp-content\/uploads\/ep.jpg 1536w\" sizes=\"(max-width: 768px) 100vw, 768px\" \/><\/figure>\n<\/figure>\n\n\n\n\n\n<p>Od 17. do 20. novembra sme sa my, \u0161tudenti Obchodnej akad\u00e9mie Watsonova 61 Ko\u0161ice, z\u00fa\u010dastnili na jedine\u010dnej exkurzii do Eur\u00f3pskeho parlamentu  v Bruseli. Vyrazili sme z Ko\u0161\u00edc pln\u00ed o\u010dak\u00e1van\u00ed a vr\u00e1tili sme sa domov s mno\u017estvom nezabudnute\u013en\u00fdch z\u00e1\u017eitkov a nov\u00fdch poznatkov.<\/p>\n\n\n\n\n\n<!--more-->\n\n\n\n<p>Hne\u010f po pr\u00edchode do Bruselu sme si nemohli necha\u0165 ujs\u0165 n\u00e1v\u0161tevu ikonickej pamiatky At\u00f3mium, symbolu belgickej metropoly. Tento architektonick\u00fd unik\u00e1t n\u00e1s svojou majest\u00e1tnos\u0165ou doslova ohromil. Po obhliadke sme sa odv\u00e1\u017ene pustili do pou\u017e\u00edvania miestneho metra, \u010do bol pre mnoh\u00fdch z n\u00e1s vzru\u0161uj\u00faci a jedine\u010dn\u00fd z\u00e1\u017eitok. Popri cestovan\u00ed metrom sme objavovali kr\u00e1sy Bruselu, ktor\u00fd je naozaj o\u010daruj\u00facim mestom pln\u00fdm historick\u00fdch budov a typick\u00fdch belgick\u00fdch obchod\u00edkov. Osobitne n\u00e1s uchv\u00e1tili miestne \u010dokol\u00e1dovne, kde sme mohli ochutna\u0165 prav\u00fa belgick\u00fa \u010dokol\u00e1du. Nevynechali sme ani hlavn\u00fa ulicu a n\u00e1mestie Grand Place, ktor\u00e9 je opr\u00e1vnene pova\u017eovan\u00e9 za jedno z najkraj\u0161\u00edch n\u00e1mest\u00ed v Eur\u00f3pe. Nav\u0161t\u00edvili sme tie\u017e n\u00e1dhern\u00fa Katedr\u00e1lu sv\u00e4t\u00e9ho Michala a sv\u00e4tej Guduly, ktor\u00e1 n\u00e1s oh\u00farila svojou architekt\u00farou a majest\u00e1tnos\u0165ou. <\/p>\n\n\n\n<p>Na druh\u00fd de\u0148 n\u00e1s \u010dakal hlavn\u00fd bod programu \u2013 n\u00e1v\u0161teva Eur\u00f3pskeho parlamentu. R\u00e1no bolo trochu hektick\u00e9 kv\u00f4li dopravn\u00fdm z\u00e1pcham, ale na\u0161\u0165astie sme stihli vstup v\u010das. Vidie\u0165 fungovanie parlamentu na vlastn\u00e9 o\u010di bol pre n\u00e1s obrovsk\u00fd z\u00e1\u017eitok. V \u00favode na\u0161ej n\u00e1v\u0161tevy n\u00e1s v konferen\u010dnej miestnosti pani Alenka \u010carn\u00e1, z\u00e1stupky\u0148a Slovenska v EP, uviedla do problematiky fungovania Eur\u00f3pskeho parlamentu. Po tomto \u00favode sme ako skupina absolvovali in\u0161pirat\u00edvnu debatu s europoslancom Michalom Wiezikom, ktor\u00fd n\u00e1m ochotne odpovedal na na\u0161e ot\u00e1zky a pribl\u00ed\u017eil n\u00e1m svoju pr\u00e1cu europoslanca. Na balk\u00f3ne pl\u00e9na Eur\u00f3pskeho parlamentu sme mali mo\u017enos\u0165 by\u0165 svedkami priamej diskusie na t\u00e9mu vojny na Ukrajine, \u010do n\u00e1m poskytlo jedine\u010dn\u00fd poh\u013ead na aktu\u00e1lne dianie v Eur\u00f3pe. Po n\u00e1v\u0161teve hemicyclu n\u00e1s \u010dakala \u010fal\u0161ia nezabudnute\u013en\u00e1 sk\u00fasenos\u0165 \u2013 obed priamo v jed\u00e1lni Eur\u00f3pskeho parlamentu. Pre mnoh\u00fdch z n\u00e1s bol vrcholom d\u0148a moment, ke\u010f na\u0161a spolu\u017eia\u010dka Ester prehodila p\u00e1r slov s europoslanky\u0148ou Veronikou Cifrovou Ostriho\u0148ovou. Po obede sme nav\u0161t\u00edvili m\u00fazeum eur\u00f3pskej hist\u00f3rie, kde sme mali mo\u017enos\u0165 na jednotliv\u00fdch poschodiach nahliadnu\u0165 do jednotliv\u00fdch obdob\u00ed eur\u00f3pskej hist\u00f3rie, ktor\u00e1 bola \u010dasto turbulentn\u00e1 a z ktorej by sme si mali zobra\u0165 pou\u010denie do bud\u00facnosti.<\/p>\n\n\n\n<p>Cel\u00fd v\u00fdlet prebehol pod starostliv\u00fdm doh\u013eadom na\u0161ich profesorov \u2013 Jaroslava Lipt\u00e1ka, Angeliky Mar\u010dokovej, Lenky Berkovej a Adama Bor\u017e\u00edka. V\u00fdborn\u00fdm sprievodcom bol p\u00e1n Franti\u0161ek Chrz\u00e1n, ktor\u00e9mu patr\u00ed ve\u013ek\u00e1 v\u010faka za jeho odborn\u00fd v\u00fdklad. Samozrejme po\u010fakovanie patr\u00ed aj na\u0161im z\u00e1stupcom v Eur\u00f3pskom parlamente, pani Alenke \u010carnej, p\u00e1nu Michalovi Wiezikovi, ktor\u00ed sa n\u00e1s v Eur\u00f3pskom parlamente ujali  a  uk\u00e1zali n\u00e1m, ako funguje Eur\u00f3psky parlament. Najv\u00e4\u010d\u0161ie uznanie v\u0161ak patr\u00ed profesorovi Luk\u00e1\u010dovi, ktor\u00fd cel\u00fd v\u00fdlet napl\u00e1noval a pripravil. V\u010faka jeho \u00fasiliu sme si odniesli mno\u017estvo kr\u00e1snych spomienok a cenn\u00fdch sk\u00fasenost\u00ed. V\u00fdlet do Bruselu bol pre n\u00e1s nezabudnute\u013en\u00fdm z\u00e1\u017eitkom, ktor\u00fd n\u00e1m uk\u00e1zal nielen kr\u00e1sy belgick\u00e9ho hlavn\u00e9ho mesta, ale aj d\u00f4le\u017eitos\u0165 a fungovanie eur\u00f3pskych in\u0161tit\u00faci\u00ed. Sme radi, \u017ee sme mali mo\u017enos\u0165 z\u00fa\u010dastni\u0165 sa na n\u00e1v\u0161teve Eur\u00f3pskeho parlamentu, ktor\u00e1 bola dotovan\u00e1 Eur\u00f3pskou \u00faniou. U\u017e teraz sa te\u0161\u00edme na \u010fal\u0161ie podobn\u00e9 dobrodru\u017estv\u00e1!<\/p>\n\n\n\n<p>Ester<\/p>\n","protected":false},"excerpt":{"rendered":"<p>Od 17. do 20. novembra sme sa my, \u0161tudenti Obchodnej akad\u00e9mie Watsonova 61 Ko\u0161ice, z\u00fa\u010dastnili na jedine\u010dnej exkurzii do Eur\u00f3pskeho parlamentu v Bruseli. Vyrazili sme z Ko\u0161\u00edc pln\u00ed o\u010dak\u00e1van\u00ed a&hellip;<\/p>\n","protected":false},"author":2,"featured_media":0,"comment_status":"open","ping_status":"open","sticky":false,"template":"","format":"standard","meta":{"footnotes":""},"categories":[1],"tags":[],"_links":{"self":[{"href":"https:\/\/noa.bart.sk\/index.php\/wp-json\/wp\/v2\/posts\/2318"}],"collection":[{"href":"https:\/\/noa.bart.sk\/index.php\/wp-json\/wp\/v2\/posts"}],"about":[{"href":"https:\/\/noa.bart.sk\/index.php\/wp-json\/wp\/v2\/types\/post"}],"author":[{"embeddable":true,"href":"https:\/\/noa.bart.sk\/index.php\/wp-json\/wp\/v2\/users\/2"}],"replies":[{"embeddable":true,"href":"https:\/\/noa.bart.sk\/index.php\/wp-json\/wp\/v2\/comments?post=2318"}],"version-history":[{"count":5,"href":"https:\/\/noa.bart.sk\/index.php\/wp-json\/wp\/v2\/posts\/2318\/revisions"}],"predecessor-version":[{"id":2325,"href":"https:\/\/noa.bart.sk\/index.php\/wp-json\/wp\/v2\/posts\/2318\/revisions\/2325"}],"wp:attachment":[{"href":"https:\/\/noa.bart.sk\/index.php\/wp-json\/wp\/v2\/media?parent=2318"}],"wp:term":[{"taxonomy":"category","embeddable":true,"href":"https:\/\/noa.bart.sk\/index.php\/wp-json\/wp\/v2\/categories?post=2318"},{"taxonomy":"post_tag","embeddable":true,"href":"https:\/\/noa.bart.sk\/index.php\/wp-json\/wp\/v2\/tags?post=2318"}],"curies":[{"name":"wp","href":"https:\/\/api.w.org\/{rel}","templated":true}]}}