{"id":2230,"date":"2024-05-07T11:25:14","date_gmt":"2024-05-07T09:25:14","guid":{"rendered":"https:\/\/noa.bart.sk\/?p=2230"},"modified":"2024-05-17T17:47:05","modified_gmt":"2024-05-17T15:47:05","slug":"osviencim-tragedia-a-poucenie","status":"publish","type":"post","link":"https:\/\/noa.bart.sk\/index.php\/2024\/05\/07\/osviencim-tragedia-a-poucenie\/","title":{"rendered":"Osvien\u010dim : Trag\u00e9dia a Pou\u010denie"},"content":{"rendered":"\n\n\n<figure class=\"wp-block-gallery has-nested-images columns-default is-cropped wp-block-gallery-1 is-layout-flex wp-block-gallery-is-layout-flex\"><div class=\"wp-block-image\">\n<figure class=\"alignleft size-large\"><img loading=\"lazy\" decoding=\"async\" width=\"1024\" height=\"576\" data-id=\"2247\" src=\"https:\/\/noa.bart.sk\/wp-content\/uploads\/picture1-2-1-1024x576.jpg\" alt=\"\" class=\"wp-image-2247\" srcset=\"https:\/\/noa.bart.sk\/wp-content\/uploads\/picture1-2-1-1024x576.jpg 1024w, https:\/\/noa.bart.sk\/wp-content\/uploads\/picture1-2-1-300x169.jpg 300w, https:\/\/noa.bart.sk\/wp-content\/uploads\/picture1-2-1-80x45.jpg 80w, https:\/\/noa.bart.sk\/wp-content\/uploads\/picture1-2-1-768x432.jpg 768w, https:\/\/noa.bart.sk\/wp-content\/uploads\/picture1-2-1-1536x864.jpg 1536w, https:\/\/noa.bart.sk\/wp-content\/uploads\/picture1-2-1.jpg 1820w\" sizes=\"(max-width: 1024px) 100vw, 1024px\" \/><\/figure><\/div><\/figure>\n\n\n\n<p>23.4.2024 sa na\u0161i druh\u00e1ci i\u0161li pozrie\u0165 na miesto spojen\u00e9 s najv\u00e4\u010d\u0161ej genoc\u00eddou v hist\u00f3rii \u013eudstva &#8211; ide o\u00a0Holokaust, cielen\u00e9 vyvra\u017e\u010fovanie \u017didov, politick\u00fdch oponentov, R\u00f3mov, Poliakov, telesne a ment\u00e1lne postihnut\u00fdch a v\u0161etk\u00fdch nepriate\u013eov nacistick\u00e9ho re\u017eimu, ktor\u00fd ni\u010dil Eur\u00f3pu od 1933 do roku 1945, ale niektor\u00ed \u013eudia sa zo zverstiev nacistick\u00e9ho re\u017eimu nepou\u010dili doteraz.<\/p>\n<p><strong>Arbeit macht frei<\/strong> slov\u00e1 spojene s ka\u017ed\u00fdm nacistick\u00fdm vyhladzovac\u00edm t\u00e1borom v preklade &#8211; \u201ePr\u00e1ca oslobodzuje\u201c s\u00fa slov\u00e1, ktor\u00e9 videl ka\u017ed\u00fd n\u00e1v\u0161tevn\u00edk koncentra\u010dn\u00e9ho t\u00e1bora.\u00a0 Je to n\u00e1pis, ktor\u00fd b\u00fdval\u00fdm v\u00e4z\u0148om d\u00e1val n\u00e1dej, \u017ee sa odtia\u013e pro tvrdej pr\u00e1ci m\u00f4\u017eu dosta\u0165 \u017eiv\u00ed.<\/p>\n<p>Bohu\u017eia\u013e sa to takmer nikomu z nich nepodarilo a \u00fatek v podstate nebol mo\u017en\u00fd, lebo ich od sveta odde\u013eovalo nieko\u013eko elektrick\u00fdch plotov z ostnat\u00e9ho dr\u00f4tu. Str\u00e1\u017enici SS so zbra\u0148ami a psami<\/p>\n<p>V Osvien\u010dime zahynulo pribli\u017ene 1,5 mili\u00f3na nevinn\u00fdch \u013eud\u00ed v plynov\u00fdch komor\u00e1ch, v d\u00f4sledku vyhladovania alebo \u0165a\u017ek\u00fdch pr\u00e1c. A\u017e 90% \u013eud\u00ed, ktor\u00ed v Osvien\u010dime zahynuli, boli \u017didia.\u2028<br \/>\u00a0<\/p>\n<p>V\u00e4zni sa museli tla\u010di\u0165 v mal\u00fdch nevykurovan\u00fdch miestnostiach, v ktor\u00fdch sa ve\u013emi r\u00fdchlo \u0161\u00edrili choroby a keby to nesta\u010dilo, tak ich su\u017eoval hlad a bolesti z mu\u010denia a nam\u00e1havej pr\u00e1ce.<\/p>\n<p>A m\u00fazeum v\u00a0Osvien\u010dime, ktor\u00e9 sme nav\u0161t\u00edvili, bolo najv\u00e4\u010d\u0161\u00edm monumentom zverstiev tohto chor\u00e9ho re\u017eimu postavenom na nadradenosti \u00e1rijskej rasy, ktor\u00fa si predstavovali ako vysok\u00fdch dobre stavan\u00fdch blondiakov s modr\u00fdmi o\u010dami, ktor\u00fdmi chceli nahradi\u0165 v\u0161etku takzvan\u00fa &#8222;podradn\u00fa rasu&#8220; a ak si niekto mysli, \u017ee my Slov\u00e1ci by sme obi\u0161li lep\u0161ie, tak sa \u0161eredne m\u00fdli. Nemci mali aj s nami svoje pl\u00e1ny, mali sme by\u0165 \u010fal\u0161\u00ed na rade a kto by neskon\u010dil v plynovej komore, bol by zotro\u010den\u00fd ako &#8222;podradn\u00e1 slovansk\u00e1 rasa&#8220; . A toto u\u017e nikdy nem\u00f4\u017eme dopusti\u0165, aby sa nejak\u00e1 skupina \u013eud\u00ed za\u010dala nadra\u010fova\u0165 nad druh\u00fdch, aj ke\u010f sme toho svedkami aj v dne\u0161nej dobe a tomu mus\u00edme u\u010dini\u0165 koniec. Lebo ak sa nepou\u010d\u00edme, budeme n\u00faten\u00ed si to zopakova\u0165. Lebo sloboda n\u00e1m nepadla len tak z\u00a0neba. Za slobodu mus\u00edme bojova\u0165 nielen za seba, ale aj za druh\u00fdch.<\/p>\n<p>\u00a0<\/p>\n<p>Matej<\/p>\n<p>\u00a0<\/p>\n<p>\u00a0<\/p>\n\n\n\n<figure class=\"wp-block-gallery has-nested-images columns-default is-cropped wp-block-gallery-2 is-layout-flex wp-block-gallery-is-layout-flex\">\n<figure class=\"wp-block-image size-large\"><img loading=\"lazy\" decoding=\"async\" width=\"1024\" height=\"683\" data-id=\"2248\" src=\"https:\/\/noa.bart.sk\/wp-content\/uploads\/picture3-1-1-1024x683.jpg\" alt=\"\" class=\"wp-image-2248\" srcset=\"https:\/\/noa.bart.sk\/wp-content\/uploads\/picture3-1-1-1024x683.jpg 1024w, https:\/\/noa.bart.sk\/wp-content\/uploads\/picture3-1-1-300x200.jpg 300w, https:\/\/noa.bart.sk\/wp-content\/uploads\/picture3-1-1-80x53.jpg 80w, https:\/\/noa.bart.sk\/wp-content\/uploads\/picture3-1-1-768x512.jpg 768w, https:\/\/noa.bart.sk\/wp-content\/uploads\/picture3-1-1.jpg 1536w\" sizes=\"(max-width: 1024px) 100vw, 1024px\" \/><\/figure>\n<\/figure>\n\n\n\n<figure class=\"wp-block-gallery has-nested-images columns-default is-cropped wp-block-gallery-3 is-layout-flex wp-block-gallery-is-layout-flex\"><\/figure>\n\n\n\n<figure class=\"wp-block-gallery has-nested-images columns-default is-cropped wp-block-gallery-4 is-layout-flex wp-block-gallery-is-layout-flex\"><\/figure>\n\n\n\n<figure class=\"wp-block-gallery has-nested-images columns-default is-cropped wp-block-gallery-5 is-layout-flex wp-block-gallery-is-layout-flex\"><\/figure>\n\n\n\n<figure class=\"wp-block-gallery has-nested-images columns-default is-cropped wp-block-gallery-6 is-layout-flex wp-block-gallery-is-layout-flex\"><\/figure>\n\n\n\n<figure class=\"wp-block-gallery has-nested-images columns-default is-cropped wp-block-gallery-7 is-layout-flex wp-block-gallery-is-layout-flex\"><\/figure>\n","protected":false},"excerpt":{"rendered":"","protected":false},"author":2,"featured_media":0,"comment_status":"open","ping_status":"open","sticky":false,"template":"","format":"standard","meta":{"footnotes":""},"categories":[1],"tags":[],"_links":{"self":[{"href":"https:\/\/noa.bart.sk\/index.php\/wp-json\/wp\/v2\/posts\/2230"}],"collection":[{"href":"https:\/\/noa.bart.sk\/index.php\/wp-json\/wp\/v2\/posts"}],"about":[{"href":"https:\/\/noa.bart.sk\/index.php\/wp-json\/wp\/v2\/types\/post"}],"author":[{"embeddable":true,"href":"https:\/\/noa.bart.sk\/index.php\/wp-json\/wp\/v2\/users\/2"}],"replies":[{"embeddable":true,"href":"https:\/\/noa.bart.sk\/index.php\/wp-json\/wp\/v2\/comments?post=2230"}],"version-history":[{"count":2,"href":"https:\/\/noa.bart.sk\/index.php\/wp-json\/wp\/v2\/posts\/2230\/revisions"}],"predecessor-version":[{"id":2249,"href":"https:\/\/noa.bart.sk\/index.php\/wp-json\/wp\/v2\/posts\/2230\/revisions\/2249"}],"wp:attachment":[{"href":"https:\/\/noa.bart.sk\/index.php\/wp-json\/wp\/v2\/media?parent=2230"}],"wp:term":[{"taxonomy":"category","embeddable":true,"href":"https:\/\/noa.bart.sk\/index.php\/wp-json\/wp\/v2\/categories?post=2230"},{"taxonomy":"post_tag","embeddable":true,"href":"https:\/\/noa.bart.sk\/index.php\/wp-json\/wp\/v2\/tags?post=2230"}],"curies":[{"name":"wp","href":"https:\/\/api.w.org\/{rel}","templated":true}]}}