{"id":2220,"date":"2024-03-27T18:08:05","date_gmt":"2024-03-27T16:08:05","guid":{"rendered":"http:\/\/noa.bart.sk\/?p=2220"},"modified":"2024-03-27T18:08:05","modified_gmt":"2024-03-27T16:08:05","slug":"den-ucitelov-5","status":"publish","type":"post","link":"https:\/\/noa.bart.sk\/index.php\/2024\/03\/27\/den-ucitelov-5\/","title":{"rendered":"De\u0148 u\u010dite\u013eov"},"content":{"rendered":"\n<figure class=\"wp-block-gallery alignleft columns-1 is-cropped wp-block-gallery-1 is-layout-flex wp-block-gallery-is-layout-flex\"><ul class=\"blocks-gallery-grid\"><li class=\"blocks-gallery-item\"><figure><img loading=\"lazy\" decoding=\"async\" width=\"1024\" height=\"864\" src=\"https:\/\/noa.bart.sk\/wp-content\/uploads\/komensky-3-1024x864.jpg\" alt=\"\" data-id=\"2221\" data-full-url=\"https:\/\/noa.bart.sk\/wp-content\/uploads\/komensky-3.jpg\" data-link=\"https:\/\/noa.bart.sk\/?attachment_id=2221\" class=\"wp-image-2221\" srcset=\"https:\/\/noa.bart.sk\/wp-content\/uploads\/komensky-3-1024x864.jpg 1024w, https:\/\/noa.bart.sk\/wp-content\/uploads\/komensky-3-300x253.jpg 300w, https:\/\/noa.bart.sk\/wp-content\/uploads\/komensky-3-80x67.jpg 80w, https:\/\/noa.bart.sk\/wp-content\/uploads\/komensky-3-768x648.jpg 768w, https:\/\/noa.bart.sk\/wp-content\/uploads\/komensky-3-1536x1296.jpg 1536w, https:\/\/noa.bart.sk\/wp-content\/uploads\/komensky-3-2048x1728.jpg 2048w\" sizes=\"(max-width: 1024px) 100vw, 1024px\" \/><\/figure><\/li><\/ul><\/figure>\n\n\n\n<p><em>\u201eDe\u0148 u\u010dite\u013eov,\u201c<\/em> je to jedin\u00fd de\u0148 v roku, kedy si v\u0161etci pripom\u00edname d\u00f4le\u017eitos\u0165 pr\u00e1ce, snahy a&nbsp;obetavosti na\u0161ich u\u010dite\u013eov a&nbsp;pedag\u00f3gov. Ka\u017ed\u00fd rok 28. marca vzd\u00e1vame hold \u013eu\u010fom, ktor\u00fdm na n\u00e1s z\u00e1le\u017e\u00ed, aby na\u0161e vzdelanie, schopnosti a zru\u010dnosti boli \u010do najv\u00e4\u010d\u0161ie. Prostredn\u00edctvom nich sme du\u0161evne obohacovan\u00ed a&nbsp;nastavujeme si svoj \u017eivotn\u00fd smer a&nbsp;ciele.<\/p>\n\n\n\n<!--more-->\n\n\n\n<p>Tak\u00fdchto dn\u00ed v&nbsp;roku by malo by\u0165 viac.&nbsp; Prem\u00fd\u0161\u013eam o&nbsp;tom ako \u0161tudentka,&nbsp; ktor\u00e1 dost\u00e1va mno\u017estvo nov\u00fdch&nbsp; inform\u00e1ci\u00ed, vedomost\u00ed, ale aj \u013eudskosti a&nbsp;pochopenia. Nik in\u00fd n\u00e1m to ned\u00e1, preto\u017ee u\u010ditelia s\u00fa zdrojom m\u00fadrosti a&nbsp;ak otvor\u00edme svoje mysle, dok\u00e1\u017eeme prija\u0165 \u010das\u0165 toho, \u010do n\u00e1m sami d\u00e1vaj\u00fa a&nbsp;odovzd\u00e1vaj\u00fa pre rozvoj \u010fal\u0161\u00edch gener\u00e1ci\u00ed. Na\u0161a v\u010faka a&nbsp;\u00facta k&nbsp;t\u00fdmto \u013eu\u010fom m\u00e1 by\u0165 prirodzen\u00e1 a&nbsp;v\u0161tepovan\u00e1 rodinou, v&nbsp;ktorej vyrast\u00e1me. Je pre n\u00e1s prirodzen\u00e9 a&nbsp;neodmyslite\u013en\u00e9, \u017ee m\u00e1me v\u00f4kol seba u\u010dite\u013eov staraj\u00facich sa o&nbsp;na\u0161e potreby v&nbsp;oblasti vzdel\u00e1vania a&nbsp;pomoci. Zab\u00fadame v\u0161ak na to, \u017ee po\u010fakova\u0165 sa a&nbsp;vyjadri\u0165 uznanie nie je na\u0161ou silnou str\u00e1nkou. Na tom by sme mali pracova\u0165 ako jednotlivci, ale aj ako kolekt\u00edv.<\/p>\n\n\n\n<p>Sta\u0165 sa u\u010dite\u013eom je vlastne poslan\u00edm. Nie je to zamestnanie a&nbsp;pr\u00e1ca ako in\u00e9, v ktor\u00fdch si pracovn\u00edk spln\u00ed povinnosti a&nbsp;zamkne kancel\u00e1riu. Maj\u00fa zodpovednos\u0165 vo\u010di n\u00e1m, v\u0161etk\u00fdm \u017eiakom, \u0161tudentom, pre\u017e\u00edvaj\u00fa s&nbsp;nami mnoh\u00e9 na\u0161e starosti a&nbsp;ne\u013eahk\u00e9 situ\u00e1cie, rie\u0161ia na\u0161e probl\u00e9my po pracovnej dobe, komunikuj\u00fa s&nbsp;na\u0161imi rodi\u010dmi ako n\u00e1m pom\u00f4c\u0165, ak m\u00e1me kr\u00edzov\u00e9 situ\u00e1cie, staraj\u00fa sa o&nbsp;na\u0161e tr\u00e1penia, s&nbsp;ktor\u00fdmi si nevieme sami poradi\u0165.<\/p>\n\n\n\n<p>Pr\u00e1ve v&nbsp;t\u00fdchto ne\u013eahk\u00fdch d\u0148och by sme mali \u010doraz viac prejavova\u0165 vo\u010di u\u010dite\u013eom empatiu a&nbsp;by\u0165 s&nbsp;nimi s\u00fadr\u017en\u00ed a&nbsp;zodpovednej\u0161\u00ed. Ich povinnosti boli zn\u00e1soben\u00e9 d\u00f4sledkami tejto covidovej doby a&nbsp;vojnov\u00e9ho stavu na Ukrajine. Nik ich na to nepripravoval, \u017ee svet postihne pand\u00e9mia alebo vojna. Ve\u010f sme \u017eili v&nbsp;pokojn\u00fdch mierov\u00fdch podmienkach a&nbsp;demokracii a&nbsp;stoto\u017enili sa s&nbsp;t\u00fdm, \u017ee je prirodzen\u00e9 r\u00e1no vsta\u0165 a&nbsp;v&nbsp;k\u013eude sa dopravi\u0165 do \u0161koly a&nbsp;domov. Na\u0161i u\u010ditelia, pedag\u00f3govia brav\u00farne zvl\u00e1dli dva roky di\u0161tan\u010dn\u00e9ho vzdel\u00e1vania, s\u00fa ochotn\u00ed u\u010di\u0165 deti vojnov\u00fdch ute\u010dencov, vo svojom vo\u013enom \u010dase sa st\u00e1vaj\u00fa dobrovo\u013en\u00edkmi a&nbsp;pom\u00e1haj\u00fa, odovzd\u00e1vaj\u00fa svoje \u017eivotn\u00e9 sk\u00fasenosti, a&nbsp;to nie iba v&nbsp;prospech \u017eiakov, ale v&nbsp;prospech v\u0161etk\u00fdch \u013eud\u00ed.<\/p>\n\n\n\n<p>Ned\u00e1 mi nespomen\u00fa\u0165 v\u00fdrok u\u010dite\u013ea n\u00e1rodov J\u00e1na Amosa Komensk\u00e9ho: <em>\u201eKomuko\u013evek m\u00f4\u017ee\u0161 pom\u00f4c\u0165, pom\u00f4\u017e r\u00e1d. Ve\u010f d\u00e1vno sa hovor\u00ed, \u017ee sl\u00fa\u017ei\u0165 a&nbsp;pom\u00e1ha\u0165 s\u00fa vlastnosti vzne\u0161en\u00fdch \u013eud\u00ed.\u201c <\/em>T\u00fdmito p\u00e1r vetami, ktor\u00e9 som nap\u00edsala, chcem vyjadri\u0165 ve\u013ek\u00e9 \u010eAKUJEM v\u0161etk\u00fdm u\u010dite\u013eom za ich neocenite\u013en\u00fa pr\u00e1cu a&nbsp;poprosi\u0165 ich, aby to s&nbsp;nami nevzd\u00e1vali.<\/p>\n\n\n\n<p>Nat\u00e1lia<\/p>\n","protected":false},"excerpt":{"rendered":"<p>\u201eDe\u0148 u\u010dite\u013eov,\u201c je to jedin\u00fd de\u0148 v roku, kedy si v\u0161etci pripom\u00edname d\u00f4le\u017eitos\u0165 pr\u00e1ce, snahy a&nbsp;obetavosti na\u0161ich u\u010dite\u013eov a&nbsp;pedag\u00f3gov. Ka\u017ed\u00fd rok 28. marca vzd\u00e1vame hold \u013eu\u010fom, ktor\u00fdm na n\u00e1s z\u00e1le\u017e\u00ed,&hellip;<\/p>\n","protected":false},"author":2,"featured_media":0,"comment_status":"open","ping_status":"open","sticky":false,"template":"","format":"standard","meta":{"footnotes":""},"categories":[1],"tags":[],"_links":{"self":[{"href":"https:\/\/noa.bart.sk\/index.php\/wp-json\/wp\/v2\/posts\/2220"}],"collection":[{"href":"https:\/\/noa.bart.sk\/index.php\/wp-json\/wp\/v2\/posts"}],"about":[{"href":"https:\/\/noa.bart.sk\/index.php\/wp-json\/wp\/v2\/types\/post"}],"author":[{"embeddable":true,"href":"https:\/\/noa.bart.sk\/index.php\/wp-json\/wp\/v2\/users\/2"}],"replies":[{"embeddable":true,"href":"https:\/\/noa.bart.sk\/index.php\/wp-json\/wp\/v2\/comments?post=2220"}],"version-history":[{"count":1,"href":"https:\/\/noa.bart.sk\/index.php\/wp-json\/wp\/v2\/posts\/2220\/revisions"}],"predecessor-version":[{"id":2222,"href":"https:\/\/noa.bart.sk\/index.php\/wp-json\/wp\/v2\/posts\/2220\/revisions\/2222"}],"wp:attachment":[{"href":"https:\/\/noa.bart.sk\/index.php\/wp-json\/wp\/v2\/media?parent=2220"}],"wp:term":[{"taxonomy":"category","embeddable":true,"href":"https:\/\/noa.bart.sk\/index.php\/wp-json\/wp\/v2\/categories?post=2220"},{"taxonomy":"post_tag","embeddable":true,"href":"https:\/\/noa.bart.sk\/index.php\/wp-json\/wp\/v2\/tags?post=2220"}],"curies":[{"name":"wp","href":"https:\/\/api.w.org\/{rel}","templated":true}]}}