{"id":2215,"date":"2024-02-19T19:33:00","date_gmt":"2024-02-19T17:33:00","guid":{"rendered":"http:\/\/noa.bart.sk\/?p=2215"},"modified":"2024-02-19T19:33:01","modified_gmt":"2024-02-19T17:33:01","slug":"cesta-do-europskeho-parlamentu","status":"publish","type":"post","link":"https:\/\/noa.bart.sk\/index.php\/2024\/02\/19\/cesta-do-europskeho-parlamentu\/","title":{"rendered":"Cesta do Eur\u00f3pskeho parlamentu"},"content":{"rendered":"\n<figure class=\"wp-block-gallery alignleft columns-1 is-cropped wp-block-gallery-1 is-layout-flex wp-block-gallery-is-layout-flex\"><ul class=\"blocks-gallery-grid\"><li class=\"blocks-gallery-item\"><figure><img loading=\"lazy\" decoding=\"async\" width=\"1024\" height=\"767\" src=\"https:\/\/noa.bart.sk\/wp-content\/uploads\/427076614_1060468631902679_3795842077741534976_n-1024x767.jpg\" alt=\"\" data-id=\"2216\" data-full-url=\"https:\/\/noa.bart.sk\/wp-content\/uploads\/427076614_1060468631902679_3795842077741534976_n.jpg\" data-link=\"https:\/\/noa.bart.sk\/?attachment_id=2216\" class=\"wp-image-2216\" srcset=\"https:\/\/noa.bart.sk\/wp-content\/uploads\/427076614_1060468631902679_3795842077741534976_n-1024x767.jpg 1024w, https:\/\/noa.bart.sk\/wp-content\/uploads\/427076614_1060468631902679_3795842077741534976_n-300x225.jpg 300w, https:\/\/noa.bart.sk\/wp-content\/uploads\/427076614_1060468631902679_3795842077741534976_n-80x60.jpg 80w, https:\/\/noa.bart.sk\/wp-content\/uploads\/427076614_1060468631902679_3795842077741534976_n-768x575.jpg 768w, https:\/\/noa.bart.sk\/wp-content\/uploads\/427076614_1060468631902679_3795842077741534976_n.jpg 1170w\" sizes=\"(max-width: 1024px) 100vw, 1024px\" \/><\/figure><\/li><\/ul><\/figure>\n\n\n\n<p>\u0160iesti \u0161tudenti na\u0161ej \u0161koly v d\u0148och od 4.-7. febru\u00e1ra dostali mo\u017enos\u0165, ktor\u00e1 sa len tak neodmieta. N\u00e1v\u0161tevu do Europarlamentu v \u0160trasburgu!<\/p>\n\n\n\n<!--more-->\n\n\n\n<p>Na\u0161a cesta za\u010dala v nede\u013eu na \u017eelezni\u010dnej stanici v Ko\u0161iciach. Cestovali sme do Pre\u0161ova, kde sme nasadli do autobusu a n\u00e1\u0161 v\u00fdlet mohol za\u010da\u0165. Cesta bola dlh\u00e1, \u00fanavn\u00e1, no mysl\u00edm, \u017ee na\u0161e nad\u0161enie to neodradilo. Po \u00faspe\u0161nej ceste sme v pondelok r\u00e1no vyst\u00fapili z autobusu a za\u010dali sk\u00fama\u0165 kr\u00e1sy \u0160trasburgu. Na\u0161e prv\u00e9 kroky viedli na n\u00e1mestie a k historick\u00e9mu chr\u00e1mu. Mus\u00edm poveda\u0165, \u017ee \u0160trasburg je naozaj kr\u00e1sne miesto, ktor\u00e9 by mal ka\u017ed\u00fd vidie\u0165. Jeho tajomn\u00e9 historick\u00e9 uli\u010dky skr\u00fdvaj\u00fa r\u00f4zne tajomstv\u00e1. N\u00e1dhern\u00e9 kaviarne a mal\u00e9 obchod\u00edky so suven\u00edrmi s\u00fa neoddelite\u013enou s\u00fa\u010das\u0165ou tohto mesta. Okolo 17:00 na\u0161e potulky mestom skon\u010dili a v\u0161etci sme sa te\u0161ili na hotel. Ve\u010dera bola tradi\u010dn\u00e1 franc\u00fazska, no n\u00e1s ve\u013emi neoslovila. Bolo to\u2026 zauj\u00edmav\u00e9&#x1f600;. Ve\u010der sa u\u017e ka\u017ed\u00fd te\u0161il na sp\u00e1nok v posteli, ke\u010f\u017ee v utorok n\u00e1s \u010dakal hlavn\u00fd bod programu, a to n\u00e1v\u0161teva europarlamentu.<\/p>\n\n\n\n<p>Nastal kone\u010dne de\u0148 D a my sme sa u\u017e od skor\u00e9ho r\u00e1na nevedeli do\u010dka\u0165 dlhoo\u010dak\u00e1vanej n\u00e1v\u0161tevy. R\u00e1no sme za\u010dali \u00fa\u017easn\u00fdmi ra\u0148ajkami, pobalili sme sa a mohli sme vyrazi\u0165. Na\u0161a prv\u00e1 zast\u00e1vka bolo centrum \u0160trasburgu, kde sme si dali lahodn\u00fa k\u00e1vi\u010dku na n\u00e1mest\u00ed. \u010ealej n\u00e1s \u010dakala plavba lo\u010fou po rieke R\u00fdn. Bol to nezabudnute\u013en\u00fd z\u00e1\u017eitok ako spozna\u0165 mesto z trochu in\u00e9ho poh\u013eadu. Cestou k europarlamentu n\u00e1s \u010dakalo nemil\u00e9 prekvapenie. Protest po\u013enohospod\u00e1rov. Museli sme \u00eds\u0165 ur\u010dit\u00fa \u010das\u0165 aj pe\u0161i, ke\u010f\u017ee cesta bola zatarasen\u00e1.<\/p>\n\n\n\n<figure class=\"wp-block-gallery alignleft columns-1 is-cropped wp-block-gallery-2 is-layout-flex wp-block-gallery-is-layout-flex\"><ul class=\"blocks-gallery-grid\"><li class=\"blocks-gallery-item\"><figure><img loading=\"lazy\" decoding=\"async\" width=\"768\" height=\"1024\" src=\"https:\/\/noa.bart.sk\/wp-content\/uploads\/428155584_373685228935981_8557816951951142732_n-768x1024.jpg\" alt=\"\" data-id=\"2217\" data-full-url=\"https:\/\/noa.bart.sk\/wp-content\/uploads\/428155584_373685228935981_8557816951951142732_n.jpg\" data-link=\"https:\/\/noa.bart.sk\/?attachment_id=2217\" class=\"wp-image-2217\" srcset=\"https:\/\/noa.bart.sk\/wp-content\/uploads\/428155584_373685228935981_8557816951951142732_n-768x1024.jpg 768w, https:\/\/noa.bart.sk\/wp-content\/uploads\/428155584_373685228935981_8557816951951142732_n-225x300.jpg 225w, https:\/\/noa.bart.sk\/wp-content\/uploads\/428155584_373685228935981_8557816951951142732_n-60x80.jpg 60w, https:\/\/noa.bart.sk\/wp-content\/uploads\/428155584_373685228935981_8557816951951142732_n-1152x1536.jpg 1152w, https:\/\/noa.bart.sk\/wp-content\/uploads\/428155584_373685228935981_8557816951951142732_n.jpg 1170w\" sizes=\"(max-width: 768px) 100vw, 768px\" \/><\/figure><\/li><\/ul><\/figure>\n\n\n\n<p>Pred vstupom do europarlamentu sme pre\u0161li pr\u00edsnou kontrolu, kde n\u00e1m preh\u013eadali v\u0161etky veci.&nbsp; Vstup bol dych ber\u00faci a nikto neveril vlastn\u00fdm o\u010diam. O\u010darila n\u00e1s architekt\u00fara budovy a jej rozmer. Nasledovala diskusia s poslanky\u0148ou Eur\u00f3pskeho parlamentu Luciou \u010euri\u0161 Nicholsonovou. Bolo to ve\u013emi prijemne stretnutie, z ktor\u00e9ho sme si odniesli zauj\u00edmav\u00e9 inform\u00e1cie. Po prehliadke europarlamentu nasledovala cesta na Slovensko.<\/p>\n\n\n\n<p>Na z\u00e1ver by som sa chcela po\u010fakova\u0165 p.p Luk\u00e1\u010dovi za mo\u017enos\u0165 z\u00fa\u010dastni\u0165 sa na tomto v\u00fdlete plnom spomienok, sk\u00fasenost\u00ed a nezabudnute\u013en\u00fdch z\u00e1\u017eitkov.<\/p>\n\n\n\n<p>Ester<\/p>\n","protected":false},"excerpt":{"rendered":"<p>\u0160iesti \u0161tudenti na\u0161ej \u0161koly v d\u0148och od 4.-7. febru\u00e1ra dostali mo\u017enos\u0165, ktor\u00e1 sa len tak neodmieta. N\u00e1v\u0161tevu do Europarlamentu v \u0160trasburgu!<\/p>\n","protected":false},"author":2,"featured_media":0,"comment_status":"open","ping_status":"open","sticky":false,"template":"","format":"standard","meta":{"footnotes":""},"categories":[1],"tags":[],"_links":{"self":[{"href":"https:\/\/noa.bart.sk\/index.php\/wp-json\/wp\/v2\/posts\/2215"}],"collection":[{"href":"https:\/\/noa.bart.sk\/index.php\/wp-json\/wp\/v2\/posts"}],"about":[{"href":"https:\/\/noa.bart.sk\/index.php\/wp-json\/wp\/v2\/types\/post"}],"author":[{"embeddable":true,"href":"https:\/\/noa.bart.sk\/index.php\/wp-json\/wp\/v2\/users\/2"}],"replies":[{"embeddable":true,"href":"https:\/\/noa.bart.sk\/index.php\/wp-json\/wp\/v2\/comments?post=2215"}],"version-history":[{"count":1,"href":"https:\/\/noa.bart.sk\/index.php\/wp-json\/wp\/v2\/posts\/2215\/revisions"}],"predecessor-version":[{"id":2218,"href":"https:\/\/noa.bart.sk\/index.php\/wp-json\/wp\/v2\/posts\/2215\/revisions\/2218"}],"wp:attachment":[{"href":"https:\/\/noa.bart.sk\/index.php\/wp-json\/wp\/v2\/media?parent=2215"}],"wp:term":[{"taxonomy":"category","embeddable":true,"href":"https:\/\/noa.bart.sk\/index.php\/wp-json\/wp\/v2\/categories?post=2215"},{"taxonomy":"post_tag","embeddable":true,"href":"https:\/\/noa.bart.sk\/index.php\/wp-json\/wp\/v2\/tags?post=2215"}],"curies":[{"name":"wp","href":"https:\/\/api.w.org\/{rel}","templated":true}]}}