{"id":2205,"date":"2024-01-18T15:10:47","date_gmt":"2024-01-18T13:10:47","guid":{"rendered":"http:\/\/noa.bart.sk\/?p=2205"},"modified":"2024-01-18T15:10:48","modified_gmt":"2024-01-18T13:10:48","slug":"makat-na-sebe-ma-cenu-dofe","status":"publish","type":"post","link":"https:\/\/noa.bart.sk\/index.php\/2024\/01\/18\/makat-na-sebe-ma-cenu-dofe\/","title":{"rendered":"Maka\u0165 na sebe m\u00e1 cenu &#8211; DOfE!"},"content":{"rendered":"\n<p><\/p>\n\n\n\n<p>Tento medzin\u00e1rodn\u00fd program zameran\u00fd na rozvoj mlad\u00fdch \u013eud\u00ed v oblasti talentu, \u0161portu a dobrovo\u013en\u00edctva u\u017e je v\u00e1m ur\u010dite dobre zn\u00e1my. Vedeli ste ale, \u017ee minul\u00fd rok na sebe pracovalo viac ako 7500 akt\u00edvnych mlad\u00fdch \u013eud\u00ed? \u010co je v\u0161ak na tom najlep\u0161ie? &#8211; Aj my sme boli a sme s\u00fa\u010das\u0165ou! <\/p>\n\n\n\n<!--more-->\n\n\n\n<p><\/p>\n\n\n\n<p>Aj tento rok, rovnako, ako to u\u017e b\u00fdva zvykom, s\u00fa na na\u0161ej \u0161kole akt\u00edvni dof\u00e1ci a dof\u00e1\u010dky. Dovolila som si preto s niektor\u00fdmi z aktu\u00e1lnych, ale aj minul\u00fdch \u00fa\u010dastn\u00ed\u010dok urobi\u0165 kr\u00e1tky rozhovor o tom, \u010do DOfE znamen\u00e1 pr\u00e1ve pre nich.<\/p>\n\n\n\n<p><strong>1. Pre\u010do si sa rozhodla prih\u00e1si\u0165 do programu DOfE, kto alebo \u010do \u0165a k tomu in\u0161pirovalo?<\/strong><\/p>\n\n\n\n<p>N.K. : K prihl\u00e1seniu ma u\u010dite in\u0161pirovali moji priatelia, ktor\u00ed u\u017e DOfE \u00faspe\u0161ne absolvovali. Taktie\u017e som bola ve\u013emi zvedav\u00e1, \u010do to obn\u00e1\u0161a a \u010di som schopn\u00e1 to zvl\u00e1dnu\u0165.<\/p>\n\n\n\n<p>S.T. : Do DOfE som sa prihl\u00e1sila preto\u017ee ma to ve\u013emi zaujalo a chcela som vysk\u00fa\u0161a\u0165 nie\u010do nov\u00e9 a do nie\u010doho sa zapoji\u0165. In\u0161pirovala ma k tomu moja \u0161kola a taktie\u017e kamar\u00e1tka mimo \u0161koly, ktor\u00e1 je do programu tie\u017e zapojen\u00e1.<\/p>\n\n\n\n<p>M.B. : V\u010faka mojej mamke som sa dostala k DOfE. Ke\u010f\u017ee m\u00e1m rada prekon\u00e1va\u0165 sa, u\u010di\u0165 sa nov\u00e9 veci a za\u017ei\u0165 ve\u013ea dobrodru\u017estiev, pri\u0161lo mi to ako skvel\u00fd n\u00e1pad.<\/p>\n\n\n\n<p>J.S.S. : Do DOfE som sa rozhodla prihl\u00e1si\u0165 hlavne kv\u00f4li mojej u\u010dite\u013eke angli\u010dtiny, ktor\u00e1 mi to odporu\u010dila.<\/p>\n\n\n\n<p><strong>2. Mala si nejak\u00e9 \u0165a\u017ekosti s prihasovan\u00edm\/v\u00fdberom aktiv\u00edt? Ak \u00e1no, ako sa ti ich podarilo vyrie\u0161i\u0165?<\/strong><\/p>\n\n\n\n<p>N.K. : Nikdy som ani neuva\u017eovala, \u017ee by som svoj vo\u013en\u00fd \u010das tr\u00e1vila dobrovo\u013en\u00ed\u010den\u00edm &#8211; preto bol pre m\u0148a probl\u00e9m vybra\u0165 t\u00fato aktivitu. Potom som objavila program Stand by me. Predstava, \u017ee by som mala s niek\u00fdm spo\u010diatku cudz\u00edm tr\u00e1vi\u0165 \u010das ma desila a z\u00e1rove\u0148 l\u00e1kala. Na\u0161la som si svojho Budd\u00edka a teraz t\u00e1to aktivita patr\u00ed medzi moje najob\u013e\u00fabenej\u0161ie.<\/p>\n\n\n\n<p>S.T. : S prihlasovan\u00edm som nemala \u017eiaden probl\u00e9m, no \u010do sa t\u00fdka aktiv\u00edt, dlho som prem\u00fd\u0161\u013eala, \u010do si d\u00e1m ako dobrovo\u013en\u00edctvo, ke\u010f\u017ee som si chcela vybra\u0165 nie\u010do \u010do by ma bavilo a bolo by to spojen\u00e9 s pr\u00edrodou. Nevedela som v\u0161ak n\u00e1js\u0165 \u017eiadnu organiz\u00e1ciu, do ktorej by som sa mohla zapoji\u0165.<\/p>\n\n\n\n<p>M.B. : Najn\u00e1ro\u010dnej\u0161ie pre m\u0148a bolo ur\u010di\u0165 si ciele. Na\u0161\u0165asie mi s t\u00fdm pomohla moja mentorka.<\/p>\n\n\n\n<p>J.S.S. : Jedin\u00e9 s \u010d\u00edm som mala probl\u00e9m bolo prihl\u00e1si\u0165 sa do \u010cerven\u00e9ho kr\u00ed\u017ea, ke\u010f\u017ee bol Covid a museli sme by\u0165 doma.<\/p>\n\n\n\n<p><strong>3. Ako sa ti zatia\u013e dar\u00ed v plnen\u00ed svojich stanoven\u00fdch cie\u013eov? (ak chce\u0161, pop\u00ed\u0161 aj jednotliv\u00e9 aktivity, ktor\u00fdm sa venuje\u0161)<\/strong><\/p>\n\n\n\n<p>N.K. : Aj ke\u010f je to ob\u010das \u0165a\u017ek\u00e9, zos\u00faladi\u0165 \u0161kolu, tr\u00e9ningy a 3 aktivity z DOfE do jedn\u00e9ho t\u00fd\u017ed\u0148a, sna\u017e\u00edm sa na svojich cie\u013eoch pracova\u0165 pravidelne.<\/p>\n\n\n\n<p>S.T. : \u010co sa t\u00fdka mojej hlavnej aktivity dar\u00ed sa mi ve\u013emi dobre. Ako cie\u013e som si stanovila \u017ee pre\u010d\u00edtam aspo\u0148 dve knihy za mesiac a moment\u00e1lne u\u017e kon\u010d\u00edm svoju prv\u00fa. Som za to ve\u013emi rada ke\u010f\u017ee v\u010faka DOfE m\u00e1m op\u00e4\u0165 motiv\u00e1ciu za\u010da\u0165 robi\u0165 to, \u010do ma kedysi ve\u013emi bavilo. Aj s dobrovo\u013en\u00edctvom, na ktor\u00e9 som si dala, \u017ee budem chodi\u0165 zbiera\u0165 odpadky do lesa mi to ide dobre. Naposledy som vyzbierala pln\u00e9 vrece odpadkov. \u010co sa t\u00fdka \u0161portu, mus\u00edm si e\u0161te nastavi\u0165 hodnotite\u013ea, tak\u017ee som e\u0161te nepokro\u010dila.<\/p>\n\n\n\n<p>M.B. : V\u017edy, ke\u010f m\u00e1m nejak\u00fa pr\u00edle\u017eitos\u0165, vyu\u017e\u00edvam ju naplno. Moje ciele s\u00fa realizovate\u013en\u00e9, tak\u017ee som rada, \u017ee sa zlep\u0161ujem.<\/p>\n\n\n\n<p>J.S.S. : Moment\u00e1lne nie som \u010dlenkou, ale ke\u010f som \u0148ou bola, najv\u00e4\u010d\u0161ie \u0165a\u017ekosti som mala s plnen\u00edm m\u00f4jho cie\u013eu na \u0161port, ke\u010f\u017ee som si vybrala, \u017ee vydr\u017e\u00edm 5 min\u00fat v planku a nesk\u00f4r som zistila, \u017ee je to pre m\u0148a nemo\u017en\u00e9 a preto som to aj menila, a potom e\u0161te aj prihlasovanie do Kr\u00ed\u017ea, ale potom to u\u017e i\u0161lo hladko.<\/p>\n\n\n\n<p><strong>4. \u010co moment\u00e1lne vn\u00edma\u0161 ako najv\u00e4\u010d\u0161ie plus mo\u017enosti by\u0165 s\u00fa\u010das\u0165ou programu?<\/strong><\/p>\n\n\n\n<p>N.K. : Pre m\u0148a je ve\u013ek\u00e9 plus pocit spolupatri\u010dnosti a certifik\u00e1t, ktor\u00e9 DOfE pon\u00faka. M\u00e1m z toho dobr\u00fd pocit, \u017ee si niekto naozaj cen\u00ed to, \u010do som dosiahla. V dne\u0161nej dobe s\u00fa \u00faspechy ve\u013emi nedocenen\u00e9, ak nejde o akademick\u00e9.<\/p>\n\n\n\n<p>S.T. : Ako najv\u00e4\u010d\u0161ie plus vn\u00edmam, \u017ee ma to motivuje robi\u0165 nie\u010do dobr\u00e9 pre seba, no aj pre svoje okolie.<\/p>\n\n\n\n<p>M.B. : Vn\u00edmam, \u017ee je to siln\u00e1 komunita, ktor\u00e1 mi pom\u00f4\u017ee spestri\u0165 m\u00f4j \u017eivotopis, rozvoj samej seba a spozn\u00e1vanie nov\u00fdch \u013eud\u00ed.<\/p>\n\n\n\n<p>J.S.S. : Dalo mi to nesmierne ve\u013ea nov\u00fdch sk\u00fasenost\u00ed v oblasti prvej pomoci (PP) a ve\u013emi ma to bavilo, dokonca a\u017e nato\u013eko, \u017ee som u\u017e teraz lektorkou PP.<\/p>\n\n\n\n<p><strong>5. Odporu\u010dila by si svojim spolu\u017eiakom\/kamar\u00e1tom zapoji\u0165 sa do DOfE? (ak \u00e1no, pre\u010do)<\/strong><\/p>\n\n\n\n<p>N.K. : Ur\u010dite \u00e1no. Pri DOfE sa neplnia len ciele, u\u010d\u00edm sa aj ak\u00e1 je d\u00f4le\u017eit\u00e1 cesta k cie\u013eom. Tie\u017e mi to upev\u0148uje discipl\u00ednu a n\u00fati ma si viac organizova\u0165 svoj vo\u013en\u00fd \u010das.<\/p>\n\n\n\n<p>S.T. : Ur\u010dit\u00e9 \u00e1no. DOfE v\u00e1m d\u00e1 motiv\u00e1ciu vysk\u00fa\u0161a\u0165 nov\u00e9 veci alebo sa vr\u00e1ti\u0165 ku star\u00e9mu hobby, ktor\u00e9 v\u00e1s zvyklo ve\u013emi bavi\u0165.<\/p>\n\n\n\n<p>M.B. : V\u0161etky moje o\u010dak\u00e1vania sa mi naplnili. Na z\u00e1klade stanovenia svojich cie\u013eov som po cel\u00fd \u010das motivovan\u00e1. Taktie\u017e som za\u017eila nespo\u010detne ve\u013ea z\u00e1\u017eitkov, na ktor\u00e9 spom\u00ednam s \u00fasmevom. Rozhodne to odpor\u00fa\u010dam v\u0161etk\u00fdm, ktor\u00ed chc\u00fa na sebe pracova\u0165.<\/p>\n\n\n\n<p>J.S.S. : Odpor\u00fa\u010dila by som im to, ale vybra\u0165 si lep\u0161ie ciele ako ja (teda a\u017e na ten Kr\u00ed\u017e, to by som nemenila za ni\u010d na svete).<\/p>\n\n\n\n<p><strong>Chce\u0161 aj ty nadobudn\u00fa\u0165 nov\u00e9 vedomosti, objavi\u0165 svoj skryt\u00fd talent \u010di spozna\u0165 nov\u00fdch \u013eud\u00ed a z\u00edska\u0165 nezabudnute\u013en\u00e9 z\u00e1\u017eitky? Pridaj sa k n\u00e1m, objav \u010daro DOfE a z\u00edskaj medzin\u00e1rodne uzn\u00e1van\u00fd certifik\u00e1t!<\/strong><\/p>\n\n\n\n<p>Moje ot\u00e1zky ochotne zodpovedali: Nina Kleba\u0161kov\u00e1 z II.A, Sarah Tresov\u00e1 z II.E, Monika B\u00e1nyaiov\u00e1 z<\/p>\n\n\n\n<p>III.C a J\u00falia S\u00e1ra Sedl\u00e1kov\u00e1 z IV.E.<\/p>\n\n\n\n<p>Barbora Lipt\u00e1kov\u00e1 (taktie\u017e aktu\u00e1lna \u010dlenka a ambas\u00e1dorka DOfE)<\/p>\n","protected":false},"excerpt":{"rendered":"<p>Tento medzin\u00e1rodn\u00fd program zameran\u00fd na rozvoj mlad\u00fdch \u013eud\u00ed v oblasti talentu, \u0161portu a dobrovo\u013en\u00edctva u\u017e je v\u00e1m ur\u010dite dobre zn\u00e1my. Vedeli ste ale, \u017ee minul\u00fd rok na sebe pracovalo viac&hellip;<\/p>\n","protected":false},"author":7,"featured_media":0,"comment_status":"open","ping_status":"open","sticky":false,"template":"","format":"standard","meta":{"footnotes":""},"categories":[1],"tags":[],"_links":{"self":[{"href":"https:\/\/noa.bart.sk\/index.php\/wp-json\/wp\/v2\/posts\/2205"}],"collection":[{"href":"https:\/\/noa.bart.sk\/index.php\/wp-json\/wp\/v2\/posts"}],"about":[{"href":"https:\/\/noa.bart.sk\/index.php\/wp-json\/wp\/v2\/types\/post"}],"author":[{"embeddable":true,"href":"https:\/\/noa.bart.sk\/index.php\/wp-json\/wp\/v2\/users\/7"}],"replies":[{"embeddable":true,"href":"https:\/\/noa.bart.sk\/index.php\/wp-json\/wp\/v2\/comments?post=2205"}],"version-history":[{"count":1,"href":"https:\/\/noa.bart.sk\/index.php\/wp-json\/wp\/v2\/posts\/2205\/revisions"}],"predecessor-version":[{"id":2206,"href":"https:\/\/noa.bart.sk\/index.php\/wp-json\/wp\/v2\/posts\/2205\/revisions\/2206"}],"wp:attachment":[{"href":"https:\/\/noa.bart.sk\/index.php\/wp-json\/wp\/v2\/media?parent=2205"}],"wp:term":[{"taxonomy":"category","embeddable":true,"href":"https:\/\/noa.bart.sk\/index.php\/wp-json\/wp\/v2\/categories?post=2205"},{"taxonomy":"post_tag","embeddable":true,"href":"https:\/\/noa.bart.sk\/index.php\/wp-json\/wp\/v2\/tags?post=2205"}],"curies":[{"name":"wp","href":"https:\/\/api.w.org\/{rel}","templated":true}]}}