{"id":2201,"date":"2023-11-29T18:44:06","date_gmt":"2023-11-29T16:44:06","guid":{"rendered":"http:\/\/noa.bart.sk\/?p=2201"},"modified":"2023-11-29T18:44:07","modified_gmt":"2023-11-29T16:44:07","slug":"skolske-kolo-olympiady-v-nemeckom-jazyku-v-skolskom-roku-2023-2024","status":"publish","type":"post","link":"https:\/\/noa.bart.sk\/index.php\/2023\/11\/29\/skolske-kolo-olympiady-v-nemeckom-jazyku-v-skolskom-roku-2023-2024\/","title":{"rendered":"\u0160kolsk\u00e9 kolo  olympi\u00e1dy v nemeckom jazyku v \u0161kolskom roku 2023\/2024"},"content":{"rendered":"\n<figure class=\"wp-block-gallery alignleft columns-1 is-cropped wp-block-gallery-1 is-layout-flex wp-block-gallery-is-layout-flex\"><ul class=\"blocks-gallery-grid\"><li class=\"blocks-gallery-item\"><figure><img loading=\"lazy\" decoding=\"async\" width=\"1024\" height=\"768\" src=\"https:\/\/noa.bart.sk\/wp-content\/uploads\/thumbnail_IMG_6413-1024x768.jpg\" alt=\"\" data-id=\"2202\" data-full-url=\"https:\/\/noa.bart.sk\/wp-content\/uploads\/thumbnail_IMG_6413.jpg\" data-link=\"https:\/\/noa.bart.sk\/?attachment_id=2202\" class=\"wp-image-2202\" srcset=\"https:\/\/noa.bart.sk\/wp-content\/uploads\/thumbnail_IMG_6413-1024x768.jpg 1024w, https:\/\/noa.bart.sk\/wp-content\/uploads\/thumbnail_IMG_6413-300x225.jpg 300w, https:\/\/noa.bart.sk\/wp-content\/uploads\/thumbnail_IMG_6413-80x60.jpg 80w, https:\/\/noa.bart.sk\/wp-content\/uploads\/thumbnail_IMG_6413-768x576.jpg 768w, https:\/\/noa.bart.sk\/wp-content\/uploads\/thumbnail_IMG_6413-1536x1152.jpg 1536w, https:\/\/noa.bart.sk\/wp-content\/uploads\/thumbnail_IMG_6413.jpg 1920w\" sizes=\"(max-width: 1024px) 100vw, 1024px\" \/><\/figure><\/li><\/ul><\/figure>\n\n\n\n<p>D\u0148a 27.11. 2023 sa uskuto\u010dnilo na na\u0161ej \u0161kole \u0161kolsk\u00e9 kolo olympi\u00e1dy v&nbsp;nemeckom jazyku, ktor\u00fa pre na\u0161ich talentovan\u00fdch \u017eiakov pripravili Mgr. Miriam Pribi\u0161ov\u00e1 a&nbsp;Mgr. Luk\u00e1\u0161 Va\u0161ko.<\/p>\n\n\n\n<p>\u017diaci s\u00fa\u0165a\u017eili v&nbsp;dvoch kateg\u00f3ri\u00e1ch 2A a&nbsp;2B a&nbsp;na s\u00fa\u0165a\u017ei sa z\u00fa\u010dastnilo 13 \u017eiakov zo v\u0161etk\u00fdch ro\u010dn\u00edkov.<\/p>\n\n\n\n<!--more-->\n\n\n\n<p>S\u00fa\u0165a\u017e bolo rozdelen\u00e1 na dve \u010dasti p\u00edsomn\u00fa a&nbsp;\u00fastnu. P\u00edsomn\u00e1 \u010das\u0165 pozost\u00e1vala z&nbsp;po\u010d\u00favania z&nbsp;porozumen\u00edm, \u010d\u00edtania z&nbsp;porozumen\u00edm a&nbsp;na z\u00e1ver bol gramatick\u00fd test. \u00dastna \u010das\u0165 pozost\u00e1vala z&nbsp;opisu obr\u00e1zka a&nbsp;rozpr\u00e1vania k&nbsp;danej t\u00e9me.<\/p>\n\n\n\n<p>Najlep\u0161ie v\u00fdsledky dosiahli vo svojich kateg\u00f3ri\u00e1ch&nbsp; t\u00edto \u017eiaci:<\/p>\n\n\n\n<p><strong>Kateg\u00f3ria 2A<\/strong><\/p>\n\n\n\n<ol type=\"1\"><li>miesto Karin \u0160\u010decinov\u00e1- III.D<\/li><li>miesto Matej Mac\u00edk- II.D<\/li><li>miesto Samuel Drga- I.C&nbsp;<\/li><\/ol>\n\n\n\n<p><strong>Kateg\u00f3ria 2B<\/strong><\/p>\n\n\n\n<ol type=\"1\"><li>miesto Samuel Zummer- V.E<\/li><li>miesto R\u00e9ka Kuzma- V.D<\/li><li>miesto Michal \u0160tuller \u2013 V.D<\/li><\/ol>\n\n\n\n<p>V\u00ed\u0165azom gratulujeme a&nbsp;postupuj\u00facim do okresn\u00e9ho kola, ktor\u00e9 sa bude kona\u0165 v janu\u00e1ri 2024, dr\u017e\u00edme palce<\/p>\n\n\n\n<p>V\u0161etk\u00fdm \u017eiakom \u010fakujeme e\u0161te raz za \u00fa\u010das\u0165 a&nbsp;prajeme ve\u013ea \u00faspechov v&nbsp;\u010fal\u0161\u00edch s\u00fa\u0165a\u017eiach.<\/p>\n\n\n\n<p>Mgr. Luk\u00e1\u0161 Va\u0161ko&nbsp;<\/p>\n","protected":false},"excerpt":{"rendered":"<p>D\u0148a 27.11. 2023 sa uskuto\u010dnilo na na\u0161ej \u0161kole \u0161kolsk\u00e9 kolo olympi\u00e1dy v&nbsp;nemeckom jazyku, ktor\u00fa pre na\u0161ich talentovan\u00fdch \u017eiakov pripravili Mgr. Miriam Pribi\u0161ov\u00e1 a&nbsp;Mgr. Luk\u00e1\u0161 Va\u0161ko. \u017diaci s\u00fa\u0165a\u017eili v&nbsp;dvoch kateg\u00f3ri\u00e1ch 2A&hellip;<\/p>\n","protected":false},"author":2,"featured_media":0,"comment_status":"open","ping_status":"open","sticky":false,"template":"","format":"standard","meta":{"footnotes":""},"categories":[1],"tags":[],"_links":{"self":[{"href":"https:\/\/noa.bart.sk\/index.php\/wp-json\/wp\/v2\/posts\/2201"}],"collection":[{"href":"https:\/\/noa.bart.sk\/index.php\/wp-json\/wp\/v2\/posts"}],"about":[{"href":"https:\/\/noa.bart.sk\/index.php\/wp-json\/wp\/v2\/types\/post"}],"author":[{"embeddable":true,"href":"https:\/\/noa.bart.sk\/index.php\/wp-json\/wp\/v2\/users\/2"}],"replies":[{"embeddable":true,"href":"https:\/\/noa.bart.sk\/index.php\/wp-json\/wp\/v2\/comments?post=2201"}],"version-history":[{"count":1,"href":"https:\/\/noa.bart.sk\/index.php\/wp-json\/wp\/v2\/posts\/2201\/revisions"}],"predecessor-version":[{"id":2203,"href":"https:\/\/noa.bart.sk\/index.php\/wp-json\/wp\/v2\/posts\/2201\/revisions\/2203"}],"wp:attachment":[{"href":"https:\/\/noa.bart.sk\/index.php\/wp-json\/wp\/v2\/media?parent=2201"}],"wp:term":[{"taxonomy":"category","embeddable":true,"href":"https:\/\/noa.bart.sk\/index.php\/wp-json\/wp\/v2\/categories?post=2201"},{"taxonomy":"post_tag","embeddable":true,"href":"https:\/\/noa.bart.sk\/index.php\/wp-json\/wp\/v2\/tags?post=2201"}],"curies":[{"name":"wp","href":"https:\/\/api.w.org\/{rel}","templated":true}]}}