{"id":2143,"date":"2023-06-05T12:00:48","date_gmt":"2023-06-05T10:00:48","guid":{"rendered":"http:\/\/noa.bart.sk\/?p=2143"},"modified":"2023-06-05T12:00:49","modified_gmt":"2023-06-05T10:00:49","slug":"exkurzia-v-osviencime","status":"publish","type":"post","link":"https:\/\/noa.bart.sk\/index.php\/2023\/06\/05\/exkurzia-v-osviencime\/","title":{"rendered":"Exkurzia v Osvien\u010dime"},"content":{"rendered":"\n<figure class=\"wp-block-gallery alignleft columns-1 is-cropped wp-block-gallery-1 is-layout-flex wp-block-gallery-is-layout-flex\"><ul class=\"blocks-gallery-grid\"><li class=\"blocks-gallery-item\"><figure><img loading=\"lazy\" decoding=\"async\" width=\"1024\" height=\"768\" src=\"https:\/\/noa.bart.sk\/wp-content\/uploads\/352166239_999509617744399_5844970340947617477_n-1024x768.jpg\" alt=\"\" data-id=\"2144\" data-full-url=\"https:\/\/noa.bart.sk\/wp-content\/uploads\/352166239_999509617744399_5844970340947617477_n.jpg\" data-link=\"https:\/\/noa.bart.sk\/?attachment_id=2144\" class=\"wp-image-2144\" srcset=\"https:\/\/noa.bart.sk\/wp-content\/uploads\/352166239_999509617744399_5844970340947617477_n-1024x768.jpg 1024w, https:\/\/noa.bart.sk\/wp-content\/uploads\/352166239_999509617744399_5844970340947617477_n-300x225.jpg 300w, https:\/\/noa.bart.sk\/wp-content\/uploads\/352166239_999509617744399_5844970340947617477_n-80x60.jpg 80w, https:\/\/noa.bart.sk\/wp-content\/uploads\/352166239_999509617744399_5844970340947617477_n-768x576.jpg 768w, https:\/\/noa.bart.sk\/wp-content\/uploads\/352166239_999509617744399_5844970340947617477_n-1536x1152.jpg 1536w, https:\/\/noa.bart.sk\/wp-content\/uploads\/352166239_999509617744399_5844970340947617477_n.jpg 2000w\" sizes=\"(max-width: 1024px) 100vw, 1024px\" \/><\/figure><\/li><\/ul><\/figure>\n\n\n\n<p>D\u0148a 25.05.2023 sa \u017eiaci 2. ro\u010dn\u00edka z\u00fa\u010dastnili na exkurzii v koncentra\u010dn\u00fdch t\u00e1borov Auschwitz I. &#8211; II. S\u00fa\u010das\u0165ou exkurzie bola aj prehliadka centra mesta Krakov. Po\u010das cel\u00e9ho d\u0148a skupinu sprev\u00e1dzal tlmo\u010dn\u00edk p. Bir\u010d\u00e1k spolu s&nbsp;pedagogick\u00fdm dozorom p.p. Kolt\u00e1\u0161ovou, p.p. Andrej\u010dikovou a&nbsp;p.p. Demskou.<\/p>\n\n\n\n<!--more-->\n\n\n\n<p>\u017diakov po vstupe do koncentra\u010dn\u00e9ho t\u00e1bora Auschwitz I. \u010dakala p\u00fatav\u00e1 predn\u00e1\u0161ka spolu s&nbsp;prehliadkou takmer neporu\u0161en\u00e9ho interi\u00e9ru a&nbsp;exteri\u00e9ru t\u00e1bora. T\u00fato prehliadku \u017eiaci za\u010dali rovnako ako vtedaj\u0161\u00ed&nbsp;v\u00e4zni, a&nbsp;to pri br\u00e1ne s&nbsp;n\u00e1pisom Arbeit Macht Frei, \u010do v&nbsp;preklade znamen\u00e1 \u201ePr\u00e1ca oslobodzuje\u201c.<\/p>\n\n\n\n<p>\u017diaci nahliadli aj do jednotliv\u00fdch blokov, v&nbsp;ktor\u00fdch mohli vidie\u0165 r\u00f4zne anim\u00e1cie, ale aj bato\u017einu, top\u00e1nky a kuchynsk\u00fd riad v\u00e4z\u0148ov. K&nbsp;najsilnej\u0161\u00edm z\u00e1\u017eitkom ur\u010dite patr\u00ed prehliadka v\u00e4znice, plynovej komory a&nbsp;kremat\u00f3ria.<\/p>\n\n\n\n<p>Po zakon\u010den\u00ed prehliadky v&nbsp;tomto t\u00e1bore sa \u017eiaci presunuli do t\u00e1boru Auschwitz II., ktor\u00fd ich zaujal svojou ve\u013ekos\u0165ou a&nbsp;mnoh\u00fdm \u010fal\u0161\u00edm. Tu ich v&nbsp;strede t\u00e1bora \u010dakal dobyt\u010d\u00ed vag\u00f3n, \u010falej nasledovala pam\u00e4tn\u00e1 doska venovan\u00e1 obetiam holokaustu a&nbsp;v&nbsp;z\u00e1vere prehliadky si mohli pozrie\u0165 barak, v&nbsp;ktorom v\u00e4zni \u017eili.<\/p>\n\n\n\n<p>&nbsp;Po hodinovom presune ich \u010dakalo n\u00e1dhern\u00e9 historick\u00e9 centrum Krakova.<\/p>\n\n\n\n<p>Chceli by sme sa po\u010fakova\u0165 pp Kolt\u00e1\u0161ovej, \u017ee sme mali mo\u017enos\u0165 vidie\u0165 tieto ve\u013emi d\u00f4le\u017eit\u00e9 miesta a&nbsp;po\u010du\u0165 rovnako d\u00f4le\u017eit\u00e9 fakty.<\/p>\n\n\n\n<p>Tom\u00e1\u0161<\/p>\n\n\n\n<figure class=\"wp-block-gallery columns-0 is-cropped wp-block-gallery-2 is-layout-flex wp-block-gallery-is-layout-flex\"><ul class=\"blocks-gallery-grid\"><\/ul><\/figure>\n","protected":false},"excerpt":{"rendered":"<p>D\u0148a 25.05.2023 sa \u017eiaci 2. ro\u010dn\u00edka z\u00fa\u010dastnili na exkurzii v koncentra\u010dn\u00fdch t\u00e1borov Auschwitz I. &#8211; II. S\u00fa\u010das\u0165ou exkurzie bola aj prehliadka centra mesta Krakov. Po\u010das cel\u00e9ho d\u0148a skupinu sprev\u00e1dzal tlmo\u010dn\u00edk&hellip;<\/p>\n","protected":false},"author":2,"featured_media":0,"comment_status":"open","ping_status":"open","sticky":false,"template":"","format":"standard","meta":{"footnotes":""},"categories":[1],"tags":[],"_links":{"self":[{"href":"https:\/\/noa.bart.sk\/index.php\/wp-json\/wp\/v2\/posts\/2143"}],"collection":[{"href":"https:\/\/noa.bart.sk\/index.php\/wp-json\/wp\/v2\/posts"}],"about":[{"href":"https:\/\/noa.bart.sk\/index.php\/wp-json\/wp\/v2\/types\/post"}],"author":[{"embeddable":true,"href":"https:\/\/noa.bart.sk\/index.php\/wp-json\/wp\/v2\/users\/2"}],"replies":[{"embeddable":true,"href":"https:\/\/noa.bart.sk\/index.php\/wp-json\/wp\/v2\/comments?post=2143"}],"version-history":[{"count":1,"href":"https:\/\/noa.bart.sk\/index.php\/wp-json\/wp\/v2\/posts\/2143\/revisions"}],"predecessor-version":[{"id":2145,"href":"https:\/\/noa.bart.sk\/index.php\/wp-json\/wp\/v2\/posts\/2143\/revisions\/2145"}],"wp:attachment":[{"href":"https:\/\/noa.bart.sk\/index.php\/wp-json\/wp\/v2\/media?parent=2143"}],"wp:term":[{"taxonomy":"category","embeddable":true,"href":"https:\/\/noa.bart.sk\/index.php\/wp-json\/wp\/v2\/categories?post=2143"},{"taxonomy":"post_tag","embeddable":true,"href":"https:\/\/noa.bart.sk\/index.php\/wp-json\/wp\/v2\/tags?post=2143"}],"curies":[{"name":"wp","href":"https:\/\/api.w.org\/{rel}","templated":true}]}}