{"id":2133,"date":"2023-05-23T17:12:33","date_gmt":"2023-05-23T15:12:33","guid":{"rendered":"http:\/\/noa.bart.sk\/?p=2133"},"modified":"2023-06-04T17:37:48","modified_gmt":"2023-06-04T15:37:48","slug":"vylet-do-francuzska","status":"publish","type":"post","link":"https:\/\/noa.bart.sk\/index.php\/2023\/05\/23\/vylet-do-francuzska\/","title":{"rendered":"V\u00fdlet do Franc\u00fazska"},"content":{"rendered":"\n<figure class=\"wp-block-gallery alignleft columns-1 is-cropped wp-block-gallery-1 is-layout-flex wp-block-gallery-is-layout-flex\"><ul class=\"blocks-gallery-grid\"><li class=\"blocks-gallery-item\"><figure><img loading=\"lazy\" decoding=\"async\" width=\"1024\" height=\"579\" src=\"https:\/\/noa.bart.sk\/wp-content\/uploads\/343624286_3594835700745438_8766237483961049273_n-1024x579.jpg\" alt=\"\" data-id=\"2134\" data-full-url=\"https:\/\/noa.bart.sk\/wp-content\/uploads\/343624286_3594835700745438_8766237483961049273_n.jpg\" data-link=\"https:\/\/noa.bart.sk\/?attachment_id=2134\" class=\"wp-image-2134\" srcset=\"https:\/\/noa.bart.sk\/wp-content\/uploads\/343624286_3594835700745438_8766237483961049273_n-1024x579.jpg 1024w, https:\/\/noa.bart.sk\/wp-content\/uploads\/343624286_3594835700745438_8766237483961049273_n-300x170.jpg 300w, https:\/\/noa.bart.sk\/wp-content\/uploads\/343624286_3594835700745438_8766237483961049273_n-80x45.jpg 80w, https:\/\/noa.bart.sk\/wp-content\/uploads\/343624286_3594835700745438_8766237483961049273_n-768x434.jpg 768w, https:\/\/noa.bart.sk\/wp-content\/uploads\/343624286_3594835700745438_8766237483961049273_n.jpg 1080w\" sizes=\"(max-width: 1024px) 100vw, 1024px\" \/><\/figure><\/li><\/ul><\/figure>\n\n\n\n<p>Koncom apr\u00edla 2023 na\u0161a \u0161kola zorganizovala pozn\u00e1vac\u00ed v\u00fdlet do Franc\u00fazska. Na\u0161a cesta sa za\u010dala v\u00a0nede\u013eu 23.4.2023 stretnut\u00edm pri amfite\u00e1tri o 7:00. Autobus n\u00e1s previezol cez \u010cesko a\u00a0Nemecko a\u00a0v\u00a0pondelok v\u00a0skor\u00fdch rann\u00fdch hodin\u00e1ch sme dorazili do Par\u00ed\u017ea, kde sme prv\u00fdkr\u00e1t \u00a0mohli zazrie\u0165 Eiffelovu ve\u017eu, Place de la Concorde a V\u00ed\u0165azn\u00fd obl\u00fak. Ubytovan\u00ed sme boli v hoteli v centre Par\u00ed\u017ea.<\/p>\n\n\n\n<!--more-->\n\n\n\n<figure class=\"wp-block-gallery alignright columns-1 is-cropped wp-block-gallery-2 is-layout-flex wp-block-gallery-is-layout-flex\"><ul class=\"blocks-gallery-grid\"><li class=\"blocks-gallery-item\"><figure><img loading=\"lazy\" decoding=\"async\" width=\"1024\" height=\"768\" src=\"https:\/\/noa.bart.sk\/wp-content\/uploads\/343131810_562720109349233_4926214838851928565_n-1024x768.jpg\" alt=\"\" data-id=\"2137\" data-full-url=\"https:\/\/noa.bart.sk\/wp-content\/uploads\/343131810_562720109349233_4926214838851928565_n.jpg\" data-link=\"https:\/\/noa.bart.sk\/?attachment_id=2137\" class=\"wp-image-2137\" srcset=\"https:\/\/noa.bart.sk\/wp-content\/uploads\/343131810_562720109349233_4926214838851928565_n-1024x768.jpg 1024w, https:\/\/noa.bart.sk\/wp-content\/uploads\/343131810_562720109349233_4926214838851928565_n-300x225.jpg 300w, https:\/\/noa.bart.sk\/wp-content\/uploads\/343131810_562720109349233_4926214838851928565_n-80x60.jpg 80w, https:\/\/noa.bart.sk\/wp-content\/uploads\/343131810_562720109349233_4926214838851928565_n-768x576.jpg 768w, https:\/\/noa.bart.sk\/wp-content\/uploads\/343131810_562720109349233_4926214838851928565_n-1536x1152.jpg 1536w, https:\/\/noa.bart.sk\/wp-content\/uploads\/343131810_562720109349233_4926214838851928565_n.jpg 2048w\" sizes=\"(max-width: 1024px) 100vw, 1024px\" \/><\/figure><\/li><\/ul><\/figure>\n\n\n\n<p>Po tradi\u010dn\u00fdch franc\u00fazskych ra\u0148ajk\u00e1ch sme vyrazili do mesta Rouen, kde sme videli katedr\u00e1lu a&nbsp;miesto, na ktorom bola v&nbsp;stredoveku up\u00e1len\u00e1 Johanka z Arku. Odtia\u013e sme pokra\u010dovali do Etretatu, kde sme sa prv\u00fdkr\u00e1t stretli s&nbsp;morom a&nbsp;kr\u00e1snymi kriedov\u00fdmi \u00fatesmi. Ubytovali sme sa v&nbsp;meste Le Havre.<\/p>\n\n\n\n<figure class=\"wp-block-gallery alignright columns-1 is-cropped wp-block-gallery-3 is-layout-flex wp-block-gallery-is-layout-flex\"><ul class=\"blocks-gallery-grid\"><li class=\"blocks-gallery-item\"><figure><img loading=\"lazy\" decoding=\"async\" width=\"1024\" height=\"768\" src=\"https:\/\/noa.bart.sk\/wp-content\/uploads\/343306066_957417762118632_4015923174775608106_n-1024x768.jpg\" alt=\"\" data-id=\"2135\" data-full-url=\"https:\/\/noa.bart.sk\/wp-content\/uploads\/343306066_957417762118632_4015923174775608106_n.jpg\" data-link=\"https:\/\/noa.bart.sk\/?attachment_id=2135\" class=\"wp-image-2135\" srcset=\"https:\/\/noa.bart.sk\/wp-content\/uploads\/343306066_957417762118632_4015923174775608106_n-1024x768.jpg 1024w, https:\/\/noa.bart.sk\/wp-content\/uploads\/343306066_957417762118632_4015923174775608106_n-300x225.jpg 300w, https:\/\/noa.bart.sk\/wp-content\/uploads\/343306066_957417762118632_4015923174775608106_n-80x60.jpg 80w, https:\/\/noa.bart.sk\/wp-content\/uploads\/343306066_957417762118632_4015923174775608106_n-768x576.jpg 768w, https:\/\/noa.bart.sk\/wp-content\/uploads\/343306066_957417762118632_4015923174775608106_n-1536x1152.jpg 1536w, https:\/\/noa.bart.sk\/wp-content\/uploads\/343306066_957417762118632_4015923174775608106_n.jpg 2048w\" sizes=\"(max-width: 1024px) 100vw, 1024px\" \/><\/figure><\/li><\/ul><\/figure>\n\n\n\n<p>\u010eal\u0161\u00ed de\u0148 sme pokra\u010dovali v&nbsp;na\u0161ej ceste Normandiou a nav\u0161t\u00edvili kl\u00e1\u0161tor Mont St. Michel, ktor\u00fd je suchou nohou pr\u00edstupn\u00fd len v&nbsp;\u010dase odlivu. Nav\u0161t\u00edvili sme aj sl\u00e1vnu pl\u00e1\u017e Omaha, na ktorej sa 6.j\u00fana 1944 vylodili americk\u00ed vojaci, aby pomohli oslobodi\u0165 z\u00e1padn\u00fa Eur\u00f3pu od fa\u0161izmu.<\/p>\n\n\n\n<figure class=\"wp-block-gallery alignright columns-1 is-cropped wp-block-gallery-4 is-layout-flex wp-block-gallery-is-layout-flex\"><ul class=\"blocks-gallery-grid\"><li class=\"blocks-gallery-item\"><figure><img loading=\"lazy\" decoding=\"async\" width=\"720\" height=\"324\" src=\"https:\/\/noa.bart.sk\/wp-content\/uploads\/343657953_1227037751279903_4098514009790588686_n.jpg\" alt=\"\" data-id=\"2136\" data-full-url=\"https:\/\/noa.bart.sk\/wp-content\/uploads\/343657953_1227037751279903_4098514009790588686_n.jpg\" data-link=\"https:\/\/noa.bart.sk\/?attachment_id=2136\" class=\"wp-image-2136\" srcset=\"https:\/\/noa.bart.sk\/wp-content\/uploads\/343657953_1227037751279903_4098514009790588686_n.jpg 720w, https:\/\/noa.bart.sk\/wp-content\/uploads\/343657953_1227037751279903_4098514009790588686_n-300x135.jpg 300w, https:\/\/noa.bart.sk\/wp-content\/uploads\/343657953_1227037751279903_4098514009790588686_n-80x36.jpg 80w\" sizes=\"(max-width: 720px) 100vw, 720px\" \/><\/figure><\/li><\/ul><\/figure>\n\n\n\n<p>Nasleduj\u00faci de\u0148 na\u0161e kroky smerovali na sl\u00e1vny z\u00e1mok Versailles. Nesk\u00f4r sme nav\u0161t\u00edvili aj modern\u00fa \u0161tvr\u0165 Defence, sl\u00e1vny Montmartre s&nbsp;Bazilikou Sacre Coeur. Ve\u010der n\u00e1s \u010dakalo prekvapenie v&nbsp;podobe rozsvietenej a&nbsp;blikaj\u00facej Eifelovky. &nbsp;Posledn\u00fa noc sme str\u00e1vili v \u00fatulnom hoteli v Par\u00ed\u017ei. Posledn\u00fd de\u0148 v&nbsp;Par\u00ed\u017ei n\u00e1s \u010dakalo Mus\u00e9e du Louvre, kde sme si prezreli bohat\u00fa zbierku obrazov a&nbsp;s\u00f4ch, vr\u00e1tane sl\u00e1vneho obrazu Mony L\u00edzy od Leonarda da Vinciho. V peknom po\u010das\u00ed sme sa vy\u0161e hodiny plavili po rieke Seina a&nbsp;videli sme aj rekon\u0161truovan\u00fa katedr\u00e1lu Notre Dam. Ke\u010f\u017ee to bol u\u017e posledn\u00fd de\u0148, nakupovali sme dar\u010deky a suven\u00edry.<\/p>\n\n\n\n<p>Do Ko\u0161\u00edc sme odch\u00e1dzali v podve\u010dern\u00fdch hodin\u00e1ch. Po\u010das celej cesty n\u00e1s slovom sprev\u00e1dzal mil\u00fd \u0161of\u00e9r, ktor\u00fd n\u00e1m pod\u00e1val u\u017eito\u010dn\u00e9 a zauj\u00edmav\u00e9 inform\u00e1cie o miestach, ktor\u00e9 sme nav\u0161t\u00edvili. &nbsp;Chcela by som t\u00fdmto vyslovi\u0165 po\u010fakovanie pp Luk\u00e1\u010dovi, ktor\u00fd tento v\u00fdlet zorganizoval. M\u00e1me \u00fa\u017easn\u00e9 z\u00e1\u017eitky, na ktor\u00e9 budeme dlho spom\u00edna\u0165.<\/p>\n\n\n\n<p>Monika<\/p>\n","protected":false},"excerpt":{"rendered":"<p>Koncom apr\u00edla 2023 na\u0161a \u0161kola zorganizovala pozn\u00e1vac\u00ed v\u00fdlet do Franc\u00fazska. Na\u0161a cesta sa za\u010dala v\u00a0nede\u013eu 23.4.2023 stretnut\u00edm pri amfite\u00e1tri o 7:00. Autobus n\u00e1s previezol cez \u010cesko a\u00a0Nemecko a\u00a0v\u00a0pondelok v\u00a0skor\u00fdch rann\u00fdch&hellip;<\/p>\n","protected":false},"author":2,"featured_media":0,"comment_status":"open","ping_status":"open","sticky":false,"template":"","format":"standard","meta":{"footnotes":""},"categories":[1],"tags":[],"_links":{"self":[{"href":"https:\/\/noa.bart.sk\/index.php\/wp-json\/wp\/v2\/posts\/2133"}],"collection":[{"href":"https:\/\/noa.bart.sk\/index.php\/wp-json\/wp\/v2\/posts"}],"about":[{"href":"https:\/\/noa.bart.sk\/index.php\/wp-json\/wp\/v2\/types\/post"}],"author":[{"embeddable":true,"href":"https:\/\/noa.bart.sk\/index.php\/wp-json\/wp\/v2\/users\/2"}],"replies":[{"embeddable":true,"href":"https:\/\/noa.bart.sk\/index.php\/wp-json\/wp\/v2\/comments?post=2133"}],"version-history":[{"count":2,"href":"https:\/\/noa.bart.sk\/index.php\/wp-json\/wp\/v2\/posts\/2133\/revisions"}],"predecessor-version":[{"id":2142,"href":"https:\/\/noa.bart.sk\/index.php\/wp-json\/wp\/v2\/posts\/2133\/revisions\/2142"}],"wp:attachment":[{"href":"https:\/\/noa.bart.sk\/index.php\/wp-json\/wp\/v2\/media?parent=2133"}],"wp:term":[{"taxonomy":"category","embeddable":true,"href":"https:\/\/noa.bart.sk\/index.php\/wp-json\/wp\/v2\/categories?post=2133"},{"taxonomy":"post_tag","embeddable":true,"href":"https:\/\/noa.bart.sk\/index.php\/wp-json\/wp\/v2\/tags?post=2133"}],"curies":[{"name":"wp","href":"https:\/\/api.w.org\/{rel}","templated":true}]}}