{"id":2103,"date":"2023-03-27T18:42:02","date_gmt":"2023-03-27T16:42:02","guid":{"rendered":"http:\/\/noa.bart.sk\/?p=2103"},"modified":"2023-03-27T18:42:03","modified_gmt":"2023-03-27T16:42:03","slug":"den-ucitelov-4","status":"publish","type":"post","link":"https:\/\/noa.bart.sk\/index.php\/2023\/03\/27\/den-ucitelov-4\/","title":{"rendered":"De\u0148 u\u010dite\u013eov"},"content":{"rendered":"\n<div class=\"wp-block-image\"><figure class=\"alignleft size-large is-resized\"><img loading=\"lazy\" decoding=\"async\" src=\"https:\/\/noa.bart.sk\/wp-content\/uploads\/Komensky-2.jpg\" alt=\"\" class=\"wp-image-2104\" width=\"207\" height=\"240\" srcset=\"https:\/\/noa.bart.sk\/wp-content\/uploads\/Komensky-2.jpg 514w, https:\/\/noa.bart.sk\/wp-content\/uploads\/Komensky-2-258x300.jpg 258w, https:\/\/noa.bart.sk\/wp-content\/uploads\/Komensky-2-69x80.jpg 69w\" sizes=\"(max-width: 207px) 100vw, 207px\" \/><\/figure><\/div>\n\n\n\n<p>Pre\u010do 28. marec? D\u00e1tum tohto sviatku v\u0161etk\u00fdch slovensk\u00fdch u\u010dite\u013eov&nbsp; pripad\u00e1 ka\u017ed\u00fd rok na 28. marec ako spomienka na narodenie \u201eu\u010dite\u013ea n\u00e1rodov\u201c \u2013 J\u00e1na Amosa Komensk\u00e9ho. Tento pedag\u00f3g sa svoju u\u010dite\u013eskou \u010dinnos\u0165ou zaradil medzi v\u00fdznamn\u00e9 osobnosti v na\u0161ich&nbsp;dejin\u00e1ch. Bol jedn\u00fdm z&nbsp;prv\u00fdch bojovn\u00edkov za poskytnutie vzdelania \u013eu\u010fom bez rozdielu pohlavia a&nbsp;soci\u00e1lneho postavenia. Zn\u00e1my je jeho pr\u00edstup k&nbsp;vyu\u010dovaniu v&nbsp;duchu hesla \u0161kola hrou.<\/p>\n\n\n\n<!--more-->\n\n\n\n<p>Aj vo svete existuje Svetov\u00fd de\u0148 u\u010dite\u013eov. Sl\u00e1vi sa 5. okt\u00f3bra. Tento de\u0148 bol vyhl\u00e1sen\u00fd organiz\u00e1ciou UNESCO v roku 1994 ako spomienka na Chartu u\u010dite\u013eov z roku 1966.<\/p>\n\n\n\n<p>Pr\u00e1ca u\u010dite\u013ea veru \u201enie je \u013eahk\u00fdm chleb\u00edkom\u201c. V tom mi d\u00e1 veru ka\u017ed\u00fd za pravdu. U\u010dite\u013estvo nie je pr\u00e1cou ako takou, sk\u00f4r by mala by\u0165 \u017eivotn\u00fdm poslan\u00edm, behom na dlh\u00fa tra\u0165. Nie je u\u010dite\u013e ako u\u010dite\u013e. Niektor\u00ed n\u00e1m ost\u00e1vaj\u00fa v mysliach a spomienkach po cel\u00e9 roky, na in\u00fdch zabudneme posledn\u00fdm zatvoren\u00edm \u0161kolsk\u00fdch dver\u00ed. Ich pr\u00e1cu v\u0161ak \u010dasto vieme oceni\u0165 a\u017e po rokoch, v dospelosti.<\/p>\n\n\n\n<p>Za ich zodpovedn\u00fa pr\u00e1cu by som sa v\u0161etk\u00fdm u\u010dite\u013eom rada v&nbsp;mene \u0161tudentov na\u0161ej \u0161koly po\u010fakovala a&nbsp;za\u017eelala im pekn\u00fd sviato\u010dn\u00fd de\u0148. J<\/p>\n\n\n\n<p>Viki V.<\/p>\n","protected":false},"excerpt":{"rendered":"<p>Pre\u010do 28. marec? D\u00e1tum tohto sviatku v\u0161etk\u00fdch slovensk\u00fdch u\u010dite\u013eov&nbsp; pripad\u00e1 ka\u017ed\u00fd rok na 28. marec ako spomienka na narodenie \u201eu\u010dite\u013ea n\u00e1rodov\u201c \u2013 J\u00e1na Amosa Komensk\u00e9ho. Tento pedag\u00f3g sa svoju u\u010dite\u013eskou&hellip;<\/p>\n","protected":false},"author":2,"featured_media":0,"comment_status":"open","ping_status":"open","sticky":false,"template":"","format":"standard","meta":{"footnotes":""},"categories":[1],"tags":[],"_links":{"self":[{"href":"https:\/\/noa.bart.sk\/index.php\/wp-json\/wp\/v2\/posts\/2103"}],"collection":[{"href":"https:\/\/noa.bart.sk\/index.php\/wp-json\/wp\/v2\/posts"}],"about":[{"href":"https:\/\/noa.bart.sk\/index.php\/wp-json\/wp\/v2\/types\/post"}],"author":[{"embeddable":true,"href":"https:\/\/noa.bart.sk\/index.php\/wp-json\/wp\/v2\/users\/2"}],"replies":[{"embeddable":true,"href":"https:\/\/noa.bart.sk\/index.php\/wp-json\/wp\/v2\/comments?post=2103"}],"version-history":[{"count":1,"href":"https:\/\/noa.bart.sk\/index.php\/wp-json\/wp\/v2\/posts\/2103\/revisions"}],"predecessor-version":[{"id":2105,"href":"https:\/\/noa.bart.sk\/index.php\/wp-json\/wp\/v2\/posts\/2103\/revisions\/2105"}],"wp:attachment":[{"href":"https:\/\/noa.bart.sk\/index.php\/wp-json\/wp\/v2\/media?parent=2103"}],"wp:term":[{"taxonomy":"category","embeddable":true,"href":"https:\/\/noa.bart.sk\/index.php\/wp-json\/wp\/v2\/categories?post=2103"},{"taxonomy":"post_tag","embeddable":true,"href":"https:\/\/noa.bart.sk\/index.php\/wp-json\/wp\/v2\/tags?post=2103"}],"curies":[{"name":"wp","href":"https:\/\/api.w.org\/{rel}","templated":true}]}}