{"id":2097,"date":"2023-02-26T19:29:59","date_gmt":"2023-02-26T17:29:59","guid":{"rendered":"http:\/\/noa.bart.sk\/?p=2097"},"modified":"2023-02-26T19:30:00","modified_gmt":"2023-02-26T17:30:00","slug":"navsteva-synagogy","status":"publish","type":"post","link":"https:\/\/noa.bart.sk\/index.php\/2023\/02\/26\/navsteva-synagogy\/","title":{"rendered":"N\u00e1v\u0161teva synag\u00f3gy"},"content":{"rendered":"\n<figure class=\"wp-block-gallery alignleft columns-1 is-cropped wp-block-gallery-1 is-layout-flex wp-block-gallery-is-layout-flex\"><ul class=\"blocks-gallery-grid\"><li class=\"blocks-gallery-item\"><figure><img loading=\"lazy\" decoding=\"async\" width=\"1024\" height=\"768\" src=\"https:\/\/noa.bart.sk\/wp-content\/uploads\/IMG-20230226-WA0000-1024x768.jpg\" alt=\"\" data-id=\"2100\" data-full-url=\"https:\/\/noa.bart.sk\/wp-content\/uploads\/IMG-20230226-WA0000.jpg\" data-link=\"https:\/\/noa.bart.sk\/?attachment_id=2100\" class=\"wp-image-2100\" srcset=\"https:\/\/noa.bart.sk\/wp-content\/uploads\/IMG-20230226-WA0000-1024x768.jpg 1024w, https:\/\/noa.bart.sk\/wp-content\/uploads\/IMG-20230226-WA0000-300x225.jpg 300w, https:\/\/noa.bart.sk\/wp-content\/uploads\/IMG-20230226-WA0000-80x60.jpg 80w, https:\/\/noa.bart.sk\/wp-content\/uploads\/IMG-20230226-WA0000-768x576.jpg 768w, https:\/\/noa.bart.sk\/wp-content\/uploads\/IMG-20230226-WA0000-1536x1152.jpg 1536w, https:\/\/noa.bart.sk\/wp-content\/uploads\/IMG-20230226-WA0000.jpg 2000w\" sizes=\"(max-width: 1024px) 100vw, 1024px\" \/><\/figure><\/li><\/ul><\/figure>\n\n\n\n<p>D\u0148a 20. febru\u00e1ra 2023 \u017eiaci 2.C a\u00a02.D spolu s\u00a0p.p. Kolt\u00e1\u0161ovou a\u00a0p.p. Dratvovou a 23. febru\u00e1ra 2023 \u017eiaci 2.A a 2.E s pp. Kolt\u00e1\u0161ovou a p\u00e1nom riadite\u013eom,  nav\u0161t\u00edvili synag\u00f3gu na Pu\u0161kinovej ulici.<\/p>\n\n\n\n<!--more-->\n\n\n\n<figure class=\"wp-block-gallery alignleft columns-1 is-cropped wp-block-gallery-2 is-layout-flex wp-block-gallery-is-layout-flex\"><ul class=\"blocks-gallery-grid\"><li class=\"blocks-gallery-item\"><figure><img loading=\"lazy\" decoding=\"async\" width=\"1024\" height=\"768\" src=\"https:\/\/noa.bart.sk\/wp-content\/uploads\/IMG-20230226-WA0004-1024x768.jpg\" alt=\"\" data-id=\"2099\" data-full-url=\"https:\/\/noa.bart.sk\/wp-content\/uploads\/IMG-20230226-WA0004.jpg\" data-link=\"https:\/\/noa.bart.sk\/?attachment_id=2099\" class=\"wp-image-2099\" srcset=\"https:\/\/noa.bart.sk\/wp-content\/uploads\/IMG-20230226-WA0004-1024x768.jpg 1024w, https:\/\/noa.bart.sk\/wp-content\/uploads\/IMG-20230226-WA0004-300x225.jpg 300w, https:\/\/noa.bart.sk\/wp-content\/uploads\/IMG-20230226-WA0004-80x60.jpg 80w, https:\/\/noa.bart.sk\/wp-content\/uploads\/IMG-20230226-WA0004-768x576.jpg 768w, https:\/\/noa.bart.sk\/wp-content\/uploads\/IMG-20230226-WA0004-1536x1152.jpg 1536w, https:\/\/noa.bart.sk\/wp-content\/uploads\/IMG-20230226-WA0004.jpg 2000w\" sizes=\"(max-width: 1024px) 100vw, 1024px\" \/><\/figure><\/li><\/ul><\/figure>\n\n\n\n<p>V&nbsp;takmer storo\u010dnej&nbsp; synag\u00f3ge \u017eiakov \u010dakala p\u00fatav\u00e1 predn\u00e1\u0161ka o&nbsp;judaizme, holokauste a&nbsp;\u013dudov\u00edtovi Feldovi. P\u00fatav\u00e9 rozpr\u00e1vanie p. Dr. Te\u0161\u0161erovej v&nbsp;\u017eiakoch vzbudilo mnoho ot\u00e1zok, na ktor\u00e9 dostali odpovede. \u017diaci sa dozvedeli zauj\u00edmav\u00e9 pr\u00edbehy zo \u017eivota \u017eidov, z\u00e1klady judaizmu a&nbsp;hebrejskej abecedy. Ale vedia aj kto bol \u013dudov\u00edt Feld, pre\u010do je v&nbsp;synag\u00f3ge absol\u00fatna akustika, \u010do je to T\u00f3ra a&nbsp;mnoh\u00e9 \u010fal\u0161ie zauj\u00edmav\u00e9 inform\u00e1cie. &nbsp;V&nbsp;z\u00e1vere n\u00e1v\u0161tevy si \u017eiaci mohli pozrie\u0165 v\u00fdstavu obrazov p\u00e1na Felda.<\/p>\n\n\n\n<p>Ve\u013emi si v\u00e1\u017eime, \u017ee sme mali mo\u017enos\u0165 dosta\u0165 sa na tak\u00e9 v\u00fdnimo\u010dn\u00e9 miesto a rozpr\u00e1va\u0165 sa o&nbsp;ve\u013emi d\u00f4le\u017eit\u00fdch a&nbsp;v\u00fdznamn\u00fdch t\u00e9mach.<\/p>\n\n\n\n<p>Tom\u00e1\u0161<\/p>\n","protected":false},"excerpt":{"rendered":"<p>D\u0148a 20. febru\u00e1ra 2023 \u017eiaci 2.C a\u00a02.D spolu s\u00a0p.p. Kolt\u00e1\u0161ovou a\u00a0p.p. Dratvovou a 23. febru\u00e1ra 2023 \u017eiaci 2.A a 2.E s pp. Kolt\u00e1\u0161ovou a p\u00e1nom riadite\u013eom, nav\u0161t\u00edvili synag\u00f3gu na Pu\u0161kinovej&hellip;<\/p>\n","protected":false},"author":2,"featured_media":0,"comment_status":"open","ping_status":"open","sticky":false,"template":"","format":"standard","meta":{"footnotes":""},"categories":[1],"tags":[],"_links":{"self":[{"href":"https:\/\/noa.bart.sk\/index.php\/wp-json\/wp\/v2\/posts\/2097"}],"collection":[{"href":"https:\/\/noa.bart.sk\/index.php\/wp-json\/wp\/v2\/posts"}],"about":[{"href":"https:\/\/noa.bart.sk\/index.php\/wp-json\/wp\/v2\/types\/post"}],"author":[{"embeddable":true,"href":"https:\/\/noa.bart.sk\/index.php\/wp-json\/wp\/v2\/users\/2"}],"replies":[{"embeddable":true,"href":"https:\/\/noa.bart.sk\/index.php\/wp-json\/wp\/v2\/comments?post=2097"}],"version-history":[{"count":2,"href":"https:\/\/noa.bart.sk\/index.php\/wp-json\/wp\/v2\/posts\/2097\/revisions"}],"predecessor-version":[{"id":2101,"href":"https:\/\/noa.bart.sk\/index.php\/wp-json\/wp\/v2\/posts\/2097\/revisions\/2101"}],"wp:attachment":[{"href":"https:\/\/noa.bart.sk\/index.php\/wp-json\/wp\/v2\/media?parent=2097"}],"wp:term":[{"taxonomy":"category","embeddable":true,"href":"https:\/\/noa.bart.sk\/index.php\/wp-json\/wp\/v2\/categories?post=2097"},{"taxonomy":"post_tag","embeddable":true,"href":"https:\/\/noa.bart.sk\/index.php\/wp-json\/wp\/v2\/tags?post=2097"}],"curies":[{"name":"wp","href":"https:\/\/api.w.org\/{rel}","templated":true}]}}