{"id":208,"date":"2011-06-17T20:20:23","date_gmt":"2011-06-17T18:20:23","guid":{"rendered":"http:\/\/noa.bart.sk\/?p=208"},"modified":"2016-09-07T21:43:25","modified_gmt":"2016-09-07T19:43:25","slug":"tomas-jurco-po-uspesnej-sezone-vymenil-ladovu-plochu-za-skolsku-lavicu","status":"publish","type":"post","link":"https:\/\/noa.bart.sk\/index.php\/2011\/06\/17\/tomas-jurco-po-uspesnej-sezone-vymenil-ladovu-plochu-za-skolsku-lavicu\/","title":{"rendered":"Tom\u00e1\u0161 Jur\u010do po \u00faspe\u0161nej sez\u00f3ne vymenil \u013eadov\u00fa plochu za \u0161kolsk\u00fa lavicu"},"content":{"rendered":"<p>Predned\u00e1vnom sa po \u00faspe\u0161nej sez\u00f3ne v\u00a0Kanade (zisk Memorial Cupu v\u00a0juniorskej s\u00fa\u0165a\u017ei v\u00a0drese Saint John Sea Dogs ) vr\u00e1til do rodn\u00fdch Ko\u0161\u00edc n\u00e1\u0161 \u00faspe\u0161n\u00fd juniorsk\u00fd reprezentant v\u00a0\u013eadovom hokeji Tom\u00e1\u0161 Jur\u010do. Po n\u00e1vrate domov neoddychuje, vymenil \u013eadov\u00fa plochu za \u0161kolsk\u00fa lavicu a\u00a0sna\u017e\u00ed sa komision\u00e1lnymi sk\u00fa\u0161kami uzavrie\u0165 tret\u00ed ro\u010dn\u00edk svojho \u0161t\u00fadia na Obchodnej akad\u00e9mii Watsonova 61, Ko\u0161ice. Sp\u00fdtali sme sa ho:<\/p>\n<p>&nbsp;<\/p>\n<ol>\n<li>Ako si sa po jednom roku v\u00a0Kanade op\u00e4\u0165 adaptoval na \u0161kolsk\u00e9 prostredie?<\/li>\n<\/ol>\n<p><!--more--><\/p>\n<p>&nbsp;<\/p>\n<p>Tak zo za\u010diatku to bolo trochu \u0165a\u017e\u0161ie op\u00e4\u0165 sa prisp\u00f4sobi\u0165\u00a0 \u0161kolsk\u00e9mu re\u017eimu, ale \u0161kolu si v\u00a0ka\u017edom pr\u00edpade chcem dokon\u010di\u0165, a\u00a0tak som sa sna\u017eil nabehn\u00fa\u0165 do syst\u00e9mu \u010do najr\u00fdchlej\u0161ie.<\/p>\n<p>&nbsp;<\/p>\n<ol start=\"2\">\n<li>Je pre Teba \u0165a\u017ek\u00e9 absolvova\u0165 v\u00e4\u010d\u0161ie mno\u017estvo sk\u00fa\u0161ok v\u00a0kr\u00e1tkom \u010dase?<\/li>\n<\/ol>\n<p>&nbsp;<\/p>\n<p>Ur\u010dite je to n\u00e1ro\u010dnej\u0161ie absolvova\u0165 to\u013eko sk\u00fa\u0161ok v\u00a0takom kr\u00e1tkom \u010dase, preto\u017ee sa aj tie vedomosti trochu m\u00fdlia, ale ako som povedal , ak si \u0161kolu chcem dokon\u010di\u0165, tak to budem musie\u0165 zvl\u00e1dnu\u0165.<\/p>\n<p><!--more--><\/p>\n<ol start=\"3\">\n<li>Ktor\u00e9 predmety Ti id\u00fa \u013eah\u0161ie, s\u00a0ktor\u00fdmi m\u00e1\u0161 v\u00e4\u010d\u0161ie probl\u00e9my?<\/li>\n<\/ol>\n<p>&nbsp;<\/p>\n<p>Probl\u00e9my som nemal s\u00a0anglick\u00fdm jazykom a\u00a0na druhej strane si mysl\u00edm, \u017ee budem ma\u0165 men\u0161ie probl\u00e9my s\u00a0literat\u00farou.<\/p>\n<p>&nbsp;<\/p>\n<ol start=\"4\">\n<li>Vych\u00e1dzaj\u00fa Ti pedag\u00f3govia na na\u0161ej \u0161kole v\u00a0\u00fastrety? C\u00edti\u0161 ich podporu resp. podporu svojich spolu\u017eiakov?<\/li>\n<\/ol>\n<p>&nbsp;<\/p>\n<p>Jasne , u\u010ditelia s\u00fa ku mne \u00fastretov\u00ed a\u00a0sna\u017eia sa mi pom\u00f4c\u0165, ale potom je to u\u017e len na mne, ako som pripraven\u00fd na dan\u00fd predmet. Spolu\u017eiaci s\u00fa tie\u017e super, ve\u013ea z\u00a0nich sa mi sna\u017e\u00ed pom\u00e1ha\u0165. V\u017edy ke\u010f potrebujem nejak\u00fa pomoc, tak sa m\u00e1m na koho obr\u00e1ti\u0165.<\/p>\n<p>&nbsp;<\/p>\n<ol start=\"5\">\n<li>V\u00a0bl\u00edzkej dobe sa z\u00fa\u010dastni\u0161 na NHL drafte. Ak\u00fa d\u00f4le\u017eitos\u0165 priklad\u00e1\u0161 tejo udalosti? M\u00e1\u0161 v\u00a0NHL t\u00edm, ktor\u00e9mu d\u00e1va\u0161 prednos\u0165?<\/li>\n<\/ol>\n<p>&nbsp;<\/p>\n<p>NHL draft bude zatia\u013e v\u00a0mojej kari\u00e9re najv\u00e4\u010d\u0161ia vec. V\u00a0\u0148om sa vlastne rozhodne o\u00a0mojej hokejovej bud\u00facnosti. Nem\u00e1m \u017eiadny ob\u013a\u00faben\u00fd t\u00edm, najlep\u0161ie by bolo, ak by ma draftoval t\u00edm, ktor\u00fd\u00a0 mi v\u00a0skorej bud\u00facnosti d\u00e1 \u0161ancu sa presadi\u0165 v\u00a0NHL.<\/p>\n<p>&nbsp;<\/p>\n<ol start=\"6\">\n<li>Ako si zvyk\u00e1\u0161 na zv\u00fd\u0161en\u00fa popularitu svojej osoby?<\/li>\n<\/ol>\n<p>&nbsp;<\/p>\n<p>Mysl\u00edm si, \u017ee s\u00a0t\u00fdm nem\u00e1m probl\u00e9m, sna\u017e\u00edm sa osta\u0165 rovnak\u00fdm chlapcom, ak\u00fdm som v\u017edy bol.<\/p>\n<p>&nbsp;<\/p>\n<ol start=\"7\">\n<li>Ak\u00e9 m\u00e1\u0161 pl\u00e1ny na leto?<\/li>\n<\/ol>\n<p>&nbsp;<\/p>\n<p>V\u00a0lete sa budem pripravova\u0165 na \u010fal\u0161iu sez\u00f3nu a\u00a0popri tom sa budem sna\u017ei\u0165 dokon\u010di\u0165 si \u0161kolu, ke\u010f zv\u00fd\u0161i \u010das, tak sa mo\u017eno vyberiem na kr\u00e1tku dovolenku k\u00a0moru.<\/p>\n<p>&nbsp;<\/p>\n<p>Za odpovede \u010fakuje a\u00a0ve\u013ea \u00faspechov pri sk\u00fa\u0161kach , ako aj v\u00a0drafte \u017eel\u00e1 Jaroslav Lipt\u00e1k.<\/p>\n<p>&nbsp;<\/p>\n","protected":false},"excerpt":{"rendered":"<p>Predned\u00e1vnom sa po \u00faspe\u0161nej sez\u00f3ne v\u00a0Kanade (zisk Memorial Cupu v\u00a0juniorskej s\u00fa\u0165a\u017ei v\u00a0drese Saint John Sea Dogs ) vr\u00e1til do rodn\u00fdch Ko\u0161\u00edc n\u00e1\u0161 \u00faspe\u0161n\u00fd juniorsk\u00fd reprezentant v\u00a0\u013eadovom hokeji Tom\u00e1\u0161 Jur\u010do. Po&hellip;<\/p>\n","protected":false},"author":2,"featured_media":0,"comment_status":"open","ping_status":"open","sticky":false,"template":"","format":"standard","meta":{"footnotes":""},"categories":[17,25],"tags":[],"_links":{"self":[{"href":"https:\/\/noa.bart.sk\/index.php\/wp-json\/wp\/v2\/posts\/208"}],"collection":[{"href":"https:\/\/noa.bart.sk\/index.php\/wp-json\/wp\/v2\/posts"}],"about":[{"href":"https:\/\/noa.bart.sk\/index.php\/wp-json\/wp\/v2\/types\/post"}],"author":[{"embeddable":true,"href":"https:\/\/noa.bart.sk\/index.php\/wp-json\/wp\/v2\/users\/2"}],"replies":[{"embeddable":true,"href":"https:\/\/noa.bart.sk\/index.php\/wp-json\/wp\/v2\/comments?post=208"}],"version-history":[{"count":3,"href":"https:\/\/noa.bart.sk\/index.php\/wp-json\/wp\/v2\/posts\/208\/revisions"}],"predecessor-version":[{"id":223,"href":"https:\/\/noa.bart.sk\/index.php\/wp-json\/wp\/v2\/posts\/208\/revisions\/223"}],"wp:attachment":[{"href":"https:\/\/noa.bart.sk\/index.php\/wp-json\/wp\/v2\/media?parent=208"}],"wp:term":[{"taxonomy":"category","embeddable":true,"href":"https:\/\/noa.bart.sk\/index.php\/wp-json\/wp\/v2\/categories?post=208"},{"taxonomy":"post_tag","embeddable":true,"href":"https:\/\/noa.bart.sk\/index.php\/wp-json\/wp\/v2\/tags?post=208"}],"curies":[{"name":"wp","href":"https:\/\/api.w.org\/{rel}","templated":true}]}}