{"id":2053,"date":"2022-12-13T17:32:11","date_gmt":"2022-12-13T15:32:11","guid":{"rendered":"http:\/\/noa.bart.sk\/?p=2053"},"modified":"2022-12-13T17:32:11","modified_gmt":"2022-12-13T15:32:11","slug":"olympiada-vo-francuzskom-jazyku-2","status":"publish","type":"post","link":"https:\/\/noa.bart.sk\/index.php\/2022\/12\/13\/olympiada-vo-francuzskom-jazyku-2\/","title":{"rendered":"Olympi\u00e1da vo franc\u00fazskom jazyku"},"content":{"rendered":"\n<figure class=\"wp-block-gallery alignleft columns-1 is-cropped wp-block-gallery-1 is-layout-flex wp-block-gallery-is-layout-flex\"><ul class=\"blocks-gallery-grid\"><li class=\"blocks-gallery-item\"><figure><img loading=\"lazy\" decoding=\"async\" width=\"1024\" height=\"768\" src=\"https:\/\/noa.bart.sk\/wp-content\/uploads\/IMG_20221213_111836754-1024x768.jpg\" alt=\"\" data-id=\"2055\" data-full-url=\"https:\/\/noa.bart.sk\/wp-content\/uploads\/IMG_20221213_111836754-scaled.jpg\" data-link=\"https:\/\/noa.bart.sk\/?attachment_id=2055\" class=\"wp-image-2055\" srcset=\"https:\/\/noa.bart.sk\/wp-content\/uploads\/IMG_20221213_111836754-1024x768.jpg 1024w, https:\/\/noa.bart.sk\/wp-content\/uploads\/IMG_20221213_111836754-300x225.jpg 300w, https:\/\/noa.bart.sk\/wp-content\/uploads\/IMG_20221213_111836754-80x60.jpg 80w, https:\/\/noa.bart.sk\/wp-content\/uploads\/IMG_20221213_111836754-768x576.jpg 768w, https:\/\/noa.bart.sk\/wp-content\/uploads\/IMG_20221213_111836754-1536x1152.jpg 1536w, https:\/\/noa.bart.sk\/wp-content\/uploads\/IMG_20221213_111836754-2048x1536.jpg 2048w\" sizes=\"(max-width: 1024px) 100vw, 1024px\" \/><\/figure><\/li><\/ul><\/figure>\n\n\n\n<p>D\u0148a 13. decembra 2022 sa na na\u0161ej Obchodnej akad\u00e9mii uskuto\u010dnilo \u0161kolsk\u00e9 kolo olympi\u00e1dy vo franc\u00fazskom jazyku. Pod odborn\u00fdm veden\u00edm profesorky Zuzany Marcinovej a\u00a0profesora Mikul\u00e1\u0161a Luk\u00e1\u010da sa v\u00a0porad\u00ed na 32. ro\u010dn\u00edku z\u00fa\u010dastnilo 7 \u017eiakov.. V\u00a0kateg\u00f3rii 2A, ktor\u00e1 bola venovan\u00e1 \u017eiakom, ktor\u00ed sa u\u010dia franc\u00fazsky jazyk 1 a\u017e 2 roky, s\u00faperili o\u00a0v\u00ed\u0165azstvo \u0161tyria s\u00fa\u0165a\u017eiaci. <\/p>\n\n\n\n<!--more-->\n\n\n\n<p>Prv\u00e9 miesto v\u00a0tejto kateg\u00f3rii z\u00edskala Andrea Bark\u00f3cziov\u00e1 z\u00a0II.E pred Tamarou T\u00far\u00f3ci a\u00a0Adamom Plaveck\u00fdm z z\u00a0tej istej triedy. Kateg\u00f3ria 2B, ktor\u00e1 patrila \u017eiakom tret\u00edch a\u00a0\u0161tvrt\u00fdch ro\u010dn\u00edkov, pril\u00e1kala troch s\u00fa\u0165a\u017eiacich. \u00a0Prvenstvo z\u00a0minul\u00e9ho roka obh\u00e1jila Laura Hud\u00e1kov\u00e1 zo\u00a0IV.E. Druh\u00e9 a\u00a0tretie miesto obsadili Ema Tab\u00e1kov\u00e1 a\u00a0Kamil Ko\u0161ka (obaja zo IV.E). V\u0161etk\u00fdm \u017eiakom \u010fakujeme za \u00fa\u010das\u0165 a\u00a0v\u00ed\u0165azom blaho\u017eel\u00e1me.<\/p>\n\n\n\n<p>Kateg\u00f3ria 2A<\/p>\n\n\n\n<p>1. miesto: Andrea Bark\u00f3cziov\u00e1&nbsp;&nbsp;&nbsp;&nbsp;&nbsp;&nbsp;&nbsp;&nbsp; II.E<\/p>\n\n\n\n<p>2. miesto: Tamara T\u00far\u00f3czi&nbsp;&nbsp;&nbsp;&nbsp; &nbsp;&nbsp;&nbsp;&nbsp;&nbsp;&nbsp;&nbsp;&nbsp;&nbsp;&nbsp;&nbsp; II.E<\/p>\n\n\n\n<p>3. miesto: Adam Plavecki&nbsp;&nbsp;&nbsp;&nbsp;&nbsp;&nbsp;&nbsp;&nbsp;&nbsp;&nbsp;&nbsp;&nbsp;&nbsp;&nbsp;&nbsp;&nbsp; II.E&nbsp;&nbsp;&nbsp;&nbsp;&nbsp;<\/p>\n\n\n\n<p>Kateg\u00f3ria 2B<\/p>\n\n\n\n<p>1.miesto: Laura Hud\u00e1kov\u00e1&nbsp;&nbsp;&nbsp;&nbsp;&nbsp;&nbsp;&nbsp;&nbsp;&nbsp;&nbsp;&nbsp;&nbsp;&nbsp;&nbsp;&nbsp; IV.E<\/p>\n\n\n\n<p>2.miesto: Ema Tab\u00e1kov\u00e1&nbsp;&nbsp;&nbsp;&nbsp;&nbsp;&nbsp;&nbsp;&nbsp;&nbsp;&nbsp;&nbsp;&nbsp;&nbsp;&nbsp;&nbsp;&nbsp;&nbsp;&nbsp; IV.E<\/p>\n\n\n\n<p>3.miesto: Kamil Ko\u0161ka&nbsp;&nbsp;&nbsp;&nbsp;&nbsp;&nbsp;&nbsp;&nbsp;&nbsp;&nbsp;&nbsp;&nbsp;&nbsp;&nbsp;&nbsp;&nbsp;&nbsp;&nbsp;&nbsp;&nbsp;&nbsp; IV.E<\/p>\n\n\n\n<figure class=\"wp-block-image size-large is-resized\"><img loading=\"lazy\" decoding=\"async\" src=\"https:\/\/noa.bart.sk\/wp-content\/uploads\/IMG_20221213_111804869_BURST001-1024x768.jpg\" alt=\"\" class=\"wp-image-2054\" width=\"320\" height=\"240\" srcset=\"https:\/\/noa.bart.sk\/wp-content\/uploads\/IMG_20221213_111804869_BURST001-1024x768.jpg 1024w, https:\/\/noa.bart.sk\/wp-content\/uploads\/IMG_20221213_111804869_BURST001-300x225.jpg 300w, https:\/\/noa.bart.sk\/wp-content\/uploads\/IMG_20221213_111804869_BURST001-80x60.jpg 80w, https:\/\/noa.bart.sk\/wp-content\/uploads\/IMG_20221213_111804869_BURST001-768x576.jpg 768w, https:\/\/noa.bart.sk\/wp-content\/uploads\/IMG_20221213_111804869_BURST001-1536x1152.jpg 1536w, https:\/\/noa.bart.sk\/wp-content\/uploads\/IMG_20221213_111804869_BURST001-2048x1536.jpg 2048w\" sizes=\"(max-width: 320px) 100vw, 320px\" \/><\/figure>\n","protected":false},"excerpt":{"rendered":"<p>D\u0148a 13. decembra 2022 sa na na\u0161ej Obchodnej akad\u00e9mii uskuto\u010dnilo \u0161kolsk\u00e9 kolo olympi\u00e1dy vo franc\u00fazskom jazyku. Pod odborn\u00fdm veden\u00edm profesorky Zuzany Marcinovej a\u00a0profesora Mikul\u00e1\u0161a Luk\u00e1\u010da sa v\u00a0porad\u00ed na 32. ro\u010dn\u00edku&hellip;<\/p>\n","protected":false},"author":2,"featured_media":0,"comment_status":"open","ping_status":"open","sticky":false,"template":"","format":"standard","meta":{"footnotes":""},"categories":[1],"tags":[],"_links":{"self":[{"href":"https:\/\/noa.bart.sk\/index.php\/wp-json\/wp\/v2\/posts\/2053"}],"collection":[{"href":"https:\/\/noa.bart.sk\/index.php\/wp-json\/wp\/v2\/posts"}],"about":[{"href":"https:\/\/noa.bart.sk\/index.php\/wp-json\/wp\/v2\/types\/post"}],"author":[{"embeddable":true,"href":"https:\/\/noa.bart.sk\/index.php\/wp-json\/wp\/v2\/users\/2"}],"replies":[{"embeddable":true,"href":"https:\/\/noa.bart.sk\/index.php\/wp-json\/wp\/v2\/comments?post=2053"}],"version-history":[{"count":1,"href":"https:\/\/noa.bart.sk\/index.php\/wp-json\/wp\/v2\/posts\/2053\/revisions"}],"predecessor-version":[{"id":2056,"href":"https:\/\/noa.bart.sk\/index.php\/wp-json\/wp\/v2\/posts\/2053\/revisions\/2056"}],"wp:attachment":[{"href":"https:\/\/noa.bart.sk\/index.php\/wp-json\/wp\/v2\/media?parent=2053"}],"wp:term":[{"taxonomy":"category","embeddable":true,"href":"https:\/\/noa.bart.sk\/index.php\/wp-json\/wp\/v2\/categories?post=2053"},{"taxonomy":"post_tag","embeddable":true,"href":"https:\/\/noa.bart.sk\/index.php\/wp-json\/wp\/v2\/tags?post=2053"}],"curies":[{"name":"wp","href":"https:\/\/api.w.org\/{rel}","templated":true}]}}