{"id":205,"date":"2016-09-07T20:15:49","date_gmt":"2016-09-07T18:15:49","guid":{"rendered":"http:\/\/noa.bart.sk\/?p=205"},"modified":"2016-09-08T09:27:49","modified_gmt":"2016-09-08T07:27:49","slug":"rozhovor-s-nasimi-absolventmi-hokejistami-radkom-deylom-a-tomasom-halaszom","status":"publish","type":"post","link":"https:\/\/noa.bart.sk\/index.php\/2016\/09\/07\/rozhovor-s-nasimi-absolventmi-hokejistami-radkom-deylom-a-tomasom-halaszom\/","title":{"rendered":"Rozhovor s na\u0161imi absolventmi, hokejistami Radkom Deylom a Tom\u00e1\u0161om Hal\u00e1szom"},"content":{"rendered":"<p><img loading=\"lazy\" decoding=\"async\" class=\"alignleft wp-image-244\" src=\"https:\/\/noa.bart.sk\/wp-content\/uploads\/5111834-300x228.jpg\" width=\"260\" height=\"198\" srcset=\"https:\/\/noa.bart.sk\/wp-content\/uploads\/5111834-300x228.jpg 300w, https:\/\/noa.bart.sk\/wp-content\/uploads\/5111834-80x61.jpg 80w, https:\/\/noa.bart.sk\/wp-content\/uploads\/5111834-768x584.jpg 768w, https:\/\/noa.bart.sk\/wp-content\/uploads\/5111834.jpg 1024w\" sizes=\"(max-width: 260px) 100vw, 260px\" \/><\/p>\n<p><strong>Ned\u00e1vno na\u0161u \u0161kolu nav\u0161t\u00edvili majstri SR v\u00a0\u013eadovom hokeji, hokejisti HC Ko\u0161ice, a\u00a0z\u00e1rove\u0148 na\u0161i b\u00fdval\u00ed \u0161tudenti Radek Deyl a\u00a0Tom\u00e1\u0161 Hal\u00e1sz. <\/strong><strong>Polo\u017eili sme im za V\u00e1s nieko\u013eko ot\u00e1zok:<\/strong><\/p>\n<ol>\n<li><strong>Kedy a\u00a0pre\u010do ste za\u010dali s\u00a0hokejom?<\/strong><\/li>\n<\/ol>\n<p><strong>Radek<\/strong><\/p>\n<p>S\u00a0hokejom som za\u010dal v\u00a0\u0161iestich rokoch, kv\u00f4li mojej hyperaktivite. Rodi\u010dia ma museli zamestna\u0165, lebo u\u017e so mnou nevedeli vydr\u017ea\u0165, a\u00a0tak ma zobrali na hokejov\u00fd \u0161tadi\u00f3n, kde som u\u017e ostal \ud83d\ude42<\/p>\n<p><strong>\u00a0Tom\u00e1\u0161<\/strong><\/p>\n<p>S hokejom som za\u010dal a\u017e v dvan\u00e1stich rokoch, lebo dovtedy som hr\u00e1val futbal. S\u00edce je pravda, \u017ee hokej bol mojou srdcovkou od za\u010diatku, dal som sa na futbal a n\u00e1sledn\u00fd prechod ne\u013eutujem. Za\u010dal som s n\u00edm asi preto, lebo m\u00f4j star\u0161\u00ed brat hr\u00e1val a ja som bol st\u00e1le na zim\u00e1ku a ve\u013emi sa mi to p\u00e1\u010dilo.<\/p>\n<p><!--more--><\/p>\n<ol start=\"2\">\n<li><strong>Je jednoduch\u00e9 sta\u0165 sa vrcholov\u00fdm \u0161portovcom?<\/strong><\/li>\n<\/ol>\n<p><strong>\u00a0<\/strong><\/p>\n<p><strong>Radek<\/strong><\/p>\n<p>Ni\u010d nie je jednoduch\u00e9. U\u017e v\u00f4bec nie v\u00a0\u0161porte. Nikto V\u00e1m ni\u010d ned\u00e1 zadarmo a\u00a0v\u0161etko mus\u00edte dosiahn\u00fa\u0165 tvrdou, poctivou a\u00a0cie\u013eavedomou pr\u00e1cou.<\/p>\n<p><strong>\u00a0Tom\u00e1\u0161<\/strong><\/p>\n<p>Ve\u013ea \u013eud\u00ed si mysl\u00ed, \u017ee \u00e1no. Myslia si, \u017ee ke\u010f rob\u00edme to, \u010do n\u00e1s bav\u00ed, tak je to super. No treba sa pozrie\u0165 aj na in\u00e9 veci, ako napr\u00edklad minim\u00e1lny vo\u013en\u00fd \u010das, a to u\u017e od detstva, dodr\u017eiavanie \u017eivotospr\u00e1vy a in\u00e9 z\u00e1kazy. Treba ma\u0165 na to pevn\u00fa psychiku a v\u00fddr\u017e.<\/p>\n<ol start=\"3\">\n<li><strong>HC Ko\u0161ice patr\u00ed medzi na\u0161e naj\u00faspe\u0161nej\u0161ie t\u00edmy. Pre\u010do je tomu tak?<\/strong><\/li>\n<\/ol>\n<p><strong>\u00a0<\/strong><\/p>\n<p><strong>Radek<\/strong><\/p>\n<p>Hlavnou pr\u00ed\u010dinou \u00faspechu je hlavn\u00fd sponzor USS. Pokia\u013e s\u00fa peniaze, v\u0161etko je \u013eah\u0161ie. Samozrejme k\u00a0tomu patria takisto \u013eudia, ktor\u00ed sa rozumej\u00fa do toho, \u010do robia. Je to \u0161pi\u010dkov\u00fd profesion\u00e1lny klub.<\/p>\n<p><strong>\u00a0Tom\u00e1\u0161<\/strong><\/p>\n<p>Je to t\u00fdm, \u017ee ak hr\u00e1te v Ko\u0161iciach, tak sa nemus\u00edte stara\u0165 o ni\u010d in\u00e9 ako len o hokej. S\u00fa tu vynikaj\u00face podmienky a peniaze s\u00fa na\u010das, zatia\u013e \u010do v in\u00fdch kluboch maj\u00fa s t\u00fdmito vecami ve\u013ek\u00e9 probl\u00e9my. Tu sa odzrkad\u013euje, \u017ee ak sa klub spr\u00e1va maxim\u00e1lne profesion\u00e1lne, tak sa dostavia aj v\u00fdsledky.<\/p>\n<ol start=\"4\">\n<li><strong>Ak\u00e1 atmosf\u00e9ra vl\u00e1dla v\u00a0mu\u017estve po\u010das celej sez\u00f3ny?<\/strong><\/li>\n<\/ol>\n<p><strong>\u00a0<\/strong><\/p>\n<p><strong>Radek<\/strong><\/p>\n<p>Na\u0161e mu\u017estvo bolo v\u00fdborne poskladan\u00e9. Sk\u013abenie mladosti a\u00a0sk\u00fasenosti bolo v\u00fdborn\u00e9. Fakt sa zi\u0161la skvel\u00e1 partia hokejistov a\u00a0hlavne \u013eud\u00ed. A\u00a0to nevrav\u00edm iba ja, ale aj ostatn\u00ed hr\u00e1\u010di, ktor\u00ed u\u017e maj\u00fa odohran\u00e9 ove\u013ea viac ako ja.<\/p>\n<p>&nbsp;<\/p>\n<p><strong>\u00a0<\/strong><strong>Tom\u00e1\u0161<\/strong><\/p>\n<p>Ja osobne som tak\u00fa partiu e\u0161te neza\u017eil. Boli sme naozaj ako jedna du\u0161a a to bol z\u00e1klad \u00faspechu.<\/p>\n<ol start=\"5\">\n<li><strong>Za posledn\u00e9 roky si z\u00edskal s\u00a0mu\u017estvom HC Ko\u0161ice 3 tituly majstra SR. Ktor\u00fd titul si cen\u00ed\u0161 viac?<\/strong><\/li>\n<\/ol>\n<p><strong>\u00a0Radek<\/strong><\/p>\n<p>Ten posledn\u00fd si cen\u00edm najviac, preto\u017ee som c\u00edtil, \u017ee patr\u00edm u\u017e plnou mierou do kolekt\u00edvu HC a\u00a0dok\u00e1zal som\u00a0 tomu mu\u017estvu aj pom\u00f4c\u0165.<\/p>\n<ol start=\"6\">\n<li><strong>Patr\u00ed titul majstra SR medzi Tvoje najv\u00e4\u010d\u0161ie \u00faspechy?<\/strong><\/li>\n<\/ol>\n<p><strong>\u00a0Tom\u00e1\u0161<\/strong><\/p>\n<p>Ur\u010dite \u00e1no, na Slovensku je to v podstate vrchol. Je pravda, \u017ee moj\u00edm cie\u013eom je ho z\u00edska\u0165 aj v poz\u00edcii prv\u00e9ho brank\u00e1ra, ale tieto tituly si nesmierne cen\u00edm. Za ve\u013ek\u00fd \u00faspech pova\u017eujem e\u0161te aj \u0161tart na MS do 20 rokov.<\/p>\n<ol start=\"7\">\n<li><strong>Ako ste osl\u00e1vili majstrovsk\u00fd titul?<\/strong><\/li>\n<\/ol>\n<p><strong>\u00a0<\/strong><\/p>\n<p><strong>Radek<\/strong><\/p>\n<p>Tak\u00e9to veci sa oslavuj\u00fa poriadne. Zasl\u00fa\u017eili sme si to, a\u00a0tak aj oslavy boli ve\u013ekolep\u00e9.<\/p>\n<p><strong>\u00a0Tom\u00e1\u0161<\/strong><\/p>\n<p>Tak ja osobne som oslavoval asi t\u00fdzde\u0148, mo\u017eno s jednod\u0148ovou prest\u00e1vkou, boli to kr\u00e1sne dni a d\u00fafam, \u017ee si to e\u0161te zopakujem.<\/p>\n<ol start=\"8\">\n<li><strong>\u010co pre V\u00e1s znamen\u00e1 reprezent\u00e1cia?<\/strong><\/li>\n<\/ol>\n<p><strong>\u00a0<\/strong><\/p>\n<p><strong>Radek<\/strong><\/p>\n<p>Reprezentova\u0165 SR je ve\u013ek\u00e1 \u010des\u0165. Ja som mal e\u0161te to \u0161\u0165astie, \u017ee som sedel v\u00a0jednej kab\u00edne s\u00a0hr\u00e1\u010dmi ako Demitra, Lintner, Stumpel a\u00a0mnoho \u010fal\u0161\u00edch. Bol to pre m\u0148a obrovsk\u00fd za\u017eitok.<\/p>\n<p><strong>\u00a0Tom\u00e1\u0161<\/strong><\/p>\n<p>Ve\u013emi r\u00e1d by som sa tam dostal a reprezentoval krajinu. Zatia\u013e sa touto ot\u00e1zkou nezapodievam, ale sn\u00e1\u010f sa tam niekedy dostanem.<\/p>\n<ol start=\"9\">\n<li><strong>Sledovali ste MS 2011 v\u00a0\u013eadovom hokeji? Ktor\u00e9 z\u00e1pasy ste videli na\u017eivo? Kto V\u00e1s zaujal najviac na MS ?<\/strong><\/li>\n<\/ol>\n<p><strong>\u00a0<\/strong><\/p>\n<p><strong>Radek<\/strong><\/p>\n<p>Samozrejme, dom\u00e1ci \u0161ampion\u00e1\u0165 som sledoval. No nie som zaryt\u00fdm div\u00e1kom. Na\u017eivo som videl z\u00e1pas Kanada \u2013 USA a\u00a0USA \u2013 \u0160vaj\u010diarsko. R\u00e1d sledujem mlad\u00fdch hr\u00e1\u010dov, proti ktor\u00fdm som hr\u00e1val. \u010ci u\u017e to boli chalani z\u00a0Kanady alebo \u0160v\u00e9dska. Te\u0161il ma poh\u013ead najm\u00e4 na \u0161v\u00e9dsku hru.<\/p>\n<p><strong>\u00a0<\/strong><strong>Tom\u00e1\u0161 <\/strong><\/p>\n<p>MS some nesledoval \u00faplne detailne, ale preh\u013ead som mal. Nav\u0161t\u00edvil som 2 z\u00e1pasy, a to konkr\u00e9tne USA-Kanada a USA-\u0160vaj\u010diarsko. Sledoval som najm\u00e4 v\u00fdkony brank\u00e1rov a ve\u013emi ma zaujal Fasth zo \u0160v\u00e9dska a Pavelec z \u010ciech.<\/p>\n<ol start=\"10\">\n<li><strong>\u010c\u00edm si vysvet\u013eujete ne\u00faspech slovenskej reprezent\u00e1cie na MS 2011?<\/strong><\/li>\n<\/ol>\n<p><strong>\u00a0<\/strong><\/p>\n<p><strong>Radek<\/strong><\/p>\n<p>Mo\u017eno iba zl\u00e9 na\u010dasovanie formy.<\/p>\n<p>&nbsp;<\/p>\n<p><strong>\u00a0Tom\u00e1\u0161<\/strong><\/p>\n<p>Ve\u013ea \u013eud\u00ed kritizuje to, \u017ee n\u00e1m tam ch\u00fdbali mlad\u00ed hr\u00e1\u010di a ja sa s t\u00fdmto n\u00e1zorom stoto\u017e\u0148ujem. Mali sme tam posla\u0165 aspo\u0148 jeden \u00fatok mlad\u00fdch chlapcov. No je pravda, keby\u017ee sa tam po\u0161le ten \u00fatok mlad\u00fdch a skon\u010dili by rovnako, ka\u017ed\u00fd by nad\u00e1val, \u017ee \u010do nebrali star\u00fdch.<\/p>\n<ol start=\"11\">\n<li><strong>Ak\u00e9 s\u00fa Va\u0161e amb\u00edcie do bud\u00facna?<\/strong><\/li>\n<\/ol>\n<p><strong>\u00a0<\/strong><\/p>\n<p><strong>Radek<\/strong><\/p>\n<p>Vyhra\u0165 sa v\u00a0Ko\u0161iciach. E\u0161te by som tu mal osta\u0165 dva roky. Absolvova\u0165 \u010do najviac reprezenta\u010dn\u00fdch zrazov a\u00a0vysk\u00fa\u0161a\u0165 Eur\u00f3pu. L\u00e1ka ma \u0161v\u00e9dska elitserien. No je to len hudba bud\u00facnosti.<\/p>\n<p><strong>\u00a0Tom\u00e1\u0161<\/strong><\/p>\n<p>Teraz je moj\u00edm cie\u013eom vybudova\u0165 si poz\u00edciu jednotky v Ko\u0161iciach a ve\u013emi r\u00e1d by som si zahral kvalitn\u00fa zahrani\u010dn\u00fa ligu.<\/p>\n<ol start=\"12\">\n<li><strong>Ak\u00fa \u00falohu vo Va\u0161om \u017eivote hr\u00e1 vzdelanie?<\/strong><\/li>\n<\/ol>\n<p><strong>\u00a0<\/strong><\/p>\n<p><strong>Radek<\/strong><\/p>\n<p>Vzdelanie je v\u00a0dne\u0161nom svete d\u00f4le\u017eit\u00e1 vec, a\u00a0preto aj na\u010falej \u0161tudujem na vysokej \u0161kole.<\/p>\n<p><strong>\u00a0Tom\u00e1\u0161 <\/strong><\/p>\n<p>Pre m\u0148a ve\u013ek\u00fa. Hokejistov hne\u010f \u0161katu\u013ekuj\u00fa, \u017ee s\u00fa hl\u00fapi, a to ma vie ve\u013emi nahneva\u0165.<\/p>\n<ol start=\"13\">\n<li><strong>Pre\u010do ste sa rozhodli \u0161tudova\u0165 na OA Watsonova? Ako hodnot\u00edte toto rozhodnutie s\u00a0odstupom \u010dasu?<\/strong><\/li>\n<\/ol>\n<p><strong>\u00a0<\/strong><\/p>\n<p><strong>Radek<\/strong><\/p>\n<p>T\u00e1to vo\u013eba bola pre m\u0148a tou najlep\u0161ou.. Fakt to bolo ve\u013emi dobr\u00e9 rozhodnutie v\u00a0mojom \u017eivote. A\u00a0s\u00a0Tom\u00e1\u0161om sme \u0161li na OA najm\u00e4 kv\u00f4li diev\u010dat\u00e1m \ud83d\ude42<\/p>\n<p><strong>\u00a0Tom\u00e1\u0161<\/strong><\/p>\n<p>Nechcel som \u00eds\u0165 na gymn\u00e1zium, lebo som sa u\u017e nechcel u\u010di\u0165 predmety, ktor\u00e9 ma nebavili a vysk\u00fa\u0161a\u0165 nie\u010do nov\u00e9 a osobne to ne\u013eutujem, asi by som tak urobil znovu.<\/p>\n<ol start=\"14\">\n<li><strong>Ako tr\u00e1vite svoj vo\u013en\u00fd \u010das?<\/strong><\/li>\n<\/ol>\n<p><strong>\u00a0<\/strong><\/p>\n<p><strong>Radek<\/strong><\/p>\n<p>Ke\u010f sa naskytne nejak\u00e1 vo\u013en\u00e1 chv\u00ed\u013eka, tak sa sna\u017e\u00edm vyu\u017ei\u0165 kamar\u00e1tov. Popr\u00edpade nejak\u00fd doplnkov\u00fd \u0161port ako tenis, stoln\u00fd tenis \u010di futbal.<\/p>\n<p><strong>\u00a0Tom\u00e1\u0161 <\/strong><\/p>\n<p>Je pravda, \u017ee ve\u013ea ho nie je, cez sez\u00f3nu, len kino, k\u00e1vi\u010dka so spoluhr\u00e1\u010dmi a niekedy turnaj na playstation a odkedy som si na\u0161iel priate\u013eku, tr\u00e1vim ve\u013ea \u010dasu s \u0148ou.<\/p>\n<ol start=\"15\">\n<li><strong>\u010co by ste odk\u00e1zali \u0161tudentom na\u0161ej \u0161koly?<\/strong><\/li>\n<\/ol>\n<p><strong>\u00a0<\/strong><\/p>\n<p><strong>Radek<\/strong><\/p>\n<p>\u010co odk\u00e1za\u0165? Som tak\u00fd ist\u00fd \u010dlovek ako oni, tak neviem, \u010do by som im mal radi\u0165 \ud83d\ude1b<\/p>\n<p>Robte veci tak, aby ste boli \u0161\u0165astn\u00ed.<\/p>\n<p><strong>\u00a0Tom\u00e1\u0161<\/strong><\/p>\n<p>Asi to, \u010do im vrav\u00ed ka\u017ed\u00fd, aby \u0161kolu nepodce\u0148ovali, lebo o\u010di sa im otvoria, ak zmaturuj\u00fa, nezober\u00fa ich na v\u00fd\u0161ky, bud\u00fa si zh\u00e1\u0148a\u0165 v\u0161elijak\u00e9 roboty, z ktor\u00fdch si nevyplatia ani \u00fa\u010dty.<\/p>\n<p><strong>Za odpovede V\u00e1m \u010fakuje a\u00a0ve\u013ea \u00faspechov v\u00a0\u010fal\u0161om \u017eivote V\u00e1m \u017eel\u00e1 Jaroslav Lipt\u00e1k<\/strong><\/p>\n","protected":false},"excerpt":{"rendered":"<p>Ned\u00e1vno na\u0161u \u0161kolu nav\u0161t\u00edvili majstri SR v\u00a0\u013eadovom hokeji, hokejisti HC Ko\u0161ice, a\u00a0z\u00e1rove\u0148 na\u0161i b\u00fdval\u00ed \u0161tudenti Radek Deyl a\u00a0Tom\u00e1\u0161 Hal\u00e1sz. Polo\u017eili sme im za V\u00e1s nieko\u013eko ot\u00e1zok: Kedy a\u00a0pre\u010do ste za\u010dali&hellip;<\/p>\n","protected":false},"author":2,"featured_media":0,"comment_status":"open","ping_status":"open","sticky":false,"template":"","format":"standard","meta":{"footnotes":""},"categories":[17,25],"tags":[],"_links":{"self":[{"href":"https:\/\/noa.bart.sk\/index.php\/wp-json\/wp\/v2\/posts\/205"}],"collection":[{"href":"https:\/\/noa.bart.sk\/index.php\/wp-json\/wp\/v2\/posts"}],"about":[{"href":"https:\/\/noa.bart.sk\/index.php\/wp-json\/wp\/v2\/types\/post"}],"author":[{"embeddable":true,"href":"https:\/\/noa.bart.sk\/index.php\/wp-json\/wp\/v2\/users\/2"}],"replies":[{"embeddable":true,"href":"https:\/\/noa.bart.sk\/index.php\/wp-json\/wp\/v2\/comments?post=205"}],"version-history":[{"count":10,"href":"https:\/\/noa.bart.sk\/index.php\/wp-json\/wp\/v2\/posts\/205\/revisions"}],"predecessor-version":[{"id":270,"href":"https:\/\/noa.bart.sk\/index.php\/wp-json\/wp\/v2\/posts\/205\/revisions\/270"}],"wp:attachment":[{"href":"https:\/\/noa.bart.sk\/index.php\/wp-json\/wp\/v2\/media?parent=205"}],"wp:term":[{"taxonomy":"category","embeddable":true,"href":"https:\/\/noa.bart.sk\/index.php\/wp-json\/wp\/v2\/categories?post=205"},{"taxonomy":"post_tag","embeddable":true,"href":"https:\/\/noa.bart.sk\/index.php\/wp-json\/wp\/v2\/tags?post=205"}],"curies":[{"name":"wp","href":"https:\/\/api.w.org\/{rel}","templated":true}]}}