{"id":203,"date":"2013-05-03T20:14:06","date_gmt":"2013-05-03T18:14:06","guid":{"rendered":"http:\/\/noa.bart.sk\/?p=203"},"modified":"2016-09-07T20:55:21","modified_gmt":"2016-09-07T18:55:21","slug":"rozhovor-s-pp-demskou","status":"publish","type":"post","link":"https:\/\/noa.bart.sk\/index.php\/2013\/05\/03\/rozhovor-s-pp-demskou\/","title":{"rendered":"Rozhovor s pp Demskou"},"content":{"rendered":"<p><strong>T\u00e1to profesorka, ktor\u00fa V\u00e1m predstav\u00edm, u\u010d\u00ed rusk\u00fd jazyk. Alebo ako tomu my \u0161tudenti hovor\u00edme u\u010d\u00ed\u201cru\u0161tinu\u201c. Pani profesorka Mgr. Andrea Demsk\u00e1 je asi tou najlep\u0161ou u\u010dite\u013ekou, ktor\u00fa pozn\u00e1m. Akoby aj nie, ve\u010f je na \u0161kole jedinou ru\u0161tin\u00e1rkou<\/strong><strong>. <\/strong>Hoci je na n\u00e1s niekedy\u00a0 pr\u00edsna, je v\u0161ak f\u00e9rov\u00e1. Vy\u017eaduje re\u0161pekt, no v\u00a0jej o\u010diach sa zrkadl\u00ed ochota pom\u00f4c\u0165\u00a0. A\u00a0preto som jej polo\u017eila p\u00e1r ot\u00e1zok, na ktor\u00e9 mi d\u00fafam zauj\u00edmavo odpovie. J<\/p>\n<p><strong>\u00a0<\/strong><\/p>\n<p><strong>1.T\u00fa\u017eili ste sa odmali\u010dka sta\u0165 u\u010dite\u013ekou?<\/strong><strong>\u00a0<\/strong><\/p>\n<ul>\n<li>Nikdy som sa na u\u010dite\u013eku nehrala. Sk\u00f4r som zbierala modriny na bicykli ! J<\/li>\n<\/ul>\n<ol start=\"2\">\n<li><strong> Chodili ste do \u0161koly rada ? <\/strong><\/li>\n<\/ol>\n<p><!--more--><\/p>\n<ul>\n<li><strong>Dlho som si myslela, \u017ee rodi\u010dia ma do \u0161koly dali za trest. A\u017e na strednej \u0161kole som po \u010dase pochopila, \u017ee \u0161kola mi m\u00f4\u017ee otvori\u0165 dvere a\u00a0posun\u00fa\u0165 ma \u010falej.<\/strong><\/li>\n<\/ul>\n<ol start=\"3\">\n<li><strong> M\u00e1te nejak\u00fd \u017eivotn\u00fd cie\u013e, ktor\u00fd chcete dosiahnu\u0165 (samozrejme okrem toho,\u017ee ste dobrou a\u00a0spravodlivou u\u010dite\u013ekou) ?<\/strong><\/li>\n<\/ol>\n<ul>\n<li><strong>Od\u00eds\u0165 pri dobrom du\u0161evnom a\u00a0fyzickom zdrav\u00ed na penziu. Ale to mi sk\u00f4r pripom\u00edna sci-fi, ako \u017eivotn\u00fd cie\u013e u\u010dite\u013ea v\u00a0na\u0161ej spolo\u010dnosti.<\/strong><\/li>\n<\/ul>\n<ol start=\"4\">\n<li><strong> Pre\u010do ste sa rozhodli u\u010di\u0165 pr\u00e1ve na tejto \u0161kole ? <\/strong><\/li>\n<\/ol>\n<ul>\n<li><strong>Nebola to ot\u00e1zka mojej vo\u013eby. Jednoducho tu bolo vo\u013en\u00e9 miesto angli\u010dtin\u00e1ra. Ru\u0161tina toti\u017e pr\u00e1ve vtedy \u201evych\u00e1dzala\u201c z\u00a0m\u00f3dy. Bohu\u017eia\u013e.<\/strong><\/li>\n<\/ul>\n<ol start=\"5\">\n<li><strong> Vych\u00e1dzate so v\u0161etk\u00fdmi u\u010dite\u013emi, alebo s\u00fa aj tak\u00ed, ktor\u00ed V\u00e1m nesadli ? <\/strong><\/li>\n<\/ol>\n<ul>\n<li><strong>Vz\u0165ahy medzi u\u010dite\u013emi s\u00fa \u010doraz hor\u0161ie, \u010do je pre m\u0148a nepochopite\u013en\u00e9, preto\u017ee situ\u00e1cia v\u00a0\u0161kolstve je zl\u00e1 a\u00a0sk\u00f4r by n\u00e1s mala zbli\u017eova\u0165 ako rozde\u013eova\u0165.<\/strong><\/li>\n<\/ul>\n<ol start=\"6\">\n<li><strong> A ak\u00fd je v\u00e1\u0161 n\u00e1zor na teraj\u0161iu ml\u00e1de\u017e v\u00a0tejto \u0161kole ? <\/strong><\/li>\n<\/ol>\n<ul>\n<li><strong>S\u00fa\u010dasn\u00e1 ml\u00e1de\u017e je presne tak\u00e1, ak\u00fa sme si vychovali. Doma v\u00a0rodin\u00e1ch aj za \u201epomoci\u201c m\u00e9di\u00ed, ktor\u00e9 s\u00fa tie\u017e v\u00a0ruk\u00e1ch n\u00e1s \u2013 dospel\u00fdch. \u010cudova\u0165 sa preto, ako je mo\u017en\u00e9, \u017ee sa takto spr\u00e1vaj\u00fa, je pod\u013ea m\u0148a \u010dist\u00fd alibizmus dospel\u00fdch.<\/strong><\/li>\n<\/ul>\n<ol start=\"7\">\n<li><strong>Niektor\u00ed u\u010ditelia sa v\u00a0d\u00e1van\u00ed p\u00edsomiek \u017eiakom a\u00a0opravovan\u00ed p\u00edsomiek priam vy\u017e\u00edvaj\u00fa, zatia\u013e \u010do in\u00fdch to bavilo len na za\u010diatku ich kari\u00e9ry&#8230; \u00a0Ktor\u00fd pr\u00edpad sa t\u00fdka v\u00e1s?<\/strong><\/li>\n<\/ol>\n<ul>\n<li>Ja osobne uprednost\u0148ujem vyu\u017eitie mo\u017enosti opravn\u00fdch p\u00edsomiek. Preto\u017ee cie\u013eom pedag\u00f3ga by nemala by\u0165 zn\u00e1mka, ale vedomosti. Niekedy to ale nefunguje, hlavne vtedy, ak zo strany \u0161tudenta nie je \u017eiaden z\u00e1ujem.<\/li>\n<\/ul>\n<ol start=\"8\">\n<li><strong> Ak\u00e9 s\u00fa v\u00fdhody netriednych u\u010dite\u013eov? A s\u00fa aj nejak\u00e9 nev\u00fdhody?<\/strong><\/li>\n<\/ol>\n<ul>\n<li>Triednym u\u010dite\u013eom som bola len dva roky a\u00a0to, \u010do triednictvo obn\u00e1\u0161a, m\u00e1 svoje svetl\u00e9 aj tmav\u00e9 str\u00e1nky. V\u00a0ka\u017edom pr\u00edpade je za t\u00fdm ve\u013ek\u00fd kus driny.<\/li>\n<\/ul>\n<ol start=\"9\">\n<li><strong> Nap\u013a\u0148a V\u00e1s toto povolanie ? <\/strong><\/li>\n<\/ol>\n<ul>\n<li>S\u00fa dni, ke\u010f \u00e1no.<\/li>\n<\/ul>\n<ol start=\"10\">\n<li><strong> Ak\u00fdm mottom v\u00a0\u017eivote sa riadite ? <\/strong><\/li>\n<\/ol>\n<ul>\n<li><strong>Mysl\u00edm, \u017ee sk\u00f4r sa riadim svojimi in\u0161tinktami, aj ke\u010f niektor\u00e9 maj\u00fa nie\u010do do seba.<\/strong><\/li>\n<\/ul>\n<ol start=\"11\">\n<li><strong> Spravili ste v\u00a0\u017eivote nie\u010do ,,uleten\u00e9\u201c ?<\/strong><\/li>\n<\/ol>\n<ul>\n<li>Dala som sa svojimi de\u0165mi nahovori\u0165 na skokansk\u00fd most\u00edk na Donovaloch. T\u00fdm d\u0148om sa pre m\u0148a ly\u017eova\u010dka skon\u010dila.<\/li>\n<\/ul>\n<ol start=\"12\">\n<li><strong> \u010co by ste na z\u00e1ver odk\u00e1zali \u017eiakom tejto \u0161koly a tomuto \u010dasopisu ? <\/strong><\/li>\n<\/ol>\n<ul>\n<li>Nielen \u0161tudentom, ale i\u00a0\u010ditate\u013eom tohto \u010dasopisu \u017eel\u00e1m, aby pri svojom konan\u00ed a\u00a0rozhodovan\u00ed nepodliehali davu, ale riadili sa vlastn\u00fdm presved\u010den\u00edm.<\/li>\n<\/ul>\n<p><strong>\u00a0<\/strong><\/p>\n<p>Pani profesorke sa chcem ve\u013emi pekne po\u010fakova\u0165 za to, \u017ee si na\u0161la \u010das a\u00a0zodpovedala mi na zop\u00e1r mojich ot\u00e1zok. Ver\u00edm, \u017ee tak ako ja, aj ona sa\u00a0 c\u00edtila pr\u00edjemne. Pani profesorke \u017eel\u00e1m, aby jej f\u00e9rovos\u0165, re\u0161pekt a\u00a0ochota pom\u00f4c\u0165 ostali nav\u017edy.<\/p>\n<p>&nbsp;<\/p>\n<p>Lenka<\/p>\n<p>&nbsp;<\/p>\n","protected":false},"excerpt":{"rendered":"<p>T\u00e1to profesorka, ktor\u00fa V\u00e1m predstav\u00edm, u\u010d\u00ed rusk\u00fd jazyk. Alebo ako tomu my \u0161tudenti hovor\u00edme u\u010d\u00ed\u201cru\u0161tinu\u201c. Pani profesorka Mgr. Andrea Demsk\u00e1 je asi tou najlep\u0161ou u\u010dite\u013ekou, ktor\u00fa pozn\u00e1m. Akoby aj nie,&hellip;<\/p>\n","protected":false},"author":2,"featured_media":0,"comment_status":"open","ping_status":"open","sticky":false,"template":"","format":"standard","meta":{"footnotes":""},"categories":[17],"tags":[],"_links":{"self":[{"href":"https:\/\/noa.bart.sk\/index.php\/wp-json\/wp\/v2\/posts\/203"}],"collection":[{"href":"https:\/\/noa.bart.sk\/index.php\/wp-json\/wp\/v2\/posts"}],"about":[{"href":"https:\/\/noa.bart.sk\/index.php\/wp-json\/wp\/v2\/types\/post"}],"author":[{"embeddable":true,"href":"https:\/\/noa.bart.sk\/index.php\/wp-json\/wp\/v2\/users\/2"}],"replies":[{"embeddable":true,"href":"https:\/\/noa.bart.sk\/index.php\/wp-json\/wp\/v2\/comments?post=203"}],"version-history":[{"count":2,"href":"https:\/\/noa.bart.sk\/index.php\/wp-json\/wp\/v2\/posts\/203\/revisions"}],"predecessor-version":[{"id":224,"href":"https:\/\/noa.bart.sk\/index.php\/wp-json\/wp\/v2\/posts\/203\/revisions\/224"}],"wp:attachment":[{"href":"https:\/\/noa.bart.sk\/index.php\/wp-json\/wp\/v2\/media?parent=203"}],"wp:term":[{"taxonomy":"category","embeddable":true,"href":"https:\/\/noa.bart.sk\/index.php\/wp-json\/wp\/v2\/categories?post=203"},{"taxonomy":"post_tag","embeddable":true,"href":"https:\/\/noa.bart.sk\/index.php\/wp-json\/wp\/v2\/tags?post=203"}],"curies":[{"name":"wp","href":"https:\/\/api.w.org\/{rel}","templated":true}]}}