{"id":2021,"date":"2022-11-14T17:54:10","date_gmt":"2022-11-14T15:54:10","guid":{"rendered":"http:\/\/noa.bart.sk\/?p=2021"},"modified":"2022-11-14T17:54:11","modified_gmt":"2022-11-14T15:54:11","slug":"18-medzinarodny-veltrh-cvicnych-firiem-krajin-v4-v-kosiciach","status":"publish","type":"post","link":"https:\/\/noa.bart.sk\/index.php\/2022\/11\/14\/18-medzinarodny-veltrh-cvicnych-firiem-krajin-v4-v-kosiciach\/","title":{"rendered":"18. Medzin\u00e1rodn\u00fd ve\u013etrh cvi\u010dn\u00fdch firiem kraj\u00edn V4 v Ko\u0161iciach"},"content":{"rendered":"\n<figure class=\"wp-block-gallery alignleft columns-1 is-cropped wp-block-gallery-1 is-layout-flex wp-block-gallery-is-layout-flex\"><ul class=\"blocks-gallery-grid\"><li class=\"blocks-gallery-item\"><figure><img loading=\"lazy\" decoding=\"async\" width=\"1024\" height=\"768\" src=\"https:\/\/noa.bart.sk\/wp-content\/uploads\/315212974_546052254193277_947652741470582742_n-1024x768.jpg\" alt=\"\" data-id=\"2022\" data-full-url=\"https:\/\/noa.bart.sk\/wp-content\/uploads\/315212974_546052254193277_947652741470582742_n.jpg\" data-link=\"https:\/\/noa.bart.sk\/?attachment_id=2022\" class=\"wp-image-2022\" srcset=\"https:\/\/noa.bart.sk\/wp-content\/uploads\/315212974_546052254193277_947652741470582742_n-1024x768.jpg 1024w, https:\/\/noa.bart.sk\/wp-content\/uploads\/315212974_546052254193277_947652741470582742_n-300x225.jpg 300w, https:\/\/noa.bart.sk\/wp-content\/uploads\/315212974_546052254193277_947652741470582742_n-80x60.jpg 80w, https:\/\/noa.bart.sk\/wp-content\/uploads\/315212974_546052254193277_947652741470582742_n-768x576.jpg 768w, https:\/\/noa.bart.sk\/wp-content\/uploads\/315212974_546052254193277_947652741470582742_n-1536x1152.jpg 1536w, https:\/\/noa.bart.sk\/wp-content\/uploads\/315212974_546052254193277_947652741470582742_n.jpg 2048w\" sizes=\"(max-width: 1024px) 100vw, 1024px\" \/><\/figure><\/li><\/ul><\/figure>\n\n\n\n<p>V&nbsp;d\u0148och 8. a&nbsp;9. 11. 2022 sa v&nbsp;Spolo\u010denskom pavil\u00f3ne v&nbsp;Ko\u0161iciach uskuto\u010dnil 18. ro\u010dn\u00edk Medzin\u00e1rodn\u00e9ho ve\u013etrhu cvi\u010dn\u00fdch firiem kraj\u00edn V4. Organiz\u00e1torom podujatia bola Obchodn\u00e1 akad\u00e9mia, Watsonova 61, Ko\u0161ice. Partnermi podujatia boli Ko\u0161ick\u00fd samospr\u00e1vny kraj, Nad\u00e1cia VSE, VVS a&nbsp;Metro. Spoluorganiz\u00e1torom podujatia bol \u0160t\u00e1tny in\u0161tit\u00fat odborn\u00e9ho vzdel\u00e1vania, Slovensk\u00e9 centrum cvi\u010dn\u00fdch firiem.<\/p>\n\n\n\n<!--more-->\n\n\n\n<p>Na ve\u013etrhu sa predstavilo 17 cvi\u010dn\u00fdch firiem z&nbsp;cel\u00e9ho Slovenska a&nbsp;2 z&nbsp;\u010ceskej republiky. Podujatie sl\u00e1vnostne otvoril Ing. Peter Orsz\u00e1gh, riadite\u013e Obchodnej akad\u00e9mie. \u00da\u010dastn\u00edkom sa prihovorili aj z\u00e1stupcovia partnerov podujatia. Na \u00favod sa vo ve\u013emi vydarenom kult\u00farnom programe predstavili \u017eiaci na\u0161ej \u0161koly ako zdatn\u00ed moder\u00e1tori, hudobn\u00ed s\u00f3listi so svojimi tane\u010dn\u00fdmi partnermi alebo umeleck\u00fdmi kolekt\u00edvmi.<\/p>\n\n\n\n<p>V&nbsp;r\u00e1mci ve\u013etrhu sa uskuto\u010dnili aj workshop Slovak Business Agency a&nbsp;workshop Erasmus+ pre u\u010dite\u013eov a&nbsp;\u017eiakov.<\/p>\n\n\n\n<p>Na samotnom ve\u013etrhu sa s\u00fa\u0165a\u017eilo v&nbsp;kateg\u00f3ri\u00e1ch:<\/p>\n\n\n\n<ol type=\"1\"><li>Naj st\u00e1nok<\/li><li>Naj web + e-shop<\/li><li>Naj obchodn\u00fd let\u00e1k<\/li><li>Naj elektronick\u00e1 prezent\u00e1cia<\/li><li>Naj reprezentant, Naj reprezentantka<\/li><li>90 sek\u00fand vo v\u00fd\u0165ahu<\/li><li>Najlep\u0161ia cvi\u010dn\u00e1 firma, hlavn\u00e1 cena<\/li><\/ol>\n\n\n\n<p>Troj\u010dlenn\u00e9 poroty, ktor\u00e9 hodnotili jednotliv\u00e9 s\u00fa\u0165a\u017en\u00e9 kateg\u00f3rie, tvorili z\u00e1stupcovia OA, partnersk\u00fdch organiz\u00e1ci\u00ed, hos\u0165uj\u00faci u\u010ditelia cvi\u010dn\u00fdch firiem a&nbsp;z\u00e1stupkyne \u0160IOV \u2013 SCCF. Hodnotenie bolo ve\u013emi n\u00e1ro\u010dn\u00e9, nako\u013eko firmy dosahovali ve\u013emi vyrovnan\u00e9 v\u00fdsledky a&nbsp;rozdiely v&nbsp;bodovom hodnoten\u00ed boli minim\u00e1lne. Celkov\u00e9 vyhodnotenie ve\u013etrhu &nbsp;bolo tak\u00e9to:<\/p>\n\n\n\n<p><strong>Hlavn\u00e1 cena \u2013 Naj&#8230; cvi\u010dn\u00e1 firma<\/strong><strong>:<\/strong><\/p>\n\n\n\n<p>\u27a2 <strong>1. miesto<\/strong>: Ro\u017eky na ro\u017eku, s.r.o.<\/p>\n\n\n\n<p>&nbsp;Obchodn\u00e1 akad\u00e9mia, Daxnerova 88, 093 35 Vranov nad Top\u013eou, SR<\/p>\n\n\n\n<p>\u27a2 <strong>2. miesto<\/strong>: V\u00f4\u0148ka, s.r.o.<\/p>\n\n\n\n<p>Obchodn\u00e1 akad\u00e9mia, Watsonova 61, 040 01 Ko\u0161ice, SR<\/p>\n\n\n\n<p>\u27a2 <strong>3. miesto<\/strong>: Propag\u00e1tor, s.r.o.<\/p>\n\n\n\n<p>Spojen\u00e1 \u0161kola, Jarmo\u010dn\u00e1 1, 992 80 Modr\u00fd Kame\u0148, SR<\/p>\n\n\n\n<p><strong>Naj&#8230; st\u00e1nok:<\/strong><\/p>\n\n\n\n<p>\u27a2 <strong>1. miesto<\/strong>: Velvet, massage salon, s.r.o.<\/p>\n\n\n\n<p>Stredn\u00e1 zdravotn\u00edcka \u0161kola, Kuku\u010d\u00ednova 40, 041 37 Ko\u0161ice, SR<\/p>\n\n\n\n<p>\u27a2 <strong>2. miesto<\/strong>: Trieska-CF<\/p>\n\n\n\n<p>Obchodn\u00e1 akad\u00e9mia, Murga\u0161ova 94, 058 01 Poprad, SR<\/p>\n\n\n\n<p>\u27a2 <strong>3. miesto<\/strong>: STREET WEAR, s.r.o.<\/p>\n\n\n\n<p>Stredn\u00e1 odborn\u00e1 \u0161kola obchodu a slu\u017eieb J\u00e1na Bocatia, Bocatiova 1,<\/p>\n\n\n\n<p>040 01 Ko\u0161ice, SR<\/p>\n\n\n\n<p><strong>Naj&#8230; web + e-shop:<\/strong><\/p>\n\n\n\n<p>\u27a2 <strong>1. miesto<\/strong>: ALL IN WAFFLE, s.r.o.<\/p>\n\n\n\n<p>Obchodn\u00e1 akad\u00e9mia, Watsonova 61, 040 01 Ko\u0161ice, SR<\/p>\n\n\n\n<p>\u27a2 <strong>2. miesto<\/strong>: C.Y.P., s.r.o.<\/p>\n\n\n\n<p>\u27a2 Obchodn\u00ed akademie a Vy\u0161\u0161\u00ed odborn\u00e1 \u0161kola soci\u00e1ln\u00ed, Karasova 16,<\/p>\n\n\n\n<p>\u27a2 709 00 Ostrava-Mari\u00e1nsk\u00e9 Hory, \u010cR<\/p>\n\n\n\n<p>\u27a2 <strong>3. miesto<\/strong>: MYDLOTOPIA<\/p>\n\n\n\n<p>S\u00fakromn\u00e1 stredn\u00e1 odborn\u00e1 \u0161kola podnikania, N\u00e1mestie ml\u00e1de\u017ee 587\/17,<\/p>\n\n\n\n<p>960 01 Zvolen, SR<\/p>\n\n\n\n<p><strong>Naj&#8230; obchodn\u00fd let\u00e1k:<\/strong><\/p>\n\n\n\n<p>\u27a2 <strong>1. miesto<\/strong>: ComFur n\u00e1bytok, s.r.o.<\/p>\n\n\n\n<p>Obchodn\u00e1 akad\u00e9mia, Akademika Hronca 8, 048 01 Ro\u017e\u0148ava, SR<\/p>\n\n\n\n<p>\u27a2 <strong>2. miesto<\/strong>: CASSIA, s.r.o.<\/p>\n\n\n\n<p>\u27a2 Obchodn\u00e1 akad\u00e9mia, Watsonova 61, 040 01 Ko\u0161ice, SR<\/p>\n\n\n\n<p>\u27a2 <strong>3. miesto<\/strong>: Photohub s.r.o.<\/p>\n\n\n\n<p>Spojen\u00e1 \u0161kola, Nivy 2, 927 05 \u0160a\u013ea, SR<\/p>\n\n\n\n<p><strong>Naj&#8230; elektronick\u00e1 prezent\u00e1cia<\/strong><\/p>\n\n\n\n<p>\u27a2 <strong>1. miesto<\/strong>: V\u010delia farma Slnovrat<\/p>\n\n\n\n<p>\u27a2 Obchodn\u00e1 akad\u00e9mia, Akademika Hronca 8, 048 01 Ro\u017e\u0148ava, SR<\/p>\n\n\n\n<p>\u27a2 <strong>2. miesto<\/strong>: JUMBOO, s.r.o.<\/p>\n\n\n\n<p>Obchodn\u00e1 akad\u00e9mia, Nev\u00e4dzov\u00e1 3, 820 07 Bratislava, SR<\/p>\n\n\n\n<p>\u27a2 <strong>3. miesto<\/strong>: Collpet, s.r.o.<\/p>\n\n\n\n<p>Obchodn\u00ed akademie a Vy\u0161\u0161\u00ed odborn\u00e1 \u0161kola soci\u00e1ln\u00ed, Karasova 16,<\/p>\n\n\n\n<p>709 00 Ostrava-Mari\u00e1nsk\u00e9 Hory, \u010cR<\/p>\n\n\n\n<p>&nbsp;<strong>Najlep\u0161\u00ed reprezentant:<\/strong><\/p>\n\n\n\n<p>\u27a2 Nicolas Pavlovi\u010d, In-energy, s.r.o.<\/p>\n\n\n\n<p>Obchodn\u00e1 akad\u00e9mia, Watsonova 61, 040 01 Ko\u0161ice, SR<\/p>\n\n\n\n<p><strong>Najlep\u0161ia reprezentantka<\/strong>:<\/p>\n\n\n\n<p>\u27a2 Ivana Bal\u00e1\u017eov\u00e1, Styling &amp; Selling, s. r. o<\/p>\n\n\n\n<p>Obchodn\u00e1 akad\u00e9mia, Murga\u0161ova 94, 058 01 Poprad, SR<\/p>\n\n\n\n<p><strong>\u201eCena 90 sek\u00fand (elevator pitch)\u201c:<\/strong><\/p>\n\n\n\n<p>\u27a2 <strong>1. miesto:<\/strong> Radoslav Gajdo\u0161, In-energy, s.r.o.<\/p>\n\n\n\n<p>Obchodn\u00e1 akad\u00e9mia, Watsonova 61, 040 01 Ko\u0161ice, SR<\/p>\n\n\n\n<p>\u27a2 <strong>2. miesto<\/strong>: L\u00edvia Tak\u00e1\u010dov\u00e1, CRAFFEE, s.r.o.<\/p>\n\n\n\n<p>Obchodn\u00e1 akad\u00e9mia, Watsonova 61, 040 01 Ko\u0161ice, SR<\/p>\n\n\n\n<p>\u27a2 <strong>3. miesto:<\/strong> Maro\u0161 Oravec, Styling &amp; Selling, s. r. o<\/p>\n\n\n\n<p>\u27a2 Obchodn\u00e1 akad\u00e9mia, Murga\u0161ova 94, 058 01 Poprad, SR<\/p>\n\n\n\n<p>Ver\u00edme, \u017ee po dvoch rokoch odmlky sp\u00f4sobenej pand\u00e9miou sa podarilo \u00faspe\u0161ne nadviaza\u0165 na trad\u00edciu ko\u0161ick\u00fdch ve\u013etrhov cvi\u010dn\u00fdch firiem, ktor\u00e1 bude pokra\u010dova\u0165 v&nbsp;bud\u00facom roku u\u017e 19-tym ro\u010dn\u00edkom tohto podujatia.<\/p>\n\n\n\n<p>Ing. Richard Hritz<\/p>\n\n\n\n<p>z\u00e1stupca riadite\u013ea<\/p>\n","protected":false},"excerpt":{"rendered":"<p>V&nbsp;d\u0148och 8. a&nbsp;9. 11. 2022 sa v&nbsp;Spolo\u010denskom pavil\u00f3ne v&nbsp;Ko\u0161iciach uskuto\u010dnil 18. ro\u010dn\u00edk Medzin\u00e1rodn\u00e9ho ve\u013etrhu cvi\u010dn\u00fdch firiem kraj\u00edn V4. Organiz\u00e1torom podujatia bola Obchodn\u00e1 akad\u00e9mia, Watsonova 61, Ko\u0161ice. Partnermi podujatia boli Ko\u0161ick\u00fd&hellip;<\/p>\n","protected":false},"author":2,"featured_media":0,"comment_status":"open","ping_status":"open","sticky":false,"template":"","format":"standard","meta":{"footnotes":""},"categories":[1],"tags":[],"_links":{"self":[{"href":"https:\/\/noa.bart.sk\/index.php\/wp-json\/wp\/v2\/posts\/2021"}],"collection":[{"href":"https:\/\/noa.bart.sk\/index.php\/wp-json\/wp\/v2\/posts"}],"about":[{"href":"https:\/\/noa.bart.sk\/index.php\/wp-json\/wp\/v2\/types\/post"}],"author":[{"embeddable":true,"href":"https:\/\/noa.bart.sk\/index.php\/wp-json\/wp\/v2\/users\/2"}],"replies":[{"embeddable":true,"href":"https:\/\/noa.bart.sk\/index.php\/wp-json\/wp\/v2\/comments?post=2021"}],"version-history":[{"count":1,"href":"https:\/\/noa.bart.sk\/index.php\/wp-json\/wp\/v2\/posts\/2021\/revisions"}],"predecessor-version":[{"id":2023,"href":"https:\/\/noa.bart.sk\/index.php\/wp-json\/wp\/v2\/posts\/2021\/revisions\/2023"}],"wp:attachment":[{"href":"https:\/\/noa.bart.sk\/index.php\/wp-json\/wp\/v2\/media?parent=2021"}],"wp:term":[{"taxonomy":"category","embeddable":true,"href":"https:\/\/noa.bart.sk\/index.php\/wp-json\/wp\/v2\/categories?post=2021"},{"taxonomy":"post_tag","embeddable":true,"href":"https:\/\/noa.bart.sk\/index.php\/wp-json\/wp\/v2\/tags?post=2021"}],"curies":[{"name":"wp","href":"https:\/\/api.w.org\/{rel}","templated":true}]}}