{"id":201,"date":"2013-04-25T19:54:58","date_gmt":"2013-04-25T17:54:58","guid":{"rendered":"http:\/\/noa.bart.sk\/?p=201"},"modified":"2016-09-07T20:54:41","modified_gmt":"2016-09-07T18:54:41","slug":"rozhovor-s-pp-liptakom","status":"publish","type":"post","link":"https:\/\/noa.bart.sk\/index.php\/2013\/04\/25\/rozhovor-s-pp-liptakom\/","title":{"rendered":"Rozhovor s pp Lipt\u00e1kom"},"content":{"rendered":"<p><strong>Dobr\u00fd de\u0148, chcem V\u00e1m predstavi\u0165\u00a0 profesora z\u00a0Obchodnej akad\u00e9mie\u00a0 WATSONOVA 61 v\u00a0Ko\u0161iciach\u00a0 Mgr. Jaroslava Lipt\u00e1ka, ktor\u00fd n\u00e1m dnes poskytol rozhovor:<\/strong><\/p>\n<ul>\n<li><strong>Pre\u010do ste sa rozhodil pr\u00eds\u0165 pracova\u0165 na t\u00fato \u0161kolu a\u00a0pre\u010do ste sa vlastne rozhodli pre povolanie u\u010dite\u013ea ?<\/strong><\/li>\n<\/ul>\n<p><strong>\u00a0<\/strong><\/p>\n<p>Ke\u010f\u017ee ma v\u017edy bavili cudzie jazyky a\u00a0literat\u00fara, rozhodol som sa \u0161tudova\u0165 tieto predmety na univerzite. V\u00a0tom \u010dase sa tieto predmety dali \u0161tudova\u0165 len ako u\u010dite\u013esk\u00fd smer. Po\u010das \u0161t\u00fadia som bol na pedagogickej praxi na r\u00f4znych \u0161kol\u00e1ch. Praxoval som\u00a0 aj na Obchodnej akad\u00e9mii Watsonova 61, kde mi vedenie\u00a0 \u0161koly pon\u00faklo pracovn\u00fa pr\u00edle\u017eitos\u0165. Ke\u010f\u017ee ma pr\u00e1ca s\u00a0mlad\u00fdmi zaujala, ponuku som prijal a\u00a0odvtedy u\u010d\u00edm na na\u0161ej \u0161kole.<\/p>\n<p><!--more--><\/p>\n<ul>\n<li><strong>Ak\u00fdm pocitom bolo pre V\u00e1s pr\u00eds\u0165 za katedru s vedom\u00edm, \u00a0\u017ee ste kedysi boli tie\u017e \u0161tudentom?<\/strong><\/li>\n<\/ul>\n<p><strong>\u00a0<\/strong><\/p>\n<p>Ur\u010dite som mal tr\u00e9mu, najm\u00e4 pri prv\u00fdch odu\u010den\u00fdch hodin\u00e1ch. Na druhej strane som sa ako \u010derstv\u00fd absolvent vedel \u013eah\u0161ie v\u017ei\u0165 do myslenia \u0161tudentov.<\/p>\n<p><strong>\u00a0<\/strong><\/p>\n<p><strong>\u00a0<\/strong><\/p>\n<ul>\n<li><strong>Ste spokojn\u00fd s\u00a0v\u00fdberom povolania, alebo ak by ste mali e\u0161te na v\u00fdber, tak by ste ho zmenili ?<\/strong><\/li>\n<\/ul>\n<p><strong>\u00a0<\/strong><\/p>\n<p>Ka\u017ed\u00e9 povolanie m\u00e1 svoje plusy aj m\u00ednusy. Ja v\u0161ak svoje rozhodnutie ne\u013eutujem a\u00a0urobil by som ho op\u00e4\u0165.<\/p>\n<p>&nbsp;<\/p>\n<ul>\n<li><strong>Existuje tak\u00e1 trieda, kde r\u00e1d chod\u00edte a\u00a0nem\u00e1te probl\u00e9m s\u00a0v\u00fdu\u010dbou a\u00a0spolupr\u00e1cou so \u017eiakmi?<\/strong><\/li>\n<\/ul>\n<p>&nbsp;<\/p>\n<p>R\u00e1d chod\u00edm do tried, v\u00a0ktor\u00fdch \u0161tudenti spolupracuj\u00fa s\u00a0vyu\u010duj\u00facim, maj\u00fa z\u00e1ujem o\u00a0v\u00fduku, s\u00fa akt\u00edvni a\u00a0samozrejme, spr\u00e1vaj\u00fa sa slu\u0161ne.<\/p>\n<p>&nbsp;<\/p>\n<ul>\n<li><strong>Vy na tejto \u0161koly u\u010d\u00edte slovensk\u00fd jazyk a\u00a0anglicky v\u0161ak, \u010di je e\u0161te nie\u010do, o\u00a0\u010dom nevieme?<\/strong><\/li>\n<\/ul>\n<p><strong>\u00a0<\/strong><\/p>\n<p>M\u00e1te presn\u00e9 inform\u00e1cie. Dopln\u00edm V\u00e1s e\u0161te, u\u010d\u00edm aj predmet Konverz\u00e1cia v\u00a0anglickom jazyku.<\/p>\n<p><strong>\u00a0<\/strong><\/p>\n<ul>\n<li><strong>Pedagogick\u00e9mu povolaniu sa u\u017e venujete p\u00e1r rokov. Je pod\u013ea V\u00e1s rozdiel medzi dne\u0161n\u00fdmi \u0161tudentmi a\u00a0\u0161tudentmi\u00a0 Va\u0161ej gener\u00e1cie?\u00a0 <\/strong><\/li>\n<\/ul>\n<p>&nbsp;<\/p>\n<p>\u0164a\u017ek\u00e1 ot\u00e1zka. V\u00a0ka\u017edom obdob\u00ed boli lep\u0161\u00ed aj hor\u0161\u00ed \u0161tudenti. Mysl\u00edm si, \u017ee v\u00a0minulosti boli \u0161tudenti skromnej\u0161\u00ed a\u00a0pracovitej\u0161\u00ed. Dne\u0161n\u00ed \u0161tudenti s\u00fa v\u0161ak ambici\u00f3znej\u0161\u00ed.<\/p>\n<p><strong>\u00a0<\/strong><\/p>\n<ul>\n<li><strong>Ak by ste mali mo\u017enos\u0165, \u010do tak\u00e9 by ste zmenili na tejto \u0161kole?<\/strong><\/li>\n<\/ul>\n<p><strong>\u00a0<\/strong><\/p>\n<p>Na\u0161a \u0161kola patr\u00ed k\u00a0najlep\u0161\u00edm stredn\u00fdm \u0161kol\u00e1m v\u00a0Ko\u0161iciach. No st\u00e1le je ve\u013ea vec\u00ed, ktor\u00e9 mo\u017eno zlep\u0161i\u0165, od materi\u00e1lneho vybavenia \u0161koly a\u017e po \u010distotu. Z\u00a0materi\u00e1lnych vec\u00ed by som spomenul v\u00fdmenu star\u00fdch okien, ktor\u00e9 u\u017e do\u017e\u00edvaj\u00fa.<\/p>\n<p>&nbsp;<\/p>\n<ul>\n<li><strong>Rozumiete si s\u00a0kolegami, \u017eiakmi ba dokonca aj \u0161koln\u00edkom?<\/strong><\/li>\n<\/ul>\n<p><strong>\u00a0<\/strong><\/p>\n<p>Sna\u017e\u00edm sa vych\u00e1dza\u0165 dobre s\u00a0ka\u017ed\u00fdm na \u0161kole, \u010di u\u017e s\u00a0kolegami, \u017eiakmi alebo nepedagogick\u00fdmi zamestnancami. \u010ci sa mi to dar\u00ed, to mus\u00ed pos\u00fadi\u0165 ka\u017ed\u00fd s\u00e1m.<\/p>\n<p>&nbsp;<\/p>\n<ul>\n<li><strong>Pesimisti hovoria, \u017ee v\u00e1\u017een\u00fd status u\u010dite\u013ea je za horami \u2013 dolami. Je to tak?<\/strong><\/li>\n<\/ul>\n<p><strong>\u00a0<\/strong><\/p>\n<p>Je to \u017eia\u013ebohu tak. Od roku 1989 status u\u010dite\u013ea v\u00a0na\u0161ej spolo\u010dnosti kles\u00e1. S\u00favis\u00ed to asi s\u00a0t\u00fdm, \u017ee na\u0161a spolo\u010dnos\u0165 je \u010d\u00edm \u010falej, t\u00fdm viac konzumne orientovan\u00e1, a\u00a0teda hodnoty ako vzdelanie tu nie s\u00fa prioritn\u00e9. Ver\u00edm v\u0161ak, \u017ee sa to zmen\u00ed k\u00a0lep\u0161iemu, \u017ee sa nestaneme len lacnou a\u00a0nevzdelanou pracovnou silou pre vyspel\u00fa Eur\u00f3pu.<\/p>\n<p>&nbsp;<\/p>\n<ul>\n<li><strong>Pomali\u010dky sa k n\u00e1m bl\u00ed\u017ei\u00a0 koniec roka , fini\u0161uje sa v\u00a0plnom pr\u00fade. \u010co by ste odk\u00e1zali \u0161tudentom?<\/strong><\/li>\n<\/ul>\n<p><strong>\u00a0<\/strong><\/p>\n<p>Mysl\u00edm si, \u017ee najlep\u0161ie je u\u010di\u0165 sa systematicky a pravidelne, aby ste sa v\u00a0z\u00e1vere roka vyhli\u00a0 zbyto\u010dn\u00fdm stresom.<\/p>\n<p><strong>\u00a0<\/strong><\/p>\n<p><strong>\u00a0Tak to boli v\u0161etky ot\u00e1zky, ktor\u00e9 som V\u00e1m chcela polo\u017ei\u0165.\u00a0 \u010eakujem V\u00e1m za rozhovor a\u00a0za V\u00e1\u0161 a drahocenn\u00fd \u010das.<\/strong><\/p>\n<p><strong>\u00a0<\/strong><\/p>\n<p><strong>Pa\u0165a<\/strong><\/p>\n","protected":false},"excerpt":{"rendered":"<p>Dobr\u00fd de\u0148, chcem V\u00e1m predstavi\u0165\u00a0 profesora z\u00a0Obchodnej akad\u00e9mie\u00a0 WATSONOVA 61 v\u00a0Ko\u0161iciach\u00a0 Mgr. Jaroslava Lipt\u00e1ka, ktor\u00fd n\u00e1m dnes poskytol rozhovor: Pre\u010do ste sa rozhodil pr\u00eds\u0165 pracova\u0165 na t\u00fato \u0161kolu a\u00a0pre\u010do ste&hellip;<\/p>\n","protected":false},"author":2,"featured_media":0,"comment_status":"open","ping_status":"open","sticky":false,"template":"","format":"standard","meta":{"footnotes":""},"categories":[17],"tags":[],"_links":{"self":[{"href":"https:\/\/noa.bart.sk\/index.php\/wp-json\/wp\/v2\/posts\/201"}],"collection":[{"href":"https:\/\/noa.bart.sk\/index.php\/wp-json\/wp\/v2\/posts"}],"about":[{"href":"https:\/\/noa.bart.sk\/index.php\/wp-json\/wp\/v2\/types\/post"}],"author":[{"embeddable":true,"href":"https:\/\/noa.bart.sk\/index.php\/wp-json\/wp\/v2\/users\/2"}],"replies":[{"embeddable":true,"href":"https:\/\/noa.bart.sk\/index.php\/wp-json\/wp\/v2\/comments?post=201"}],"version-history":[{"count":2,"href":"https:\/\/noa.bart.sk\/index.php\/wp-json\/wp\/v2\/posts\/201\/revisions"}],"predecessor-version":[{"id":225,"href":"https:\/\/noa.bart.sk\/index.php\/wp-json\/wp\/v2\/posts\/201\/revisions\/225"}],"wp:attachment":[{"href":"https:\/\/noa.bart.sk\/index.php\/wp-json\/wp\/v2\/media?parent=201"}],"wp:term":[{"taxonomy":"category","embeddable":true,"href":"https:\/\/noa.bart.sk\/index.php\/wp-json\/wp\/v2\/categories?post=201"},{"taxonomy":"post_tag","embeddable":true,"href":"https:\/\/noa.bart.sk\/index.php\/wp-json\/wp\/v2\/tags?post=201"}],"curies":[{"name":"wp","href":"https:\/\/api.w.org\/{rel}","templated":true}]}}