{"id":199,"date":"2014-02-26T19:53:57","date_gmt":"2014-02-26T17:53:57","guid":{"rendered":"http:\/\/noa.bart.sk\/?p=199"},"modified":"2016-09-07T20:53:56","modified_gmt":"2016-09-07T18:53:56","slug":"rozhovor-s-pp-koltasovou","status":"publish","type":"post","link":"https:\/\/noa.bart.sk\/index.php\/2014\/02\/26\/rozhovor-s-pp-koltasovou\/","title":{"rendered":"Rozhovor s pp Kolt\u00e1\u0161ovou"},"content":{"rendered":"<p><strong>Dobr\u00fd de\u0148, chcel by som V\u00e1m predstavi\u0165 pani profesorku Mgr. Alenu Kolt\u00e1\u0161ov\u00fa, ktor\u00e1 u\u010d\u00ed na na\u0161ej \u0161kole, na Obchodnej akad\u00e9mii Watsonova 61 v Ko\u0161iciach. Odpovedala n\u00e1m na zop\u00e1r ot\u00e1zok a tu s\u00fa jej odpovede:<\/strong><\/p>\n<p><strong>\u00a0<\/strong><\/p>\n<p><strong>1.\u010c\u00edm ste chceli by\u0165 v detstve?<\/strong><\/p>\n<p><strong>\u00a0<\/strong><\/p>\n<p>V\u0161etk\u00fdm mo\u017en\u00fdm aj nemo\u017en\u00fdm. Konkr\u00e9tne som chcela by\u0165 lek\u00e1rka, pr\u00e1vni\u010dka. Od \u00fatleho detstva sa to menilo.<\/p>\n<p><strong>\u00a0<\/strong><\/p>\n<ol start=\"2\">\n<li><strong> Predmety, ktor\u00e9 u\u010d\u00edte, ste si vybrali dobrovo\u013ene a rada ich u\u010d\u00edte?<\/strong><\/li>\n<\/ol>\n<p><strong>\u00a0<\/strong><!--more--><\/p>\n<p>Boli to moje najob\u013e\u00fabenej\u0161ie predmety st\u00e1le a s\u00fa aj doteraz.<\/p>\n<p>&nbsp;<\/p>\n<ol start=\"3\">\n<li><strong> \u010c\u00edm by ste chceli by\u0165, keby ste tu neu\u010dili?\u00a0<\/strong><\/li>\n<\/ol>\n<p><strong>\u00a0<\/strong><\/p>\n<p>Nem\u00e1m \u017eiadne predstavy, \u010d\u00edm by som chcela by\u0165. Nebudem predsa sn\u00edva\u0165, \u017ee budem miss alebo ja neviem \u010do, ke\u010f rob\u00edm nie\u010do in\u00e9 a chcem robi\u0165 nie\u010do in\u00e9. Nesn\u00edvam o nie\u010dom takom, \u010d\u00edm by som chcela by\u0165, nem\u00e1m \u017eiadne tak\u00e9to sny.<\/p>\n<p><strong>\u00a0<\/strong><\/p>\n<ol start=\"4\">\n<li><strong> \u010co by ste zmenili na tejto \u0161kole?<\/strong><\/li>\n<\/ol>\n<p><strong>\u00a0<\/strong><\/p>\n<p>Je to dos\u0165 \u0165a\u017ek\u00e1 ot\u00e1zka, \u010do by som zmenila. Zmeni\u0165 nie\u010do je ve\u013emi \u0165a\u017ek\u00e9. Ja si mysl\u00edm, \u017ee v\u0161ade je ve\u013ea vec\u00ed, ktor\u00e9 by sa dali zmeni\u0165, zefekt\u00edvni\u0165. To je ve\u013emi hypotetick\u00e1 ot\u00e1zka a ja si mysl\u00edm, \u017ee v\u0161ade sa d\u00e1 v\u0161etko zlep\u0161i\u0165.<\/p>\n<p><strong>\u00a0<\/strong><\/p>\n<ol start=\"5\">\n<li><strong> Ak\u00e9 s\u00fa Va\u0161e z\u00e1\u013euby?<\/strong><\/li>\n<\/ol>\n<p><strong>\u00a0<\/strong><\/p>\n<p>No tak t\u00fdch m\u00e1m stra\u0161ne ve\u013ea. Konkr\u00e9tne je to \u0161port. Napr\u00edklad bicyklovanie, ly\u017eovanie, turistika. Milujem z\u00e1hradu, pr\u00e1ce v z\u00e1hrade a okrem toho e\u0161te \u00a0rada var\u00edm, pe\u010diem a \u010d\u00edtam.<\/p>\n<p><strong>\u00a0<\/strong><\/p>\n<ol start=\"6\">\n<li><strong> Nejak\u00fa konkr\u00e9tnu knihu n\u00e1m viete poveda\u0165? Va\u0161u ob\u013e\u00faben\u00fa.<\/strong><\/li>\n<\/ol>\n<p><strong>\u00a0<\/strong><\/p>\n<p>Moja najob\u013e\u00fabenej\u0161ia kniha je Zdroj od spisovate\u013eky Ann Ryanovej.<\/p>\n<p>&nbsp;<\/p>\n<ol start=\"7\">\n<li><strong> Ak\u00fd m\u00e1te n\u00e1zor na dne\u0161n\u00fa ml\u00e1de\u017e v porovnan\u00ed s minulos\u0165ou?<\/strong><\/li>\n<\/ol>\n<p><strong>\u00a0<\/strong><\/p>\n<p>To je tak obsiahla ot\u00e1zka, \u017ee stru\u010dne sa ani ned\u00e1 zodpoveda\u0165. \u00a0Je ve\u013emi ve\u013ek\u00fd rozdiel u\u017e len v tom, \u017ee nem\u00e1te \u017eiadne z\u00e1\u013euby, \u017eiadne z\u00e1ujmy, o ni\u010d sa nezauj\u00edmate a \u00a0\u0161kola v\u00e1m pripad\u00e1 ako stra\u0161n\u00e1 nuda. To je najpodstatnej\u0161\u00ed rozdiel medzi vami a t\u00fdmi star\u0161\u00edmi gener\u00e1ciami, preto\u017ee je ve\u013emi \u00a0 \u0165a\u017ek\u00e9 v\u00e1s v\u00f4bec nie\u010d\u00edm zauja\u0165.<\/p>\n<p><strong>\u00a0<\/strong><\/p>\n<ol start=\"8\">\n<li><strong> V\u00e1s \u0161kola zauj\u00edmala?<\/strong><\/li>\n<\/ol>\n<p><strong>\u00a0<\/strong><\/p>\n<p>\u00c1no<\/p>\n<p>&nbsp;<\/p>\n<ol start=\"9\">\n<li><strong> Mali ste dobr\u00fd prospech na \u0161kole?<\/strong><\/li>\n<\/ol>\n<p><strong>\u00a0<\/strong><\/p>\n<p>\u00c1no, aj ke\u010f neviem presne, \u010do je to dobr\u00fd prospech, ale bola som st\u00e1le vyznamenan\u00e1. Nebola som v\u0161ak \u010dist\u00e1 jednotk\u00e1rka.<\/p>\n<p><strong>\u00a0<\/strong><\/p>\n<ol start=\"10\">\n<li><strong> Spravili ste niekedy v \u017eivote nie\u010do uleten\u00e9? Ak \u00e1no, tak \u010do?<\/strong><\/li>\n<\/ol>\n<p><strong>\u00a0<\/strong><\/p>\n<p>Tak mysl\u00edm si, \u017ee tieto ot\u00e1zky nie s\u00fa ve\u013emi vhodn\u00e9. Samozrejme, \u017ee som niekedy nie\u010do urobila, ale nie je ni\u010d tak\u00e9, \u010do by som zverejnila.<\/p>\n<p><strong>\u00a0<\/strong><\/p>\n<ol start=\"11\">\n<li><strong> M\u00e1te nejak\u00e9 vysn\u00edvan\u00e9 mesto, kde by ste chceli \u017ei\u0165?<\/strong><\/li>\n<\/ol>\n<p><strong>\u00a0<\/strong><\/p>\n<p>Neviem, kde by som chcela \u017ei\u0165. P\u00e1\u010dia sa mi jednozna\u010dne mest\u00e1, v ktor\u00fdch som bola. Najviac ma oh\u00farila Florencia. Videla som aj in\u00e9 mest\u00e1, ale \u017ei\u0165 by som tam ur\u010dite nechcela. Aj in\u00e9 mest\u00e1 ma fascinovali. \u017di\u0165 by som asi inde nechcela. Pr\u00e1ve naopak, tu mi je ve\u013emi dobre.<\/p>\n<p><strong>\u00a0<\/strong><\/p>\n<ol start=\"12\">\n<li><strong> Motto, ktor\u00fdm sa riadite v \u017eivote?<\/strong><\/li>\n<\/ol>\n<p><strong>\u00a0<\/strong><\/p>\n<p>Nem\u00e1m \u017eiadne motto, ktor\u00fdm by som sa riadila. Napad\u00e1 mi jedin\u00e9, ale neviem, \u010di ma vystihuje.<\/p>\n<p>\u017di a nechaj \u017ei\u0165. Ale neviem, \u010di je to pr\u00e1ve moje motto, ale p\u00e1\u010di sa mi.<\/p>\n<p><strong>\u00a0<\/strong><\/p>\n<ol start=\"13\">\n<li><strong> Ak by ste boli v\u00a0s\u00fa\u0165a\u017ei \u010ceskoslovensko m\u00e1 talent, \u010do by ste n\u00e1m uk\u00e1zali?<\/strong><\/li>\n<\/ol>\n<p><strong>\u00a0<\/strong><\/p>\n<p>V prvom rade by som sa tam neprihl\u00e1sila, lebo nem\u00e1m talent na ni\u010d tak\u00e9, \u010do by som mohla uk\u00e1za\u0165. Nie je ni\u010d, v \u010dom by som vynikala. Ur\u010dite by som tam ani ne\u0161la.<\/p>\n<p><strong>\u00a0<\/strong><\/p>\n<p><strong>\u010eakujem V\u00e1m za rozhovor a V\u00e1\u0161 \u010das.<\/strong><\/p>\n<p><strong>\u00a0<\/strong><\/p>\n<p><strong>\u00a0<\/strong><\/p>\n<p><strong>\u00a0 \u00a0 \u00a0 \u00a0 \u00a0 \u00a0 \u00a0 \u00a0 \u00a0 \u00a0 \u00a0 \u00a0 \u00a0 \u00a0 \u00a0 \u00a0 \u00a0 \u00a0 \u00a0 \u00a0 \u00a0 \u00a0 \u00a0 \u00a0 \u00a0 \u00a0 \u00a0 \u00a0 \u00a0 \u00a0 \u00a0 \u00a0 \u00a0 \u00a0 \u00a0 \u00a0 \u00a0 \u00a0 \u00a0 \u00a0 \u00a0 \u00a0 \u00a0 \u00a0 \u00a0 \u00a0 \u00a0 \u00a0 \u00a0 \u00a0 \u00a0 \u00a0 \u00a0 \u00a0 \u00a0 \u00a0 \u00a0 \u00a0 \u00a0 \u00a0 \u00a0 \u00a0 \u00a0 \u00a0 \u00a0 \u00a0 \u00a0 \u00a0 \u00a0 \u00a0 \u00a0Sirkovsk\u00fd Michal<\/strong><\/p>\n","protected":false},"excerpt":{"rendered":"<p>Dobr\u00fd de\u0148, chcel by som V\u00e1m predstavi\u0165 pani profesorku Mgr. Alenu Kolt\u00e1\u0161ov\u00fa, ktor\u00e1 u\u010d\u00ed na na\u0161ej \u0161kole, na Obchodnej akad\u00e9mii Watsonova 61 v Ko\u0161iciach. Odpovedala n\u00e1m na zop\u00e1r ot\u00e1zok a&hellip;<\/p>\n","protected":false},"author":2,"featured_media":0,"comment_status":"open","ping_status":"open","sticky":false,"template":"","format":"standard","meta":{"footnotes":""},"categories":[17],"tags":[],"_links":{"self":[{"href":"https:\/\/noa.bart.sk\/index.php\/wp-json\/wp\/v2\/posts\/199"}],"collection":[{"href":"https:\/\/noa.bart.sk\/index.php\/wp-json\/wp\/v2\/posts"}],"about":[{"href":"https:\/\/noa.bart.sk\/index.php\/wp-json\/wp\/v2\/types\/post"}],"author":[{"embeddable":true,"href":"https:\/\/noa.bart.sk\/index.php\/wp-json\/wp\/v2\/users\/2"}],"replies":[{"embeddable":true,"href":"https:\/\/noa.bart.sk\/index.php\/wp-json\/wp\/v2\/comments?post=199"}],"version-history":[{"count":2,"href":"https:\/\/noa.bart.sk\/index.php\/wp-json\/wp\/v2\/posts\/199\/revisions"}],"predecessor-version":[{"id":226,"href":"https:\/\/noa.bart.sk\/index.php\/wp-json\/wp\/v2\/posts\/199\/revisions\/226"}],"wp:attachment":[{"href":"https:\/\/noa.bart.sk\/index.php\/wp-json\/wp\/v2\/media?parent=199"}],"wp:term":[{"taxonomy":"category","embeddable":true,"href":"https:\/\/noa.bart.sk\/index.php\/wp-json\/wp\/v2\/categories?post=199"},{"taxonomy":"post_tag","embeddable":true,"href":"https:\/\/noa.bart.sk\/index.php\/wp-json\/wp\/v2\/tags?post=199"}],"curies":[{"name":"wp","href":"https:\/\/api.w.org\/{rel}","templated":true}]}}