{"id":197,"date":"2013-05-06T19:52:13","date_gmt":"2013-05-06T17:52:13","guid":{"rendered":"http:\/\/noa.bart.sk\/?p=197"},"modified":"2016-09-07T20:57:04","modified_gmt":"2016-09-07T18:57:04","slug":"rozhovor-s-pp-javnickou","status":"publish","type":"post","link":"https:\/\/noa.bart.sk\/index.php\/2013\/05\/06\/rozhovor-s-pp-javnickou\/","title":{"rendered":"Rozhovor s pp Javnickou"},"content":{"rendered":"<p><strong>Dobr\u00fd de\u0148, prin\u00e1\u0161am V\u00e1m rozhovor s\u00a0pani profesorkou <\/strong><strong>RNDr. M\u00e1riou\u00a0Javnickou.<\/strong><\/p>\n<p>&nbsp;<\/p>\n<p>\u017densk\u00e9 meno <strong>M\u00e1ria<\/strong> m\u00e1 hebrejsk\u00fd p\u00f4vod a vo\u013en\u00fd preklad znie &#8222;milovan\u00e1 bohom&#8220;. Dominantn\u00fdmi vlastnos\u0165ami t\u00fdchto \u017eien je v\u00f4\u013ea, citlivos\u0165, mravnos\u0165 a akt\u00edvnos\u0165. Ako vidie\u0165, aj k\u00a0tejto pr\u00e1ci je potrebn\u00e1 ve\u013ek\u00e1 v\u00f4\u013ea, akt\u00edvnos\u0165, citlivos\u0165. Pri\u0165ahuje ich povolanie, kde treba odovzd\u00e1va\u0165 ve\u013ea zo seba. Zvy\u010dajne s\u00fa ve\u013emi dobr\u00e9 \u0161tudentky, ob\u013eubuj\u00fa hlavne klasick\u00e9 \u0161t\u00fadium.<\/p>\n<ol>\n<li><u>Je to pravda, boli ste aj Vy dobrou \u0161tudentkou?<\/u><\/li>\n<\/ol>\n<p><em>\u00c1no, bola, viac ako dobr\u00e1, ve\u013emi rada som sa u\u010dila, nikdy ma to neza\u0165a\u017eovalo a\u00a0zauj\u00edmalo ma v\u0161etko.<\/em><\/p>\n<p><em>\u00a0<\/em><\/p>\n<ol start=\"2\">\n<li><u>Sn\u00edvali ste u\u017e od detstva by\u0165 u\u010dite\u013ekou, alebo to pri\u0161lo \u010dasom str\u00e1ven\u00fdm v\u00a0\u0161kole a\u00a0nad knihami?<\/u><\/li>\n<\/ol>\n<p><!--more--><\/p>\n<p><em>Naozaj som chcela by\u0165 od detstva u\u010dite\u013ekou, potvrdila by v\u00e1m to moja mamka, inak ako \u201ena u\u010dite\u013eku\u201c som sa ani nehrala. A\u00a0splnil sa mi m\u00f4j \u017eivotn\u00fd sen, moja pr\u00e1ca je aj moj\u00edm kon\u00ed\u010dkom.<\/em><\/p>\n<p>&nbsp;<\/p>\n<ol start=\"3\">\n<li><u>Ktor\u00e9 predmety ste mali ve\u013emi rada a\u00a0naopak, ktor\u00e9 sa V\u00e1m nep\u00e1\u010dili?<\/u><\/li>\n<\/ol>\n<p><em>Mo\u017eno sa v\u00e1m to bude zda\u0165 zvl\u00e1\u0161tne, ale matematika nebola moj\u00edm najob\u013e\u00fabenej\u0161\u00edm predmetom, bola to v\u00fdtvarn\u00e1 v\u00fdchova na Z\u0160 a\u00a0ch\u00e9mia na gymn\u00e1ziu, ale v\u00a0poslednom ro\u010dn\u00edku gymn\u00e1zia som si vyp\u00edsala prihl\u00e1\u0161ku na Pr\u00edrodovedeck\u00fa fakultu odbor matematika \u2013 fyzika, a\u00a0tam som si za svoju l\u00e1sku zvolila fyziku. Nemala som rada predmet slovensk\u00fd jazyk a\u00a0literat\u00fara a\u00a0hudobn\u00fa v\u00fdchovu.<\/em><\/p>\n<p><em>\u00a0<\/em><\/p>\n<ol start=\"4\">\n<li><u>Vymenili by ste sa v\u00a0dne\u0161nej dobe so \u0161tudentmi? Ak\u00e9 to bolo za Va\u0161ich \u010dias?<\/u><\/li>\n<\/ol>\n<p><em>Nie, nevymenila, aj ke\u010f mo\u017enos\u0165 \u0161tudova\u0165 v\u00a0zahrani\u010d\u00ed a\u00a0komunikova\u0165 so svetom cez internet dne\u0161n\u00fdm \u0161tudentom z\u00e1vid\u00edm, ale ten chaos v\u00a0slovenskom \u0161kolstve a\u00a0zni\u017euj\u00facu sa vedomostn\u00fa \u00farove\u0148 \u2013 to neberiem. My sme mali ove\u013ea n\u00e1ro\u010dnej\u0161\u00edch u\u010dite\u013eov, vy\u017eadovalo sa od n\u00e1s ove\u013ea, ove\u013ea viac. Aj ja som musela po\u013eavi\u0165 vo svojich n\u00e1rokoch na svojich \u00a0\u0161tudentov \u2013 nemusia to\u013eko vedie\u0165 ako kedysi my a\u00a0z\u00edskaj\u00fa aj vysoko\u0161kolsk\u00e9 vzdelanie \u2013 tak\u00e1 je doba \u2013 pr\u00edli\u0161 ve\u013ea \u0161k\u00f4l a\u00a0m\u00e1lo \u0161tudentov \u2013 ch\u00fdba konkurencia.<\/em><\/p>\n<p><em>\u00a0<\/em><\/p>\n<ol start=\"5\">\n<li><u>Pre\u010do ste sa rozhodli pr\u00e1ve pre na\u0161u \u0161kolu OA Watsonovu? \u010co sa V\u00e1m na nej ve\u013emi p\u00e1\u010di a\u00a0naopak, \u010do by ste zmenili?<\/u><\/li>\n<\/ol>\n<p><em>V\u00a0\u017eivote \u010dloveka nastane obdobie, ke\u010f potrebuje zmeni\u0165 prostredie, kolekt\u00edv okolo seba a\u00a0post\u00fapi\u0165 trocha vy\u0161\u0161ie. Aj ke\u010f som po skon\u010den\u00ed V\u0160 dostala pr\u00e1cu na Z\u0160, v\u017edy som t\u00fa\u017eila u\u010di\u0165 na S\u0160 a\u00a0moje neust\u00e1le posielanie \u017eiadost\u00ed kone\u010dne malo kladn\u00fa odozvu, tak som tu.. <\/em><\/p>\n<p><em>\u010co sa mi tu p\u00e1\u010di? Je tu tak\u00fd k\u013eud \u2013 \u010do sa t\u00fdka pr\u00e1ce so \u0161tudentmi \u2013 u\u017e si to u\u017e\u00edvam, mysl\u00edm si, \u017ee si u\u017e na m\u0148a a\u00a0moje \u201emaniere\u201c zvykli a\u00a0vych\u00e1dzame spolu dobre, ak nie \u2013 nech sa mi ozv\u00fa t\u00ed, ktor\u00ed si myslia nie\u010do in\u00e9, rada podiskutujem a\u00a0ur\u010dite sa dohodneme \u2013 ale pripravova\u0165 sa na vyu\u010dovanie mus\u00ed ka\u017ed\u00fd, kto chce by\u0165 ako tak \u00faspe\u0161n\u00fd. <\/em><\/p>\n<p><em>\u010co by som zmenila? Ak by si ka\u017ed\u00fd plnil svoje povinnosti, a\u00a0to mysl\u00edm nielen \u0161tudentov, ale aj svojich kolegov, tak by sa nemuselo meni\u0165 ni\u010d a\u00a0ur\u010dite by boli aj \u0161tudenti spokojn\u00ed a\u00a0nekrivdilo by sa im.<\/em><\/p>\n<p>&nbsp;<\/p>\n<ol start=\"6\">\n<li><u>Pracovali ste aj na inej \u0161kole, alebo mali ste aj in\u00fa pr\u00e1cu?<\/u><\/li>\n<\/ol>\n<p><em>Hne\u010f po skon\u010den\u00ed PF UPJ\u0160 som u\u010dila na Z\u0160 Krosnianska 2, dodnes som so svojou prvou triedou v\u00a0kontakte a\u00a0u\u017e u\u010d\u00edm aj deti svojich \u017eiakov, po materskej dovolenke som u\u010dila skoro 15 rokov na Z\u0160 Lechk\u00e9ho 1 a\u00a0potom u\u017e na na\u0161ej OA. In\u00fa pr\u00e1cu som nemala.<\/em><\/p>\n<p>&nbsp;<\/p>\n<ol start=\"7\">\n<li><u>Ako si najrad\u0161ej odd\u00fdchnete po pr\u00e1ci?<\/u><\/li>\n<\/ol>\n<p><em>Najrad\u0161ej som vo svojej z\u00e1hradke a\u00a0v\u00a0zime na vych\u00e1dzke v\u00a0lese, cez zimn\u00e9 pr\u00e1zdniny pravidelne ly\u017eujem, po\u010das \u0161k. roka nepravidelne cvi\u010d\u00edm vo fitku.<\/em><\/p>\n<p><em>\u00a0<\/em><\/p>\n<ol start=\"8\">\n<li><u>Zv\u00fd\u0161i sa V\u00e1m \u010das aj na nejak\u00e9 to hobby?<\/u><\/li>\n<\/ol>\n<p><em>No to je t\u00e1 moja z\u00e1hradka a\u00a0pohyb v\u00a0pr\u00edrode alebo s\u00a0\u010dinkami v\u00a0posil\u0148ovni.<\/em><\/p>\n<p><em>Posedenie s\u00a0priate\u013emi pri ohn\u00edku \u00a0alebo na k\u00e1vi\u010dke&#8230;<\/em><\/p>\n<p><em>\u00a0<\/em><\/p>\n<ol start=\"9\">\n<li><u>\u010co by ste odk\u00e1zali dne\u0161n\u00fdm \u0161tudentom?<\/u><\/li>\n<\/ol>\n<p><em>Neust\u00e1le na sebe pracova\u0165, ur\u010dite nezanevrie\u0165 na matematiku, ja im st\u00e1le hovor\u00edm, \u017ee ju ka\u017ed\u00fd potrebuje a\u00a0bude potrebova\u0165, hoci si to dnes neuvedomuj\u00fa,\u00a0 no a\u00a0nech sa zdokona\u013euj\u00fa v cudz\u00edch jazykoch, jeden je u\u017e dnes m\u00e1lo. A\u00a0\u017ee peniaze nie s\u00fa v\u0161etko, rad\u0161ej menej a\u00a0obklopi\u0165 sa dobr\u00fdmi \u013eu\u010fmi, na ktor\u00fdch sa m\u00f4\u017eu spo\u013eahn\u00fa\u0165.<\/em><\/p>\n<p>&nbsp;<\/p>\n<ol start=\"10\">\n<li><u>\u010co v\u0161etko V\u00e1m d\u00e1va t\u00e1to pr\u00e1ca? Je to ve\u013emi \u0165a\u017ek\u00e1 pr\u00e1ca, pr\u00e1ca so \u0161tudentmi?<\/u><\/li>\n<\/ol>\n<p><em>Zmenu, ka\u017ed\u00fd de\u0148 je in\u00fd, nedovol\u00ed mi zostarn\u00fa\u0165, n\u00fati ma na sebe pracova\u0165, v\u017edy nie\u010do nov\u00e9 vym\u00fd\u0161\u013ea\u0165, dne\u0161n\u00ed \u0161tudenti s\u00fa in\u00ed, im nesta\u010d\u00ed len nie\u010do nadiktova\u0165, ich treba presved\u010di\u0165, \u017ee to v\u0161etko m\u00e1 zmysel. Niektor\u00fdch treba vies\u0165 za ruku, in\u00fdm sta\u010d\u00ed uk\u00e1za\u0165 a\u00a0p\u00f4jdu sami, ale naj\u0165a\u017e\u0161ie je p\u00f4sobi\u0165 tak, aby sami chceli.<\/em><\/p>\n<p><em>\u00c1no, pr\u00e1ca so \u0161tudentmi je \u0165a\u017ek\u00e1, hlavne vtedy, ke\u010f treba nahr\u00e1dza\u0165 aj pr\u00e1cu rodi\u010dov a\u00a0v\u00fdsledok sna\u017eenia vidno a\u017e o\u00a0nieko\u013eko rokov. O\u00a0to je to ale kraj\u0161ie a\u00a0hreje.<\/em><\/p>\n<p><strong>\u010eakujem V\u00e1m za rozhovor a\u00a0V\u00e1\u0161 \u010das.<\/strong><\/p>\n<p><strong>\u00a0<\/strong><\/p>\n<p><strong>Anka<\/strong><\/p>\n","protected":false},"excerpt":{"rendered":"<p>Dobr\u00fd de\u0148, prin\u00e1\u0161am V\u00e1m rozhovor s\u00a0pani profesorkou RNDr. M\u00e1riou\u00a0Javnickou. &nbsp; \u017densk\u00e9 meno M\u00e1ria m\u00e1 hebrejsk\u00fd p\u00f4vod a vo\u013en\u00fd preklad znie &#8222;milovan\u00e1 bohom&#8220;. Dominantn\u00fdmi vlastnos\u0165ami t\u00fdchto \u017eien je v\u00f4\u013ea, citlivos\u0165, mravnos\u0165&hellip;<\/p>\n","protected":false},"author":2,"featured_media":0,"comment_status":"open","ping_status":"open","sticky":false,"template":"","format":"standard","meta":{"footnotes":""},"categories":[17],"tags":[],"_links":{"self":[{"href":"https:\/\/noa.bart.sk\/index.php\/wp-json\/wp\/v2\/posts\/197"}],"collection":[{"href":"https:\/\/noa.bart.sk\/index.php\/wp-json\/wp\/v2\/posts"}],"about":[{"href":"https:\/\/noa.bart.sk\/index.php\/wp-json\/wp\/v2\/types\/post"}],"author":[{"embeddable":true,"href":"https:\/\/noa.bart.sk\/index.php\/wp-json\/wp\/v2\/users\/2"}],"replies":[{"embeddable":true,"href":"https:\/\/noa.bart.sk\/index.php\/wp-json\/wp\/v2\/comments?post=197"}],"version-history":[{"count":2,"href":"https:\/\/noa.bart.sk\/index.php\/wp-json\/wp\/v2\/posts\/197\/revisions"}],"predecessor-version":[{"id":227,"href":"https:\/\/noa.bart.sk\/index.php\/wp-json\/wp\/v2\/posts\/197\/revisions\/227"}],"wp:attachment":[{"href":"https:\/\/noa.bart.sk\/index.php\/wp-json\/wp\/v2\/media?parent=197"}],"wp:term":[{"taxonomy":"category","embeddable":true,"href":"https:\/\/noa.bart.sk\/index.php\/wp-json\/wp\/v2\/categories?post=197"},{"taxonomy":"post_tag","embeddable":true,"href":"https:\/\/noa.bart.sk\/index.php\/wp-json\/wp\/v2\/tags?post=197"}],"curies":[{"name":"wp","href":"https:\/\/api.w.org\/{rel}","templated":true}]}}