{"id":1943,"date":"2022-04-08T17:57:42","date_gmt":"2022-04-08T15:57:42","guid":{"rendered":"http:\/\/noa.bart.sk\/?p=1943"},"modified":"2022-04-08T18:22:02","modified_gmt":"2022-04-08T16:22:02","slug":"rozhovor-s-mgr-lukasom-vaskom","status":"publish","type":"post","link":"https:\/\/noa.bart.sk\/index.php\/2022\/04\/08\/rozhovor-s-mgr-lukasom-vaskom\/","title":{"rendered":"Rozhovor s Mgr. Luk\u00e1\u0161om Va\u0161kom"},"content":{"rendered":"\n<div class=\"wp-block-image\"><figure class=\"alignleft size-large is-resized\"><img loading=\"lazy\" decoding=\"async\" src=\"https:\/\/noa.bart.sk\/wp-content\/uploads\/262369838_1340080886447511_9028145276236990296_n.jpg\" alt=\"\" class=\"wp-image-1944\" width=\"293\" height=\"144\" srcset=\"https:\/\/noa.bart.sk\/wp-content\/uploads\/262369838_1340080886447511_9028145276236990296_n.jpg 960w, https:\/\/noa.bart.sk\/wp-content\/uploads\/262369838_1340080886447511_9028145276236990296_n-300x148.jpg 300w, https:\/\/noa.bart.sk\/wp-content\/uploads\/262369838_1340080886447511_9028145276236990296_n-80x39.jpg 80w, https:\/\/noa.bart.sk\/wp-content\/uploads\/262369838_1340080886447511_9028145276236990296_n-768x378.jpg 768w\" sizes=\"(max-width: 293px) 100vw, 293px\" \/><\/figure><\/div>\n\n\n\n<p>Mil\u00ed \u010ditatelia, dovo\u013ete mi predstavi\u0165 V\u00e1m Mgr. Luk\u00e1\u0161a Va\u0161ka, ktor\u00fd na na\u0161ej \u0161kole vyu\u010duje nemeck\u00fd jazyk. P\u00e1n profesor Va\u0161ko na na\u0161u \u0161kolu nast\u00fapil len ned\u00e1vno, preto by som za\u010dal ot\u00e1zkou:<\/p>\n\n\n\n<ol type=\"1\"><li><strong>\u010co V\u00e1s priviedlo na na\u0161u \u0161kolu?<\/strong><\/li><\/ol>\n\n\n\n<p>Na obchodn\u00fa akad\u00e9miu ma priviedlo odporu\u010danie od mojej zn\u00e1mej, \u017ee potrebuj\u00fa u\u010dite\u013ea nemeck\u00e9ho jazyka a&nbsp;v&nbsp;tom \u010dase som si h\u013eadal pr\u00e1cu u\u010dite\u013ea nemeck\u00e9ho jazyka a&nbsp;tak mi to pri\u0161lo vhod, \u017ee na\u0161a \u0161kola pon\u00fakala t\u00fato mo\u017enos\u0165 a&nbsp;mohol som uplati\u0165 svoje poznatky v&nbsp;praxi.<\/p>\n\n\n\n<!--more-->\n\n\n\n<ul><li><strong>Pre\u010do ste sa stali u\u010dite\u013eom? Ne\u013eutujete svoje rozhodnutie?<\/strong><\/li><\/ul>\n\n\n\n<p>In\u0161pirovali ma k&nbsp;tomu samotn\u00ed u\u010ditelia po\u010das svojich \u0161tudijn\u00fdch \u010dias, ktor\u00ed ma oslovili svoj\u00edm poh\u013eadom na pr\u00e1cu u\u010dite\u013ea, ktor\u00fa brali nie ako pr\u00e1cu, ale viac ako poslanie, a&nbsp;preto, \u017ee m\u00e1 v\u017edy bavilo pracova\u0165 so \u0161tudentmi a&nbsp;odovzd\u00e1va\u0165 im vlastn\u00e9 sk\u00fasenosti a&nbsp;poznatky. Nikdy som to neo\u013eutoval a&nbsp;po\u010das praxe na z\u00e1kladnej \u0161kole m\u00e1 k&nbsp;tomu povzbudil m\u00f4j u\u010dite\u013e, pri ktorom som praxoval.<\/p>\n\n\n\n<ul><li><strong>Pre\u010do sa predmetom, ktor\u00fd vyu\u010dujete, stala nem\u010dina?<\/strong><\/li><\/ul>\n\n\n\n<p>Nem\u010dina ma v\u017edy zauj\u00edmala. U\u017e ke\u010f som bol mal\u00fd chlapec, r\u00e1d som pozeral seri\u00e1ly a&nbsp;rozpr\u00e1vky v&nbsp;nem\u010dine. Tomuto jazyku sa venujem od piateho ro\u010dn\u00edka z\u00e1kladnej \u0161koly v Michalovciach a&nbsp;potom na strednej \u0161kole, konkretne na Gymn\u00e1ziu vo Ve\u013ek\u00fdch Kapu\u0161anoch som maturoval z&nbsp;nemeck\u00e9ho jazyka. Na vysokej \u0161kole, hoci som \u0161tudoval odbor u\u010dite\u013estvo n\u00e1bo\u017eenskej v\u00fdchovy a&nbsp;filozofie, dodato\u010dne som si urobil aj \u0161t\u00e1tnu sk\u00fa\u0161ku z&nbsp;nemeck\u00e9ho jazyka, lebo som mal z\u00e1ujem vyu\u010dova\u0165 nemeck\u00fd jazyk. Pre m\u0148a osobne je to ve\u013emi kr\u00e1sny jazyk a&nbsp;som r\u00e1d, \u017ee na\u0161i \u0161tudenti maj\u00fa o\u0148 z\u00e1ujem a&nbsp;dokonca aj z&nbsp;neho maturuj\u00fa.<\/p>\n\n\n\n<ul><li><strong>Po\u010duli sme, \u017ee okrem na\u0161ej \u0161koly pracujete aj na inom mieste. Je to pravda? M\u00e1te dos\u0165 energie v\u0161etko zvl\u00e1dnu\u0165?<\/strong><\/li><\/ul>\n\n\n\n<p>\u00c1no, je to pravda, od svojich 23 rokov som sa stal vychov\u00e1vate\u013eom na chlap\u010denskom intern\u00e1te. Za\u010d\u00ednal som ako pomocn\u00fd vychov\u00e1vate\u013e a&nbsp;nesk\u00f4r som sa vypracoval na vychov\u00e1vate\u013ea, ktor\u00fd m\u00e1 v\u0161etky kompetencie ako klasick\u00fd vychov\u00e1vate\u013e na intern\u00e1te. M\u00e1m na starosti 32 chlapcov z&nbsp;r\u00f4zn\u00fdch \u0161k\u00f4l. T\u00e1to pr\u00e1ca ma bav\u00ed a&nbsp;beriem ju ako poslanie. Takisto beriem aj svoju druh\u00fa pr\u00e1cu u\u010dite\u013ea na na\u0161ej \u0161kole. D\u00e1 sa to zvlada\u0165 a&nbsp;nerob\u00ed mi to probl\u00e9m skon\u010di\u0165 v&nbsp;jednej pr\u00e1ci a&nbsp;po \u010dase pokra\u010dova\u0165 v&nbsp;druhej. Je to sila zvyku. Postupom \u010dasu som si na to zvykol.<\/p>\n\n\n\n<ul><li><strong>Ako relaxujete? \u010co rob\u00edte vo vo\u013enom \u010dase?<\/strong><\/li><\/ul>\n\n\n\n<p>Svoj vo\u013en\u00fd \u010das tr\u00e1vim akt\u00edvne, v\u00e4\u010d\u0161inou pr\u00e1cami v&nbsp;z\u00e1hrade a&nbsp;okolo domu, niekedy var\u00edm, ob\u010das aj nie\u010do upe\u010diem, &nbsp;potom sa venujem knih\u00e1m, spevu, dobrej hudbe.&nbsp;R\u00e1d cestujem.<\/p>\n\n\n\n<ul><li><strong>\u010co sa V\u00e1m na na\u0161ej \u0161kole p\u00e1\u010di a&nbsp;\u010do by ste zmenili?<\/strong><\/li><\/ul>\n\n\n\n<p>Na na\u0161ej \u0161kole sa mi p\u00e1\u010di,\u017ee m\u00e1me dobre vybaven\u00e9 u\u010debne a&nbsp;\u017ee sa postupne modernizuje a&nbsp;doch\u00e1dza aj k&nbsp;rekon\u0161trukci\u00e1m budovy, hlavne v&nbsp;poslednej dobe sa menili okn\u00e1. Sme super kolekt\u00edv a&nbsp;nemenil by som ni\u010d.<\/p>\n\n\n\n<ul><li><strong>Vedia V\u00e1s \u0161tudenti aj nahneva\u0165?<\/strong><\/li><\/ul>\n\n\n\n<p>&nbsp;&nbsp;&nbsp;&nbsp;&nbsp; So \u0161tudentmi sa sna\u017e\u00edm vych\u00e1dza\u0165 dobre, tak\u017ee nedoch\u00e1dza ku konfliktom.&nbsp;Sna\u017e\u00edm sa vytv\u00e1ra\u0165 na hodine &nbsp;priate\u013esk\u00fa atmosf\u00e9ru.<\/p>\n\n\n\n<ul><li><strong>Ak\u00e9 s\u00fa Va\u0161e pl\u00e1ny do bud\u00facna?<\/strong><\/li><\/ul>\n\n\n\n<p>Aby ma bavilo to, \u010do rob\u00edm, aby to nap\u013a\u0148alo m\u00f4j \u017eivot a&nbsp;aby som bol s&nbsp;t\u00fdm spokojn\u00fd. Chcel by som by\u0165 na\u010falej pr\u00ednosom pre t\u00fato spolo\u010dnos\u0165. A&nbsp;hlavne na z\u00e1ver, chcel by som, aby zdrav\u00ed\u010dko sl\u00fa\u017eilo a&nbsp;mal som po boku svoju milovan\u00fa rodinu, ktor\u00e1 ma povzbudzuje a&nbsp;je mi oporou vo v\u0161etkom.<\/p>\n\n\n\n<p>\u010eakujeme za Va\u0161e odpovede a&nbsp;\u017eel\u00e1me V\u00e1m ve\u013ea pohody vo Va\u0161om \u010fal\u0161om p\u00f4soben\u00ed na na\u0161ej \u0161kole.<\/p>\n","protected":false},"excerpt":{"rendered":"<p>Mil\u00ed \u010ditatelia, dovo\u013ete mi predstavi\u0165 V\u00e1m Mgr. Luk\u00e1\u0161a Va\u0161ka, ktor\u00fd na na\u0161ej \u0161kole vyu\u010duje nemeck\u00fd jazyk. P\u00e1n profesor Va\u0161ko na na\u0161u \u0161kolu nast\u00fapil len ned\u00e1vno, preto by som za\u010dal ot\u00e1zkou:&hellip;<\/p>\n","protected":false},"author":2,"featured_media":0,"comment_status":"open","ping_status":"open","sticky":false,"template":"","format":"standard","meta":{"footnotes":""},"categories":[17],"tags":[],"_links":{"self":[{"href":"https:\/\/noa.bart.sk\/index.php\/wp-json\/wp\/v2\/posts\/1943"}],"collection":[{"href":"https:\/\/noa.bart.sk\/index.php\/wp-json\/wp\/v2\/posts"}],"about":[{"href":"https:\/\/noa.bart.sk\/index.php\/wp-json\/wp\/v2\/types\/post"}],"author":[{"embeddable":true,"href":"https:\/\/noa.bart.sk\/index.php\/wp-json\/wp\/v2\/users\/2"}],"replies":[{"embeddable":true,"href":"https:\/\/noa.bart.sk\/index.php\/wp-json\/wp\/v2\/comments?post=1943"}],"version-history":[{"count":1,"href":"https:\/\/noa.bart.sk\/index.php\/wp-json\/wp\/v2\/posts\/1943\/revisions"}],"predecessor-version":[{"id":1945,"href":"https:\/\/noa.bart.sk\/index.php\/wp-json\/wp\/v2\/posts\/1943\/revisions\/1945"}],"wp:attachment":[{"href":"https:\/\/noa.bart.sk\/index.php\/wp-json\/wp\/v2\/media?parent=1943"}],"wp:term":[{"taxonomy":"category","embeddable":true,"href":"https:\/\/noa.bart.sk\/index.php\/wp-json\/wp\/v2\/categories?post=1943"},{"taxonomy":"post_tag","embeddable":true,"href":"https:\/\/noa.bart.sk\/index.php\/wp-json\/wp\/v2\/tags?post=1943"}],"curies":[{"name":"wp","href":"https:\/\/api.w.org\/{rel}","templated":true}]}}