{"id":1867,"date":"2021-10-08T18:41:10","date_gmt":"2021-10-08T16:41:10","guid":{"rendered":"http:\/\/noa.bart.sk\/?p=1867"},"modified":"2021-10-08T18:41:11","modified_gmt":"2021-10-08T16:41:11","slug":"reprezentanti-oa-na-mmm-2021","status":"publish","type":"post","link":"https:\/\/noa.bart.sk\/index.php\/2021\/10\/08\/reprezentanti-oa-na-mmm-2021\/","title":{"rendered":"Reprezentanti OA na MMM 2021"},"content":{"rendered":"\n<div class=\"wp-block-image\"><figure class=\"alignleft size-large is-resized\"><img loading=\"lazy\" decoding=\"async\" src=\"https:\/\/noa.bart.sk\/wp-content\/uploads\/mmm.jpg\" alt=\"\" class=\"wp-image-1871\" width=\"235\" height=\"174\" srcset=\"https:\/\/noa.bart.sk\/wp-content\/uploads\/mmm.jpg 945w, https:\/\/noa.bart.sk\/wp-content\/uploads\/mmm-300x222.jpg 300w, https:\/\/noa.bart.sk\/wp-content\/uploads\/mmm-80x59.jpg 80w, https:\/\/noa.bart.sk\/wp-content\/uploads\/mmm-768x569.jpg 768w\" sizes=\"(max-width: 235px) 100vw, 235px\" \/><figcaption>Na\u0161a \u0161tafeta<\/figcaption><\/figure><\/div>\n\n\n\n<p>Prv\u00fa okt\u00f3brov\u00fa nede\u013eu sa v Ko\u0161iciach tradi\u010dne konal u\u017e 98.ro\u010dn\u00edk Medzin\u00e1rodn\u00e9ho marat\u00f3nu mieru. Aj tento rok mala na\u0161a \u0161kola svojich reprezentantov na tomrto podujat\u00ed. Pp. Mikul\u00e1\u0161 Luk\u00e1\u010d absolvoval polmarat\u00f3n a pp Kravcov\u00e1 spolu so \u0161tudentami z 2.D a 3.D triedy Benjam\u00ednom B\u00e1lintom, Dominikom Dikejom a Michalom Stullerom absolvovala \u0161tafetu.<\/p>\n\n\n\n<!--more-->\n\n\n\n<div class=\"wp-block-image\"><figure class=\"alignleft size-large is-resized\"><img loading=\"lazy\" decoding=\"async\" src=\"https:\/\/noa.bart.sk\/wp-content\/uploads\/243019933_909027200012770_2955979216613051762_n.jpg\" alt=\"\" class=\"wp-image-1869\" width=\"154\" height=\"205\" srcset=\"https:\/\/noa.bart.sk\/wp-content\/uploads\/243019933_909027200012770_2955979216613051762_n.jpg 576w, https:\/\/noa.bart.sk\/wp-content\/uploads\/243019933_909027200012770_2955979216613051762_n-225x300.jpg 225w, https:\/\/noa.bart.sk\/wp-content\/uploads\/243019933_909027200012770_2955979216613051762_n-60x80.jpg 60w\" sizes=\"(max-width: 154px) 100vw, 154px\" \/><\/figure><\/div>\n\n\n\n<p>\u0160tudenti na\u0161ej \u0161koly fandili na\u0161im reprezentantom dobre, ke\u010f\u017ee pp Luk\u00e1\u010d dobehol v polmarat\u00f3ne na kr\u00e1snom 58.mieste (z 2762 \u00fa\u010dastn\u00edkov) s v\u00fdborn\u00fdm \u010dasom 1:25:57. Len 8 sek\u00fand zaostal za svoj\u00edm osobn\u00fdm rekordom. Aj na\u0161a \u0161tafeta s pp Kravcovou a chlapcami z 2.D a 3.D triedy \u00faspe\u0161ne dobehla do cie\u013ea. V\u0161etk\u00fdm na\u0161im reprezentantom srde\u010dne blaho\u017eel\u00e1me k ich v\u00fdkonu.<\/p>\n","protected":false},"excerpt":{"rendered":"<p>Prv\u00fa okt\u00f3brov\u00fa nede\u013eu sa v Ko\u0161iciach tradi\u010dne konal u\u017e 98.ro\u010dn\u00edk Medzin\u00e1rodn\u00e9ho marat\u00f3nu mieru. Aj tento rok mala na\u0161a \u0161kola svojich reprezentantov na tomrto podujat\u00ed. Pp. Mikul\u00e1\u0161 Luk\u00e1\u010d absolvoval polmarat\u00f3n a&hellip;<\/p>\n","protected":false},"author":2,"featured_media":0,"comment_status":"open","ping_status":"open","sticky":false,"template":"","format":"standard","meta":{"footnotes":""},"categories":[1],"tags":[],"_links":{"self":[{"href":"https:\/\/noa.bart.sk\/index.php\/wp-json\/wp\/v2\/posts\/1867"}],"collection":[{"href":"https:\/\/noa.bart.sk\/index.php\/wp-json\/wp\/v2\/posts"}],"about":[{"href":"https:\/\/noa.bart.sk\/index.php\/wp-json\/wp\/v2\/types\/post"}],"author":[{"embeddable":true,"href":"https:\/\/noa.bart.sk\/index.php\/wp-json\/wp\/v2\/users\/2"}],"replies":[{"embeddable":true,"href":"https:\/\/noa.bart.sk\/index.php\/wp-json\/wp\/v2\/comments?post=1867"}],"version-history":[{"count":3,"href":"https:\/\/noa.bart.sk\/index.php\/wp-json\/wp\/v2\/posts\/1867\/revisions"}],"predecessor-version":[{"id":1873,"href":"https:\/\/noa.bart.sk\/index.php\/wp-json\/wp\/v2\/posts\/1867\/revisions\/1873"}],"wp:attachment":[{"href":"https:\/\/noa.bart.sk\/index.php\/wp-json\/wp\/v2\/media?parent=1867"}],"wp:term":[{"taxonomy":"category","embeddable":true,"href":"https:\/\/noa.bart.sk\/index.php\/wp-json\/wp\/v2\/categories?post=1867"},{"taxonomy":"post_tag","embeddable":true,"href":"https:\/\/noa.bart.sk\/index.php\/wp-json\/wp\/v2\/tags?post=1867"}],"curies":[{"name":"wp","href":"https:\/\/api.w.org\/{rel}","templated":true}]}}