{"id":1821,"date":"2021-02-02T18:04:35","date_gmt":"2021-02-02T16:04:35","guid":{"rendered":"http:\/\/noa.bart.sk\/?p=1821"},"modified":"2021-02-02T18:04:36","modified_gmt":"2021-02-02T16:04:36","slug":"pondelkova-hodina-slovenskeho-jazyka-s-danielom-hevierom","status":"publish","type":"post","link":"https:\/\/noa.bart.sk\/index.php\/2021\/02\/02\/pondelkova-hodina-slovenskeho-jazyka-s-danielom-hevierom\/","title":{"rendered":"Pondelkov\u00e1 hodina slovensk\u00e9ho jazyka s Danielom Hevierom"},"content":{"rendered":"\n<p><\/p>\n\n\n\n<div class=\"wp-block-image\"><figure class=\"alignleft size-large is-resized\"><img loading=\"lazy\" decoding=\"async\" src=\"https:\/\/noa.bart.sk\/wp-content\/uploads\/Hevier-1024x614.jpg\" alt=\"\" class=\"wp-image-1822\" width=\"260\" height=\"156\" srcset=\"https:\/\/noa.bart.sk\/wp-content\/uploads\/Hevier-1024x614.jpg 1024w, https:\/\/noa.bart.sk\/wp-content\/uploads\/Hevier-300x180.jpg 300w, https:\/\/noa.bart.sk\/wp-content\/uploads\/Hevier-80x48.jpg 80w, https:\/\/noa.bart.sk\/wp-content\/uploads\/Hevier-768x461.jpg 768w, https:\/\/noa.bart.sk\/wp-content\/uploads\/Hevier-1536x921.jpg 1536w, https:\/\/noa.bart.sk\/wp-content\/uploads\/Hevier.jpg 2048w\" sizes=\"(max-width: 260px) 100vw, 260px\" \/><\/figure><\/div>\n\n\n\n<p class=\"has-text-align-left\">Pondelkov\u00e1 hodina slovensk\u00e9ho jazyka a\u00a0literat\u00fary bola 1. febru\u00e1ra pre na\u0161u 4.D ur\u010dite v\u00fdnimo\u010dn\u00e1. Slovami \u0161tudentov: \u201eBudem o\u00a0nej rozpr\u00e1va\u0165 e\u0161te aj mojim vn\u00fa\u010dat\u00e1m.\u201c Pozvanie medzi n\u00e1s toti\u017e prijal zn\u00e1my slovensk\u00fd b\u00e1snik, text\u00e1r, umelec \u2013 Daniel Hevier. V\u00a0\u00favode sme sa skromne predstavili a\u00a0so zatajen\u00fdm dychom po\u010d\u00favali jednu historku zo \u017eivota p\u00e1na spisovate\u013ea a\u00a0bratislavsk\u00fdch umelcov za druhou. Spont\u00e1nnos\u0165, v\u00fdborn\u00e1 n\u00e1lada a\u00a0\u00faprimnos\u0165 n\u00e1\u0161ho hos\u0165a n\u00e1s odzbrojili a\u00a0po nieko\u013ek\u00fdch v\u00fdbuchoch smiechu sa do diskusie o\u00a0umen\u00ed, hodnot\u00e1ch, \u017eivote, korone, vojen\u010dine a\u00a0mnoh\u00fdch \u010fal\u0161\u00edch t\u00e9mach zapojili aj \u0161tudenti. Daniel Hevier vynikaj\u00faco mie\u0161al vtipn\u00e9 historky, napr\u00edklad aj o\u00a0Pa\u013eovi Haberovi, s\u00a0hlbok\u00fdmi zamysleniami a\u00a0m\u00fadros\u0165ami, chv\u00ed\u013eu sme sa smiali, chv\u00ed\u013eu v\u00e1\u017ene meditovali nad \u017eivotom.<\/p>\n\n\n\n<!--more-->\n\n\n\n<p>Z&nbsp;poz\u00edcie u\u010dite\u013eky chcem vyjadri\u0165 obrovsk\u00fa v\u010faku ve\u013ek\u00e9mu \u010dloveku, ktor\u00fd sa sna\u017e\u00ed svoju tvoriv\u00fa energiu venova\u0165 mlad\u00fdm. Jeho komunik\u00e1cia a&nbsp;poh\u013ead na svet s\u00fa in\u0161piruj\u00face a&nbsp;ve\u013emi sa te\u0161\u00edm, \u017ee pr\u00e1ve mojich \u0161tudentov sa mu podarilo nadchn\u00fa\u0165. Z\u00e1rove\u0148 mus\u00edm nap\u00edsa\u0165, \u017ee som hrd\u00e1 na na\u0161u 4.D. Som py\u0161n\u00e1 na to, \u017ee m\u00e1me rozh\u013eaden\u00fdch, taktn\u00fdch, komunikat\u00edvnych \u0161tvrt\u00e1kov, ktor\u00ed sa dok\u00e1\u017eu s&nbsp;ve\u013ek\u00fdm umelcom rozpr\u00e1va\u0165 o&nbsp;v\u00e1\u017enych t\u00e9mach. Pozerala som sa nich a&nbsp;te\u0161ila sa z&nbsp;toho, ako dok\u00e1\u017eu komunikova\u0165,&nbsp;c\u00edtila materinsk\u00fa p\u00fdchu a&nbsp;v&nbsp;duchu som si hovorila \u201eMoje deti a&nbsp;tak\u00e9 m\u00fadre. (Po kom to asi maj\u00fa?\u201c &#x1f60a;) O&nbsp;tom, \u017ee to nie je len m\u00f4j pocit, sved\u010d\u00ed fakt, \u017ee z&nbsp;p\u00f4vodne dohodnut\u00fdch 40 min\u00fat sa stali dve hodiny a&nbsp;p\u00e1n spisovate\u013e zhodnotil, \u017ee tak\u00e9 dlh\u00e9 stretnutie so \u0161tudentmi e\u0161te nemal.<\/p>\n\n\n\n<p>Ke\u010f sme po stretnut\u00ed so \u017eiakmi rozoberali dojmy a&nbsp;pocity, vo viacer\u00fdch zarezonovala hlavne t\u00e1to my\u0161lienka p\u00e1na Heviera.<\/p>\n\n\n\n<p><em>\u201eSmejte sa, pla\u010dte, bu\u010fte vesel\u00ed, bu\u010fte smutn\u00ed, \u013e\u00fabte, za\u013e\u00fabte sa&#8230;\u017eite.\u201c<\/em><\/p>\n\n\n\n<p>A tak sa vraciame do \u017eivota, od vzletn\u00fdch deb\u00e1t ku knih\u00e1m. \u017de si cel\u00e1 4. D chce na maturite vytiahnu\u0165 \u201et\u00fa ot\u00e1zku, v&nbsp;ktorej bude Daniel Hevier\u201c, je asi ka\u017ed\u00e9mu jasn\u00e9. Chu\u0165 tvori\u0165 a&nbsp;pracova\u0165 na sebe v\u0161ak bola prebuden\u00e1 a&nbsp;ja ver\u00edm, \u017ee na\u0161i maturanti zvl\u00e1dnu aj \u201eot\u00e1zky, v&nbsp;ktor\u00fdch nebude Daniel Hevier\u201c. Veronika Polomsk\u00e1<\/p>\n\n\n\n<figure class=\"wp-block-image size-large\"><img loading=\"lazy\" decoding=\"async\" width=\"1024\" height=\"614\" src=\"https:\/\/noa.bart.sk\/wp-content\/uploads\/Hevier-1024x614.jpg\" alt=\"\" class=\"wp-image-1822\" srcset=\"https:\/\/noa.bart.sk\/wp-content\/uploads\/Hevier-1024x614.jpg 1024w, https:\/\/noa.bart.sk\/wp-content\/uploads\/Hevier-300x180.jpg 300w, https:\/\/noa.bart.sk\/wp-content\/uploads\/Hevier-80x48.jpg 80w, https:\/\/noa.bart.sk\/wp-content\/uploads\/Hevier-768x461.jpg 768w, https:\/\/noa.bart.sk\/wp-content\/uploads\/Hevier-1536x921.jpg 1536w, https:\/\/noa.bart.sk\/wp-content\/uploads\/Hevier.jpg 2048w\" sizes=\"(max-width: 1024px) 100vw, 1024px\" \/><\/figure>\n\n\n","protected":false},"excerpt":{"rendered":"<p>Pondelkov\u00e1 hodina slovensk\u00e9ho jazyka a\u00a0literat\u00fary bola 1. febru\u00e1ra pre na\u0161u 4.D ur\u010dite v\u00fdnimo\u010dn\u00e1. Slovami \u0161tudentov: \u201eBudem o\u00a0nej rozpr\u00e1va\u0165 e\u0161te aj mojim vn\u00fa\u010dat\u00e1m.\u201c Pozvanie medzi n\u00e1s toti\u017e prijal zn\u00e1my slovensk\u00fd b\u00e1snik,&hellip;<\/p>\n","protected":false},"author":2,"featured_media":0,"comment_status":"open","ping_status":"open","sticky":false,"template":"","format":"standard","meta":{"footnotes":""},"categories":[1],"tags":[],"_links":{"self":[{"href":"https:\/\/noa.bart.sk\/index.php\/wp-json\/wp\/v2\/posts\/1821"}],"collection":[{"href":"https:\/\/noa.bart.sk\/index.php\/wp-json\/wp\/v2\/posts"}],"about":[{"href":"https:\/\/noa.bart.sk\/index.php\/wp-json\/wp\/v2\/types\/post"}],"author":[{"embeddable":true,"href":"https:\/\/noa.bart.sk\/index.php\/wp-json\/wp\/v2\/users\/2"}],"replies":[{"embeddable":true,"href":"https:\/\/noa.bart.sk\/index.php\/wp-json\/wp\/v2\/comments?post=1821"}],"version-history":[{"count":7,"href":"https:\/\/noa.bart.sk\/index.php\/wp-json\/wp\/v2\/posts\/1821\/revisions"}],"predecessor-version":[{"id":1829,"href":"https:\/\/noa.bart.sk\/index.php\/wp-json\/wp\/v2\/posts\/1821\/revisions\/1829"}],"wp:attachment":[{"href":"https:\/\/noa.bart.sk\/index.php\/wp-json\/wp\/v2\/media?parent=1821"}],"wp:term":[{"taxonomy":"category","embeddable":true,"href":"https:\/\/noa.bart.sk\/index.php\/wp-json\/wp\/v2\/categories?post=1821"},{"taxonomy":"post_tag","embeddable":true,"href":"https:\/\/noa.bart.sk\/index.php\/wp-json\/wp\/v2\/tags?post=1821"}],"curies":[{"name":"wp","href":"https:\/\/api.w.org\/{rel}","templated":true}]}}