{"id":1800,"date":"2020-12-04T21:05:17","date_gmt":"2020-12-04T19:05:17","guid":{"rendered":"http:\/\/noa.bart.sk\/?p=1800"},"modified":"2020-12-04T21:14:29","modified_gmt":"2020-12-04T19:14:29","slug":"nasa-studentka-mirka-gerova-sa-stala-laureatkou-sutaze-literarna-senica-laca-novomeskeho","status":"publish","type":"post","link":"https:\/\/noa.bart.sk\/index.php\/2020\/12\/04\/nasa-studentka-mirka-gerova-sa-stala-laureatkou-sutaze-literarna-senica-laca-novomeskeho\/","title":{"rendered":"Na\u0161a \u0161tudentka Mirka Gerov\u00e1 sa stala laure\u00e1tkou s\u00fa\u0165a\u017ee Liter\u00e1rna Senica Laca Novomesk\u00e9ho"},"content":{"rendered":"<p>V septembri sa tri \u017eia\u010dky na\u0161ej \u0161koly \u2013 Miroslava Gerov\u00e1 (2.C), Lucia Jaro\u0161\u00edkov\u00e1 (3.D) a Vikt\u00f3ria Kov\u00e1\u010dov\u00e1 (2.C), zapojili do liter\u00e1rnej s\u00fa\u0165a\u017ee pre mlad\u00fdch spisovate\u013eov \u2013 XXXIV. ro\u010dn\u00edka Liter\u00e1rnej Senice Laca Novomesk\u00e9ho.<!--more--><br \/>\nV\u0161etky tri na\u0161e \u0161ikovn\u00e9 \u0161tudentky p\u00ed\u0161u po\u00e9ziu (a v\u00fdborn\u00e9 slohy &#x1f60a;) a v celoslovenskej konkurencii zabojovali o to, \u010di si odborn\u00e1 porota zlo\u017een\u00e1 aj zo spisovate\u013eov a liter\u00e1rnych teoretikov ich dielka vyberie do najnov\u0161ieho zborn\u00edka pr\u00e1c mlad\u00fdch autorov a ocen\u00ed ich nejak\u00fdm umiestnen\u00edm. V\u0161etky tri s\u00fa\u0165a\u017eili v tej istej kateg\u00f3rii \u201epo\u00e9zia stredn\u00e9 \u0161koly\u201c. Spolu bolo do s\u00fa\u0165a\u017ee prihl\u00e1sen\u00fdch 118 \u0161tudentov s 273 pr\u00e1cami a 25. novembra boli prostredn\u00edctvom online prenosu sl\u00e1vnostne vyhl\u00e1sen\u00e9 v\u00fdsledky s\u00fa\u0165a\u017ee.<br \/>\nPorotu najviac zaujala tvorba Mirky Gerovej a udelila jej 3. miesto. Mirka zo svojich b\u00e1sn\u00ed vytvorila ucelen\u00fd cyklus, v ktorom pracovala s pr\u00edrodn\u00fdm mot\u00edvom b\u00farky. Jej tvorba v\u0161ak nie je len v\u00fdpove\u010fou o sebe, porota vyzdvihla, \u017ee jej po\u00e9zia je po\u00e9ziou o\u010distenia, h\u013eadania. Jej pr\u00e1ce boli z\u00e1rove\u0148 uverejnen\u00e9 v zborn\u00edku, ktor\u00ed organiz\u00e1tori s\u00fa\u0165a\u017ee vydali ako Bulettin v\u00ed\u0165azn\u00fdch pr\u00e1c XXXIV. ro\u010dn\u00edka autorskej s\u00fa\u0165a\u017ee Liter\u00e1rna Senica Laca Novomesk\u00e9ho 2020.<br \/>\nMirke gratulujeme a te\u0161\u00edme z jej ve\u013ek\u00e9ho \u00faspechu!<br \/>\nMgr. Veronika Polomsk\u00e1<\/p>\n","protected":false},"excerpt":{"rendered":"<p>V septembri sa tri \u017eia\u010dky na\u0161ej \u0161koly \u2013 Miroslava Gerov\u00e1 (2.C), Lucia Jaro\u0161\u00edkov\u00e1 (3.D) a Vikt\u00f3ria Kov\u00e1\u010dov\u00e1 (2.C), zapojili do liter\u00e1rnej s\u00fa\u0165a\u017ee pre mlad\u00fdch spisovate\u013eov \u2013 XXXIV. ro\u010dn\u00edka Liter\u00e1rnej Senice&hellip;<\/p>\n","protected":false},"author":2,"featured_media":0,"comment_status":"open","ping_status":"open","sticky":false,"template":"","format":"standard","meta":{"footnotes":""},"categories":[1],"tags":[],"_links":{"self":[{"href":"https:\/\/noa.bart.sk\/index.php\/wp-json\/wp\/v2\/posts\/1800"}],"collection":[{"href":"https:\/\/noa.bart.sk\/index.php\/wp-json\/wp\/v2\/posts"}],"about":[{"href":"https:\/\/noa.bart.sk\/index.php\/wp-json\/wp\/v2\/types\/post"}],"author":[{"embeddable":true,"href":"https:\/\/noa.bart.sk\/index.php\/wp-json\/wp\/v2\/users\/2"}],"replies":[{"embeddable":true,"href":"https:\/\/noa.bart.sk\/index.php\/wp-json\/wp\/v2\/comments?post=1800"}],"version-history":[{"count":2,"href":"https:\/\/noa.bart.sk\/index.php\/wp-json\/wp\/v2\/posts\/1800\/revisions"}],"predecessor-version":[{"id":1806,"href":"https:\/\/noa.bart.sk\/index.php\/wp-json\/wp\/v2\/posts\/1800\/revisions\/1806"}],"wp:attachment":[{"href":"https:\/\/noa.bart.sk\/index.php\/wp-json\/wp\/v2\/media?parent=1800"}],"wp:term":[{"taxonomy":"category","embeddable":true,"href":"https:\/\/noa.bart.sk\/index.php\/wp-json\/wp\/v2\/categories?post=1800"},{"taxonomy":"post_tag","embeddable":true,"href":"https:\/\/noa.bart.sk\/index.php\/wp-json\/wp\/v2\/tags?post=1800"}],"curies":[{"name":"wp","href":"https:\/\/api.w.org\/{rel}","templated":true}]}}