{"id":1782,"date":"2020-04-18T10:15:23","date_gmt":"2020-04-18T08:15:23","guid":{"rendered":"http:\/\/noa.bart.sk\/?p=1782"},"modified":"2020-04-18T10:15:23","modified_gmt":"2020-04-18T08:15:23","slug":"koniec-florbalovej-sezony-podla-adama-samuhela","status":"publish","type":"post","link":"https:\/\/noa.bart.sk\/index.php\/2020\/04\/18\/koniec-florbalovej-sezony-podla-adama-samuhela\/","title":{"rendered":"Koniec florbalovej sez\u00f3ny pod\u013ea Adama Samuhe\u013ea"},"content":{"rendered":"<p><strong><u>\u00a0<\/u><\/strong><\/p>\n<p>Adama Samuhe\u013ea, m\u00f4jho brata, mo\u017eno \u00faplne v\u0161etci nepozn\u00e1te, no ja ho pozn\u00e1m a\u017e ve\u013emi dobre na to, aby som V\u00e1m priniesla lukrat\u00edvny rozhovor s\u00a0t\u00fdmto mlad\u00fdm florbalistom.<!--more--><\/p>\n<p>Adam je ve\u013emi talentovan\u00fd jeden\u00e1s\u0165ro\u010dn\u00fd zanieten\u00fd \u0161portovec, ktor\u00fd je u\u017e aj dokonca Majstrom Slovenka v\u00a0kateg\u00f3ri\u00ed Mlad\u0161\u00edch \u017eiakov v\u00a0sez\u00f3ne 2018\/2019. Adam so svojim t\u00edmom ATU Ko\u0161ice chcel tento titul obh\u00e1ji\u0165 aj tohto roku, no \u017eia\u013e kv\u00f4li v\u00edrusu COVID-19 to nebude mo\u017en\u00e9, preto\u017ee d\u0148a 16.03.2020, Slovensk\u00fd zv\u00e4z florbalu ozn\u00e1mil, \u017ee ru\u0161ia sez\u00f3nu pre v\u0161etky pr\u00edpravkov\u00e9, \u017eiacke a\u00a0aj dorasteneck\u00e9 kateg\u00f3rie, \u010do ho ve\u013emi zasiahlo.<\/p>\n<p>Ak V\u00e1s zauj\u00edma viac o\u00a0\u017eivote tohto n\u00e1dejn\u00e9ho, mo\u017eno bud\u00faceho reprezentanta SR, prip\u00e1jam aj z\u00e1znam z\u00a0rozhovoru.<\/p>\n<p>&nbsp;<\/p>\n<ul>\n<li>Ahoj Adam, m\u00f4\u017eeme za\u010da\u0165?\n<ul>\n<li>Ahoj, ako prv\u00e9 by som sa chcel po\u010fakova\u0165, \u017ee si si vybrala pre tento rozhovor pr\u00e1ve m\u0148a. Je to m\u00f4j prv\u00fd rozhovor a\u00a0ve\u013emi sa te\u0161\u00edm, \u00e1no, m\u00f4\u017eeme za\u010da\u0165.<\/li>\n<\/ul>\n<\/li>\n<li>Som ve\u013emi rada, \u017ee sa te\u0161\u00ed\u0161 z\u00a0na\u0161ej spolupr\u00e1ce. Tak ako prv\u00e9 za\u010dneme tak z\u013eahka, ako sa m\u00e1\u0161?\n<ul>\n<li>Tak prekvapivo, m\u00e1m sa celkom fajn. Ve\u013emi ma ale mrz\u00ed, \u017ee nem\u00f4\u017eem tr\u00e9nova\u0165, kv\u00f4li pr\u00edsnej karant\u00e9ne, no sna\u017e\u00edm sa vyu\u017ei\u0165 \u010das \u010do najv\u00fdhodnej\u0161ie.<\/li>\n<\/ul>\n<\/li>\n<li>M\u00f4\u017ee\u0161 mne a\u00a0\u010dita\u013eom pribl\u00ed\u017ei\u0165 ako vyu\u017e\u00edva\u0161 \u010das doma?\n<ul>\n<li>Ako som u\u017e spomenul, sna\u017e\u00edm sa ten \u010das vyu\u017ei\u0165 \u010do najlep\u0161ie. M\u00e1m doma vytvoren\u00e9 tak\u00e9 men\u0161ie florbalov\u00e9 ihrisko, tak\u017ee sa sna\u017e\u00edm zlep\u0161i\u0165 si strelu na br\u00e1nku. Ak sa mi nechce \u201cmachrova\u0165\u201c s\u00a0hokejkou a\u00a0lopti\u010dou, sk\u00fa\u0161am \u013eahk\u00e9 posilovacie cviky alebo zlep\u0161ujem svoju kond\u00edciu aspo\u0148 na stacion\u00e1rnom bicykli.<\/li>\n<\/ul>\n<\/li>\n<li>A\u00a0ako \u0161kola? M\u00e1te zaveden\u00fd syst\u00e9m online vyu\u010dovania alebo dost\u00e1va\u0161 len dom\u00e1ce \u00falohy?\n<ul>\n<li>Nie, online syst\u00e9m zatia\u013e nem\u00e1me, no pravidelne mi chodia \u00falohy, ktor\u00e9 sa sna\u017e\u00edm hne\u010f splni\u0165, aby som sa potom mohol venova\u0165 u\u017e spomenut\u00e9mu florbalu.<\/li>\n<\/ul>\n<\/li>\n<li>Ak si u\u017e ten florbal spomenul op\u00e4\u0165, m\u00f4\u017eeme sa presun\u00fa\u0165 rovno na ten. Pre\u010do si sa rozhodol pr\u00e1ve pre florbal?\n<ul>\n<li>Ako men\u0161\u00ed som hr\u00e1val futbal vo viacer\u00fdch Ko\u0161ick\u00fdch kluboch. No c\u00edtil som, \u017ee to nie je ono. Spolu\u017eiak vtedy hr\u00e1val florbal v\u00a0CV\u010c ved\u013ea na\u0161ej \u0161koly. Presved\u010dil ma, aby som to sk\u00fasil. Po\u017ei\u010dal mi jednu zo svojich hokejok a\u00a0zobral ma so sebou na tr\u00e9ning. Na tr\u00e9ningu sa mi ve\u013emi p\u00e1\u010dilo a\u00a0rozhodol som sa, \u017ee za\u010dnem chodi\u0165 na tr\u00e9ningy pravidelne, no tr\u00e9ner mi po tr\u00e9ningu povedal, \u017ee ja v\u00a0CV\u010c nem\u00e1m \u010do robi\u0165 a\u00a0u\u017e d\u00e1vno som mal hra\u0165 za nejak\u00fd klub a\u00a0rozv\u00edja\u0165 svoj talent, preto\u017ee ho m\u00e1m, a\u00a0tak som sa dostal do jedn\u00e9ho z\u00a0najv\u00e4\u010d\u0161\u00edch florbalov\u00fdch klubov v\u00a0Ko\u0161iciach, no aj na celom Slovensku, do ATU Ko\u0161ice, kde hr\u00e1m u\u017e asi \u0161tvrt\u00fd rok.<\/li>\n<\/ul>\n<\/li>\n<li>Pod\u013ea mojich inform\u00e1ci\u00ed m\u00e1\u0161 na drese \u201e56\u201c, pre\u010do si si vybral pr\u00e1ve toto \u010d\u00edslo?\n<ul>\n<li>Dobr\u00e1 ot\u00e1zka, \u00faprimne, s\u00e1m neviem. Ke\u010f sa ma p\u00e1n Dudovi\u010d, prezident a\u00a0zakladate\u013e klubu, op\u00fdtal ak\u00e9 \u010d\u00edslo mi m\u00e1 da\u0165 na dres, povedal som, \u017ee 56. Asi to bolo prv\u00e9 \u010d\u00edslo, ktor\u00e9 mi pri\u0161lo na rozum. No som za toto \u010d\u00edslo r\u00e1d a\u00a0\u010dasom mi u\u017e prir\u00e1stlo k\u00a0srdcu.<\/li>\n<\/ul>\n<\/li>\n<li>\u010co hovor\u00ed\u0161 na pred\u010dasn\u00e9 ukon\u010denie sez\u00f3ny kv\u00f4li v\u00edrusu COVID-19?\n<ul>\n<li>Som z\u00a0toho ve\u013emi smutn\u00fd. Te\u0161il som sa, \u017ee za\u010dnem op\u00e4\u0165 tr\u00e9nova\u0165, ke\u010f\u017ee som bol zranen\u00fd a\u00a0od konca janu\u00e1ra som nehral, no pri\u0161lo toto. Mali sme na\u0161liapnut\u00e9 na op\u00e4tovn\u00e9 potvrdenie titulu Majstra Slovenska a\u00a0aj ke\u010f som nehral, chodil som na ka\u017ed\u00fd jeden z\u00e1pas a\u00a0podporoval som svojich spoluhr\u00e1\u010dov a\u00a0te\u0161il som sa, \u017ee sa im dar\u00ed. No z\u00e1rove\u0148 s\u00fahlas\u00edm s\u00a0rozhodnut\u00edm zv\u00e4zu a\u00a0som r\u00e1d, \u017ee sa k\u00a0tejto veci postavili zodpovedne.<\/li>\n<\/ul>\n<\/li>\n<li>Op\u00ed\u0161 n\u00e1m tvoje zranenie, ako sa ti stalo, po pr\u00edpade v\u00a0akom procese lie\u010dby si.\n<ul>\n<li>Koncom janu\u00e1ra sme hrali turnaj v\u00a0SNV. Pri poslednom z\u00e1pase som ne\u0161\u0165astne presko\u010dil mantinel a\u00a0natiahol si zadn\u00fd stehenn\u00fd sval. Dlho som sa s\u00a0t\u00fdm tr\u00e1pil a\u00a0nevedel som dost\u00fapi\u0165 na prav\u00fa nohu. Moment\u00e1lne m\u00e1m po rehabilit\u00e1ci\u00e1ch a\u00a0po jarn\u00fdch pr\u00e1zdnin\u00e1ch som mal za\u010da\u0165 pomaly tr\u00e9nova\u0165 so svojimi spoluhr\u00e1\u010dmi, no \u017eia\u013e, t\u00fato sez\u00f3nu si u\u017e nezahr\u00e1m. Najviac som smutn\u00fd z\u00a0toho, \u017ee som posledn\u00fd z\u00e1pas odohral v\u00a0janu\u00e1ri a\u00a0po\u010das celej lie\u010dby som sa te\u0161il ako si znova zahr\u00e1m, ne\u010dakal som, \u017ee to bude mo\u017eno a\u017e v\u00a0\u010fal\u0161ej sez\u00f3ne.<\/li>\n<\/ul>\n<\/li>\n<li>Ve\u013emi ma mrz\u00ed, \u017ee to takto pre teba dopadlo, no prajem ti ve\u013ea zdravia a\u00a0\u00faspechov vo florbale. Vidno, \u017ee \u0165a to v\u00e1\u017ene bav\u00ed a\u00a0to je viac ako v\u00fdborn\u00e9.\n<ul>\n<li>\u010eakujem ve\u013emi pekne, som ve\u013emi r\u00e1d, \u017ee som tu s\u00a0tebou mohol by\u0165 a\u00a0prajem ti e\u0161te pekn\u00fd zvy\u0161ok d\u0148a.<\/li>\n<\/ul>\n<\/li>\n<li>\u010eakujem Adam, aj tebe.<\/li>\n<\/ul>\n<p>&nbsp;<\/p>\n<p>D\u00fafam, \u017ee sa V\u00e1m rozhovor s\u00a0mojim bratom Adamom p\u00e1\u010dil a\u00a0\u017ee ste si spr\u00edjemnili a\u00a0skr\u00e1tili \u010das doma v\u00a0karant\u00e9ne. Cel\u00e1 na\u0161a redakcia \u201eU Lenky doma\u201c v\u00e1m praje ve\u013ea zdravia a\u00a0s\u00edl do najbli\u017e\u0161\u00edch dn\u00ed.<\/p>\n<p>&nbsp;<\/p>\n<p>&nbsp;<\/p>\n<p>Tento pr\u00edspevok spracovala redaktorka Lenka Samuhe\u013eov\u00e1.<\/p>\n<p>19.03.2020<\/p>\n<p>&nbsp;<\/p>\n","protected":false},"excerpt":{"rendered":"<p>\u00a0 Adama Samuhe\u013ea, m\u00f4jho brata, mo\u017eno \u00faplne v\u0161etci nepozn\u00e1te, no ja ho pozn\u00e1m a\u017e ve\u013emi dobre na to, aby som V\u00e1m priniesla lukrat\u00edvny rozhovor s\u00a0t\u00fdmto mlad\u00fdm florbalistom.<\/p>\n","protected":false},"author":2,"featured_media":0,"comment_status":"open","ping_status":"open","sticky":false,"template":"","format":"standard","meta":{"footnotes":""},"categories":[19],"tags":[],"_links":{"self":[{"href":"https:\/\/noa.bart.sk\/index.php\/wp-json\/wp\/v2\/posts\/1782"}],"collection":[{"href":"https:\/\/noa.bart.sk\/index.php\/wp-json\/wp\/v2\/posts"}],"about":[{"href":"https:\/\/noa.bart.sk\/index.php\/wp-json\/wp\/v2\/types\/post"}],"author":[{"embeddable":true,"href":"https:\/\/noa.bart.sk\/index.php\/wp-json\/wp\/v2\/users\/2"}],"replies":[{"embeddable":true,"href":"https:\/\/noa.bart.sk\/index.php\/wp-json\/wp\/v2\/comments?post=1782"}],"version-history":[{"count":1,"href":"https:\/\/noa.bart.sk\/index.php\/wp-json\/wp\/v2\/posts\/1782\/revisions"}],"predecessor-version":[{"id":1783,"href":"https:\/\/noa.bart.sk\/index.php\/wp-json\/wp\/v2\/posts\/1782\/revisions\/1783"}],"wp:attachment":[{"href":"https:\/\/noa.bart.sk\/index.php\/wp-json\/wp\/v2\/media?parent=1782"}],"wp:term":[{"taxonomy":"category","embeddable":true,"href":"https:\/\/noa.bart.sk\/index.php\/wp-json\/wp\/v2\/categories?post=1782"},{"taxonomy":"post_tag","embeddable":true,"href":"https:\/\/noa.bart.sk\/index.php\/wp-json\/wp\/v2\/tags?post=1782"}],"curies":[{"name":"wp","href":"https:\/\/api.w.org\/{rel}","templated":true}]}}