{"id":1731,"date":"2020-01-26T20:42:56","date_gmt":"2020-01-26T18:42:56","guid":{"rendered":"http:\/\/noa.bart.sk\/?p=1731"},"modified":"2020-01-26T20:49:50","modified_gmt":"2020-01-26T18:49:50","slug":"lyziarsky-vycvik-drienica-2020","status":"publish","type":"post","link":"https:\/\/noa.bart.sk\/index.php\/2020\/01\/26\/lyziarsky-vycvik-drienica-2020\/","title":{"rendered":"Ly\u017eiarsky v\u00fdcvik \u2013 Drienica 2020"},"content":{"rendered":"<p><img loading=\"lazy\" decoding=\"async\" class=\" wp-image-1732 alignleft\" src=\"https:\/\/noa.bart.sk\/wp-content\/uploads\/83145033_602984010273013_7140277486289420288_n-300x225.jpg\" alt=\"83145033_602984010273013_7140277486289420288_n\" width=\"183\" height=\"137\" srcset=\"https:\/\/noa.bart.sk\/wp-content\/uploads\/83145033_602984010273013_7140277486289420288_n-300x225.jpg 300w, https:\/\/noa.bart.sk\/wp-content\/uploads\/83145033_602984010273013_7140277486289420288_n-80x60.jpg 80w, https:\/\/noa.bart.sk\/wp-content\/uploads\/83145033_602984010273013_7140277486289420288_n-768x576.jpg 768w, https:\/\/noa.bart.sk\/wp-content\/uploads\/83145033_602984010273013_7140277486289420288_n.jpg 1024w\" sizes=\"(max-width: 183px) 100vw, 183px\" \/>Od 13.1. do 17.1. 2020 sa \u0161tudenti 2. ro\u010dn\u00edka Obchodnej akad\u00e9mie z\u00fa\u010dastnili na ly\u017eiarskom v\u00fdcviku na Drienici. Na ly\u017eiarskom z\u00e1jazdu sa z\u00fa\u010dastnila cel\u00e1 moja trieda (2.E), \u010do bolo \u00fa\u017easn\u00e9. Mysl\u00edm si, \u017ee sme sa zas o\u00a0\u010dosi viac spoznali. Nielen medzi sebou navz\u00e1jom, ale aj s\u00a0profesormi.<!--more--><\/p>\n<p><img loading=\"lazy\" decoding=\"async\" class=\" wp-image-1736 alignleft\" src=\"https:\/\/noa.bart.sk\/wp-content\/uploads\/84492227_635503490530673_8857414185848406016_n-300x225.jpg\" alt=\"84492227_635503490530673_8857414185848406016_n\" width=\"236\" height=\"177\" srcset=\"https:\/\/noa.bart.sk\/wp-content\/uploads\/84492227_635503490530673_8857414185848406016_n-300x225.jpg 300w, https:\/\/noa.bart.sk\/wp-content\/uploads\/84492227_635503490530673_8857414185848406016_n-80x60.jpg 80w, https:\/\/noa.bart.sk\/wp-content\/uploads\/84492227_635503490530673_8857414185848406016_n-768x576.jpg 768w, https:\/\/noa.bart.sk\/wp-content\/uploads\/84492227_635503490530673_8857414185848406016_n.jpg 1024w\" sizes=\"(max-width: 236px) 100vw, 236px\" \/>Po\u010dasie sa ve\u013emi nevydarilo. Po\u010das cel\u00e9ho pobytu bola hmla. Vyjasnilo sa, a\u017e ke\u010f sme odch\u00e1dzali.<\/p>\n<p>Typick\u00fdm denn\u00fdm programom bol rann\u00fd a\u00a0poobed\u0148aj\u0161\u00ed v\u00fdcvik. Doobeda sme ly\u017eovali tri hodiny a\u00a0popoludn\u00ed len dve. Bolo to tro\u0161ku n\u00e1ro\u010dn\u00e9. U\u017e za socializmu in\u0161truktori zistili, \u017ee ly\u017eiari potrebuj\u00fa aspo\u0148 jeden de\u0148 na regener\u00e1ciu. Tak\u017ee v\u00a0stredu sme ly\u017eovali len doobeda. Popoludn\u00ed sme mali kr\u00e1snu t\u00faru a\u00a0po nej dobrovo\u013en\u00e9 k\u00fapanie na plav\u00e1rni.<\/p>\n<p>Jedlo mi celkom chutilo. V\u017edy bolo v\u0161etko tepl\u00e9. Jeden ve\u010der sme si objednali pizzu, ktor\u00fa robili oproti. Bola ve\u013ek\u00e1, <img loading=\"lazy\" decoding=\"async\" class=\" wp-image-1735 alignright\" src=\"https:\/\/noa.bart.sk\/wp-content\/uploads\/83399779_567143807475063_3475910079100747776_n-169x300.jpg\" alt=\"83399779_567143807475063_3475910079100747776_n\" width=\"103\" height=\"183\" srcset=\"https:\/\/noa.bart.sk\/wp-content\/uploads\/83399779_567143807475063_3475910079100747776_n-169x300.jpg 169w, https:\/\/noa.bart.sk\/wp-content\/uploads\/83399779_567143807475063_3475910079100747776_n-45x80.jpg 45w, https:\/\/noa.bart.sk\/wp-content\/uploads\/83399779_567143807475063_3475910079100747776_n.jpg 576w\" sizes=\"(max-width: 103px) 100vw, 103px\" \/>lacn\u00e1 a\u00a0aj tak nikomu nechutila. K\u00a0dispoz\u00edcii bol v\u017edy tepl\u00fd, no za to sladk\u00fd \u010daj.<\/p>\n<p>Ubytov\u0148a bola celkom zachoval\u00e1. Na jednej izbe bolo aj sedem diev\u010dat. To nebolo ve\u013emi pohodln\u00e9. Okrem n\u00e1s tam boli ubytovan\u00e9 aj \u010fal\u0161ie dve \u0161koly.<\/p>\n<p><img loading=\"lazy\" decoding=\"async\" class=\" wp-image-1733 alignleft\" src=\"https:\/\/noa.bart.sk\/wp-content\/uploads\/83157999_1466044410224773_2298874085473517568_n-300x225.jpg\" alt=\"83157999_1466044410224773_2298874085473517568_n\" width=\"163\" height=\"122\" srcset=\"https:\/\/noa.bart.sk\/wp-content\/uploads\/83157999_1466044410224773_2298874085473517568_n-300x225.jpg 300w, https:\/\/noa.bart.sk\/wp-content\/uploads\/83157999_1466044410224773_2298874085473517568_n-80x60.jpg 80w, https:\/\/noa.bart.sk\/wp-content\/uploads\/83157999_1466044410224773_2298874085473517568_n-768x576.jpg 768w, https:\/\/noa.bart.sk\/wp-content\/uploads\/83157999_1466044410224773_2298874085473517568_n.jpg 1024w\" sizes=\"(max-width: 163px) 100vw, 163px\" \/>Svah bol v\u00a0prv\u00e9 dni ve\u013emi dobre upraven\u00fd. V\u00a0piatok som bola rada, \u017ee odch\u00e1dzame, preto\u017ee sa oteplilo a\u00a0sneh bol dos\u0165 mokr\u00fd. V\u0161imla som si \u0161tyri pomy. Dve patrili k\u00a0modrej, tej men\u0161ej zjazdovke a\u00a0ostatn\u00e9 k\u00a0\u010dervenej. Na nej som aj jazdila. Zo za\u010diatku bola dos\u0165 strm\u00e1 a\u00a0nepreh\u013eadn\u00e1. Na malej sa u\u010dili v\u0161etci za\u010diato\u010dn\u00edci resp. nely\u017eiari. Na t\u00fdchto miestach bola st\u00e1le hust\u00e1 hmla. Dos\u0165 \u010dasto tam doch\u00e1dzalo k\u00a0\u00farazu. Aj m\u0148a tam spolu\u017eiak zrazil.<\/p>\n<p>Som ve\u013emi rada, \u017ee som sa mohla na ly\u017eiarskom z\u00e1jazde z\u00fa\u010dastni\u0165. Oplatilo sa to. Bolo to platen\u00e9 \u0161t\u00e1tom a\u00a0ka\u017ed\u00fd \u0161tudent na to m\u00e1 n\u00e1rok. Boli s\u00a0nami aj tak\u00ed, ktor\u00ed v\u00f4bec nely\u017eovali kv\u00f4li zdravotn\u00fdm \u0165a\u017ekostiam. Tak\u00fdto z\u00e1jazd by som prijala \u00a0ka\u017ed\u00fd rok.<\/p>\n<p>&nbsp;<\/p>\n<p>Karin<\/p>\n","protected":false},"excerpt":{"rendered":"<p>Od 13.1. do 17.1. 2020 sa \u0161tudenti 2. ro\u010dn\u00edka Obchodnej akad\u00e9mie z\u00fa\u010dastnili na ly\u017eiarskom v\u00fdcviku na Drienici. Na ly\u017eiarskom z\u00e1jazdu sa z\u00fa\u010dastnila cel\u00e1 moja trieda (2.E), \u010do bolo \u00fa\u017easn\u00e9. Mysl\u00edm&hellip;<\/p>\n","protected":false},"author":2,"featured_media":0,"comment_status":"open","ping_status":"open","sticky":false,"template":"","format":"standard","meta":{"footnotes":""},"categories":[1],"tags":[],"_links":{"self":[{"href":"https:\/\/noa.bart.sk\/index.php\/wp-json\/wp\/v2\/posts\/1731"}],"collection":[{"href":"https:\/\/noa.bart.sk\/index.php\/wp-json\/wp\/v2\/posts"}],"about":[{"href":"https:\/\/noa.bart.sk\/index.php\/wp-json\/wp\/v2\/types\/post"}],"author":[{"embeddable":true,"href":"https:\/\/noa.bart.sk\/index.php\/wp-json\/wp\/v2\/users\/2"}],"replies":[{"embeddable":true,"href":"https:\/\/noa.bart.sk\/index.php\/wp-json\/wp\/v2\/comments?post=1731"}],"version-history":[{"count":2,"href":"https:\/\/noa.bart.sk\/index.php\/wp-json\/wp\/v2\/posts\/1731\/revisions"}],"predecessor-version":[{"id":1739,"href":"https:\/\/noa.bart.sk\/index.php\/wp-json\/wp\/v2\/posts\/1731\/revisions\/1739"}],"wp:attachment":[{"href":"https:\/\/noa.bart.sk\/index.php\/wp-json\/wp\/v2\/media?parent=1731"}],"wp:term":[{"taxonomy":"category","embeddable":true,"href":"https:\/\/noa.bart.sk\/index.php\/wp-json\/wp\/v2\/categories?post=1731"},{"taxonomy":"post_tag","embeddable":true,"href":"https:\/\/noa.bart.sk\/index.php\/wp-json\/wp\/v2\/tags?post=1731"}],"curies":[{"name":"wp","href":"https:\/\/api.w.org\/{rel}","templated":true}]}}