{"id":1722,"date":"2019-11-30T19:02:53","date_gmt":"2019-11-30T17:02:53","guid":{"rendered":"http:\/\/noa.bart.sk\/?p=1722"},"modified":"2019-11-30T19:02:53","modified_gmt":"2019-11-30T17:02:53","slug":"imatrikulacia","status":"publish","type":"post","link":"https:\/\/noa.bart.sk\/index.php\/2019\/11\/30\/imatrikulacia\/","title":{"rendered":"Imatrikul\u00e1cia"},"content":{"rendered":"<p><img loading=\"lazy\" decoding=\"async\" class=\" wp-image-1724 alignleft\" src=\"https:\/\/noa.bart.sk\/wp-content\/uploads\/Im1-300x152.jpg\" alt=\"Im1\" width=\"201\" height=\"102\" srcset=\"https:\/\/noa.bart.sk\/wp-content\/uploads\/Im1-300x152.jpg 300w, https:\/\/noa.bart.sk\/wp-content\/uploads\/Im1-80x40.jpg 80w, https:\/\/noa.bart.sk\/wp-content\/uploads\/Im1-768x388.jpg 768w, https:\/\/noa.bart.sk\/wp-content\/uploads\/Im1.jpg 960w\" sizes=\"(max-width: 201px) 100vw, 201px\" \/>V\u00a0pondelok 18. novembra 2019 v\u00a0na\u0161ich prv\u00e1ckych stredo\u0161kolsk\u00fdch \u017eivotoch nastal jeden z\u00a0v\u00fdznamnej\u0161\u00edch dn\u00ed na tejto \u0161kole, a\u00a0to imatrikul\u00e1cia.<!--more--><\/p>\n<p><img loading=\"lazy\" decoding=\"async\" class=\" wp-image-1723 alignleft\" src=\"https:\/\/noa.bart.sk\/wp-content\/uploads\/Im-300x164.jpg\" alt=\"Im\" width=\"194\" height=\"106\" srcset=\"https:\/\/noa.bart.sk\/wp-content\/uploads\/Im-300x164.jpg 300w, https:\/\/noa.bart.sk\/wp-content\/uploads\/Im-80x44.jpg 80w, https:\/\/noa.bart.sk\/wp-content\/uploads\/Im-768x420.jpg 768w, https:\/\/noa.bart.sk\/wp-content\/uploads\/Im.jpg 960w\" sizes=\"(max-width: 194px) 100vw, 194px\" \/>R\u00e1no n\u00e1s \u010dakala t\u00e1 ofici\u00e1lnej\u0161ia \u010das\u0165. Na za\u010diatok predst\u00fapil na p\u00f3dium p\u00e1n riadite\u013e Ing. Peter Orsz\u00e1gh a\u00a0povedal p\u00e1r \u00favodn\u00fdch\u00a0 slov. Slovo prebrali moder\u00e1tori imatrikul\u00e1cie a\u00a0po nich nasledovala jedna z\u00a0\u010dast\u00ed kult\u00farneho programu. \u017dia\u010dka na\u0161ej \u0161koly sa predstavila \u00a0hrou na husliach a zapojila do toho aj spev\u00a0 \u013eudov\u00fdch piesn\u00ed. Ka\u017ed\u00e1 trieda\u00a0 sa predstavila so svojou b\u00e1sni\u010dkou alebo pr\u00edhovorom v\u00a0jed\u00e1lni pred cel\u00fdm u\u010dite\u013esk\u00fdm zborom v\u00a0peknom spolo\u010denskom oble\u010den\u00ed v\u00a0celej zostave na \u010dele s\u00a0triednou u\u010dite\u013ekou. Najprv sa predstavila s b\u00e1sni\u010dkou na\u0161a trieda ,1.A, s\u00a0triednou u\u010dite\u013ekou Annou Ga\u013eovou,\u00a0 ktorej sme na z\u00e1ver n\u00e1\u0161ho pr\u00edhovoru podarovali kvety ako ka\u017ed\u00e1 trieda. Po n\u00e1s sa predstavila trieda 1.B so svoj\u00edm pr\u00edhovorom a s\u00a0triednou u\u010dite\u013ekou Veronikou Polomskou .S predstavovan\u00edm neot\u00e1\u013eala ani du\u00e1lna trieda 1.C na \u010dele s\u00a0triednou u\u010dite\u013ekou Anabelou Gre\u0161ovou a\u00a0so svoj\u00edm pr\u00edhovorom. Plynule pokra\u010dovala bilingv\u00e1lna trieda 1.D so zastupuj\u00facou triednou u\u010dite\u013ekou Idik\u00f3 Komp\u00e9rovou a\u00a0s\u00a0pr\u00edhovorom spojen\u00fdm s\u00a0b\u00e1sni\u010dkou. Predstavovanie prv\u00e1ckych tried zakon\u010dila tie\u017e bilingv\u00e1lna trieda 1.E s\u00a0triednou u\u010dite\u013ekou Jozef\u00ednou Fri\u010dovou a\u00a0\u00a0milou b\u00e1sni\u010dkou. Z\u00e1ver ofici\u00e1lneho programu zakon\u010dil hip-hopov\u00fd tanec a\u00a0my prv\u00e1ci sme po tejto imatrikul\u00e1ci\u00ed absolvovali aj spozn\u00e1vacie aktivity.<\/p>\n<p><img loading=\"lazy\" decoding=\"async\" class=\" wp-image-1725 alignleft\" src=\"https:\/\/noa.bart.sk\/wp-content\/uploads\/Im2-300x149.jpg\" alt=\"Im2\" width=\"189\" height=\"94\" srcset=\"https:\/\/noa.bart.sk\/wp-content\/uploads\/Im2-300x149.jpg 300w, https:\/\/noa.bart.sk\/wp-content\/uploads\/Im2-80x40.jpg 80w, https:\/\/noa.bart.sk\/wp-content\/uploads\/Im2-768x382.jpg 768w, https:\/\/noa.bart.sk\/wp-content\/uploads\/Im2.jpg 960w\" sizes=\"(max-width: 189px) 100vw, 189px\" \/>V\u0161etci sme sa v\u0161ak viac te\u0161ili na druh\u00fa poobedn\u00fa \u010das\u0165 imatrikul\u00e1cie v\u00a0Taba\u010dke, kde sme mali pod\u013ea tohtoro\u010dnej t\u00e9my pr\u00eds\u0165 oble\u010den\u00ed a\u00a0laden\u00ed do \u010dierno-biela. Na\u0161e triedy sme na\u0161li na jednotliv\u00fdch \u00fasekoch pri stoli\u010dk\u00e1ch, kde sme s\u00a0nap\u00e4t\u00edm \u010dakali, \u010do sa bude dia\u0165. Tretiaci, ktor\u00ed tento ve\u010dern\u00fd program pripravovali, osobitne ka\u017ed\u00e9mu pod\u013ea triedy zavesili vtipn\u00e9 ozna\u010denie s\u00a0na\u0161imi menami alebo bez. Predstavili sa n\u00e1m moder\u00e1tori a\u00a0postupne uv\u00e1dzali jednotliv\u00e9 triedy pod\u013ea poradia, kde ka\u017ed\u00e1 mala splni\u0165 jednotliv\u00e9 zadania a\u00a0po\u017eiadavky. Nasledovala pr\u00edsaha prv\u00e1ckych tried a\u00a0oce\u0148ovanie. No a na \u010do sme sa te\u0161ili my prv\u00e1ci najviac, bola ve\u010dern\u00e1 diskot\u00e9ka, ktor\u00fa sme si v\u0161etci dos\u00fdta u\u017eili.<\/p>\n<p>Viky<\/p>\n","protected":false},"excerpt":{"rendered":"<p>V\u00a0pondelok 18. novembra 2019 v\u00a0na\u0161ich prv\u00e1ckych stredo\u0161kolsk\u00fdch \u017eivotoch nastal jeden z\u00a0v\u00fdznamnej\u0161\u00edch dn\u00ed na tejto \u0161kole, a\u00a0to imatrikul\u00e1cia.<\/p>\n","protected":false},"author":2,"featured_media":0,"comment_status":"open","ping_status":"open","sticky":false,"template":"","format":"standard","meta":{"footnotes":""},"categories":[1],"tags":[],"_links":{"self":[{"href":"https:\/\/noa.bart.sk\/index.php\/wp-json\/wp\/v2\/posts\/1722"}],"collection":[{"href":"https:\/\/noa.bart.sk\/index.php\/wp-json\/wp\/v2\/posts"}],"about":[{"href":"https:\/\/noa.bart.sk\/index.php\/wp-json\/wp\/v2\/types\/post"}],"author":[{"embeddable":true,"href":"https:\/\/noa.bart.sk\/index.php\/wp-json\/wp\/v2\/users\/2"}],"replies":[{"embeddable":true,"href":"https:\/\/noa.bart.sk\/index.php\/wp-json\/wp\/v2\/comments?post=1722"}],"version-history":[{"count":1,"href":"https:\/\/noa.bart.sk\/index.php\/wp-json\/wp\/v2\/posts\/1722\/revisions"}],"predecessor-version":[{"id":1727,"href":"https:\/\/noa.bart.sk\/index.php\/wp-json\/wp\/v2\/posts\/1722\/revisions\/1727"}],"wp:attachment":[{"href":"https:\/\/noa.bart.sk\/index.php\/wp-json\/wp\/v2\/media?parent=1722"}],"wp:term":[{"taxonomy":"category","embeddable":true,"href":"https:\/\/noa.bart.sk\/index.php\/wp-json\/wp\/v2\/categories?post=1722"},{"taxonomy":"post_tag","embeddable":true,"href":"https:\/\/noa.bart.sk\/index.php\/wp-json\/wp\/v2\/tags?post=1722"}],"curies":[{"name":"wp","href":"https:\/\/api.w.org\/{rel}","templated":true}]}}