{"id":1702,"date":"2019-11-20T18:50:49","date_gmt":"2019-11-20T16:50:49","guid":{"rendered":"http:\/\/noa.bart.sk\/?p=1702"},"modified":"2019-11-20T18:50:49","modified_gmt":"2019-11-20T16:50:49","slug":"linterview-avec-le-prof-lukac","status":"publish","type":"post","link":"https:\/\/noa.bart.sk\/index.php\/2019\/11\/20\/linterview-avec-le-prof-lukac\/","title":{"rendered":"L\u2018interview avec le prof Luk\u00e1\u010d"},"content":{"rendered":"<ol>\n<li><strong><u>Comment d\u00e9cririez-vous vos \u00e9tudes au lyc\u00e9e? Avez-vous quelques exp\u00e9riences que vous voudriez partager?<\/u><\/strong><\/li>\n<\/ol>\n<p><img loading=\"lazy\" decoding=\"async\" class=\" wp-image-1700 alignleft\" src=\"https:\/\/noa.bart.sk\/wp-content\/uploads\/Miki-188x300.jpg\" alt=\"Miki\" width=\"129\" height=\"206\" srcset=\"https:\/\/noa.bart.sk\/wp-content\/uploads\/Miki-188x300.jpg 188w, https:\/\/noa.bart.sk\/wp-content\/uploads\/Miki-50x80.jpg 50w, https:\/\/noa.bart.sk\/wp-content\/uploads\/Miki.jpg 601w\" sizes=\"(max-width: 129px) 100vw, 129px\" \/>Comme etudiant je n&#8217;\u00e9tais le meilleur de la classe ni le pire. J&#8217;\u00e9tais fort en langues et j&#8217;ai aim\u00e9 l&#8217;histoire et l&#8217;\u00e9ducation civique. Par contre je n&#8217;ai pas eu de bons resultats de mathematiques, chimie ou SVT. Dans la classe j&#8217;\u00e9tais assis au premier rang pr\u00e8s de la table de professeur, donc j&#8217;essayais de comprendre et de m\u00e9moriser le plus \u00e0 l&#8217;\u00e9cole et puis sortir avec les amis l&#8217;apr\u00e8s-midi. En ce qui concerne mon absence \u00e0 l&#8217;\u00e9cole je manquais seulement 10-20 heures par l&#8217;ann\u00e9e scolaire, une fois m\u00eame je n&#8217;ai pas eu d&#8217;absence pendant toute ann\u00e9e. Mais je me d\u00e9crirais comme un \u00e9tudiant sage mais un peu d\u00e9concentr\u00e9.<!--more--><\/p>\n<p>&nbsp;<\/p>\n<ol start=\"2\">\n<li><strong><u>Pourquoi la philosophie et le fran\u00e7ais?<\/u><\/strong><\/li>\n<\/ol>\n<p>Quand j\u2019\u00e9tais petit, d\u00e9j\u00e0 \u00e0 l\u2019\u00e2ge de 7-8 ans, mon p\u00e8re me for\u00e7ait d\u2019apprendre les langues. Il me disait toujours que c\u2019est tr\u00e8s important pour mon avenir. Et comme il parlait le fran\u00e7ais et le russe, pas l\u2019anglais, il essayait de m\u2019enseigner les bases du fran\u00e7ais parce que le russe \u00e9tait apper\u00e7u comme demod\u00e9. Maintenant je suis un peu d\u00e9\u00e7u que je ne maitrise pas le russe parce que je pense que il est aussi beau et important de nos jours que le fran\u00e7ais ou l\u2019anglais. En plus en \u00e9tudiant au lyc\u00e9\u00e9 nous avons fait des tests psychologiques. J\u2019\u00e9tais qualifi\u00e9 comme tr\u00e9s dou\u00e9 en langues. Voil\u00e1 quelques raison pourquoi le fran\u00e7ais.<\/p>\n<p>Et la philosophie\u00a0? Entre les camarades de classe nous avons eu souvent de d\u00e9bats m\u00eame de disputes sur diff\u00e9rents sujets de notre soci\u00e9t\u00e9 et politique. J\u2019ai toujours voulu etre plus persuasif et savoir donner de forts arguments. Comme \u00e7a j\u2019ai commenc\u00e9 \u00e0 m\u2019interesser plus \u00e0 la logique, au raisonnement et \u00e0 la fa\u00e7on correcte de r\u00e9flechir et d\u2019argumenter. Je pense que la logique est tr\u00e8s important. Nos \u00e9tudiants ne savent pas argumenter, et parfois, ce qui est pire, n\u2019ont pas d\u2019opinion sur les sujets actuels qui plus ou moins touchent leurs vies. Essayez de demander leur point de vue sur Brexit. Ils ne lisent pas beaucoup et c\u2019est parfois la raison pourquoi ils n\u2019ont pas d\u2019opinion ou ne savent pas la supporter.<\/p>\n<p>&nbsp;<\/p>\n<p>&nbsp;<\/p>\n<ol start=\"3\">\n<li><strong><u>Est-ce que vous avez toujours voulu \u00eatre professeur\u00a0?<\/u><\/strong><\/li>\n<\/ol>\n<p>Non, pas du tout. Je dirais que je voulais seulement combiner la philosophie et le fran\u00e7ais pour mes \u00e9tudes universitaires. L\u2019une des possibilit\u00e9s \u00e9tait la p\u00e9dagogie des mati\u00e8res scolaires: le fran\u00e7ais et l\u2019instruction civique. Apr\u00e8s les \u00e9tudes master, j\u2019ai continu\u00e9 encore 3 ans pour obtenir mon doctorat de la philosophie syst\u00e9matique.<\/p>\n<p>&nbsp;<\/p>\n<ol start=\"4\">\n<li><strong><u>O\u00f9 avez-vous travaill\u00e9 avant d&#8217;enseigner \u00e0 notre \u00e9cole?<\/u><\/strong><\/li>\n<\/ol>\n<p>Apr\u00e8s mes \u00e9tudes universitaires j\u2019ai enseign\u00e9 le fran\u00e7ais au Sud de l\u2019Italie pendant 8 mois. C\u2019\u00e9tait \u00e0 Ruvo di Puglia pr\u00e8s de Bari. Il s\u2019agit d\u2019une tr\u00e8s jolie exp\u00e9rience l\u00e0-bas. J\u2019\u00e9tais impression\u00e9 par leur mentalit\u00e9. La vie calme, sans stresser. Quand j\u2019\u00e9tais retourn\u00e9, J\u2019ai travaill\u00e9 ici en Slovaquie dans une entreprise fran\u00e7aise \u2013 un fournisseur pour l\u2019industrie automobile. Mais seulement pour une p\u00e9riode courte.<\/p>\n<p>&nbsp;<\/p>\n<ol start=\"5\">\n<li><strong><u>Que pensez-vous de travailler avec les jeunes d&#8217;aujourd&#8217;hui? Ce m\u00e9tier a-t-il r\u00e9pondu \u00e0 vos attentes?<\/u><\/strong><\/li>\n<\/ol>\n<p>\u00c1 vrai dire, je n\u2019avais jamais imagin\u00e9 de devenir le prof. Il s\u2019agit d\u2019un tr\u00e8s jolie m\u00e9tier qui vous enseigne beaucoup, m\u00eame si c\u2019est vous qui \u00eates enseignant. Il faut avoir beaucoup de patience avec les jeunes et avoir un approche diff\u00e9rent \u00e0 chaque \u00e9l\u00e8ve. Bien sur il y a\u00a0les classes o\u00f9 j\u2019aime entrer et les classe o\u00f9 je n\u2019ai pas du tout envie. Nous sommes aussi les gens et pas les robots. Nous devons nous persuader de la m\u00eame fa\u00e7on comme vous\u00a0 quand vous apprenez les choses que vous \u00e9valuez comme pas tr\u00e9s importants.<\/p>\n<p>Et si le m\u00e9tier a r\u00e9pondu \u00e0 mes attentes? Je dirais que oui. Vous devez aimez ce que vous faites et puis les relations entre les profs et les \u00e9tudiants sont plus ouverts.<\/p>\n<p>&nbsp;<\/p>\n<ol start=\"6\">\n<li><strong><u>Qu&#8217;est-ce qui vous frustre le plus chez les \u00e9tudiants et le syst\u00e8me \u00e9ducatif en tant que tel; et vice-versa, que trouvez-vous assez motivant pour se lever tous les matins et aller \u00e0 l\u2019\u00e9cole?<\/u><\/strong><\/li>\n<\/ol>\n<p>Je pense que le vrai professeur est celui qui attire l\u2019int\u00e9r\u00eat des \u00e9tudiants aux sujets qu\u2019ils d\u00e9testent ou auxquels ils ne se sont jamais interess\u00e9s. C\u2019est une t\u00e2che dure pour nous les professeurs. Aujourd\u2019hui il y a plein de choses par lesquelles les jeunes sont distraits. Ils pr\u00e9f\u00e9rent\u00a0 de chatter sur le portable avec les amis, de gaspiller le temps en regardant les s\u00e9ries-t\u00e9l\u00e9, faisant des choses stupides ou m\u00eame en faisant rien. Les jeunes que nous enseignons c\u2019est notre futur. Je suis content si je r\u00e9ussis \u00e0 \u00e9voquer un int\u00e9r\u00eat, une r\u00e9flexion ou une auto-\u00e9valuation chez les jeunes. Et c\u2019est ma motivation pour me lever tous les matins et aller \u00e0 l\u2019\u00e9cole.<\/p>\n<p>&nbsp;<\/p>\n<ol start=\"7\">\n<li><strong><u>Qu\u2019 est-ce que vous aimez faire dans votre temps libre?<\/u><\/strong><\/li>\n<\/ol>\n<p>J\u2019aime faire du jogging. C\u2019est ma passion. Pas seulement les courses classiques mais aussi les\u00a0\u201eultra-trail\u201c. Cela veut dire courrir dans la nature plus de 50 km, quelquefois plus de 100 km. C\u2019est mon style de m\u00e9ditation et de l\u2019\u00e9chapp\u00e9e de la vie quotidienne. Quand vous courrez 18-20 heures c\u2019est comme vous vivriez une vie dans la vie. Vous n\u2019allez pas me croire mais comme ado je d\u00e9testais la course. Puisque l\u2019homme \u00e9volue, chang\u00e9\u00a0 et aujourd\u2019hui je ne peut pas imaginer 3 jours sans courrir. Normalement la moyenne est 50-70 km par semaine. C\u2019est aussi mon conseil aux jeunes. Bougez-vous manger sainement et votre sant\u00e9 va vous remecier.<\/p>\n<p>Mais j\u2019ai aussi les loisirs comme les autres: regarder les com\u00e9dies et les bons films, suivre les matchs de football sur les stades, voyager beaucoup et comme tout le monde relaxer et reposer sans rien faire.<\/p>\n<p>&nbsp;<\/p>\n<ol start=\"8\">\n<li><strong><u>O\u00f9 \u00eates-vous d\u00e9j\u00e0 all\u00e9 dans le monde?<\/u><\/strong><\/li>\n<\/ol>\n<p>\u00c0 vrai dire j\u2019ai visit\u00e9 seulement les pays europ\u00e9ens. La majorit\u00e9 concerne l\u2019Europe occidentale. Il y en a\u00a0beaucoup mais pour mentionner les plus importants ce sont La France, L\u2019Italie, La Su\u00e9de, La Belgique. J\u2019aime l\u2019Italie le plus. Une fois je voudrais visiter les pays de l\u2019Amerique du Sud, par exemple l\u2019Uruguay ou le Venezuela. De l\u2019Asie c\u2019est Cor\u00e9e du Nord pour voir \u00e0 mes propres yeux la vie l\u00e0-bas et si le r\u00e9gime est tellement cruel comme on nous le dit dans les m\u00e9dias.<\/p>\n<p>&nbsp;<\/p>\n<ol start=\"9\">\n<li><strong><u>Que vous aimez le plus sur le France?<\/u><\/strong><\/li>\n<\/ol>\n<p>J\u2019aime leur langue, le pays, la gastronomie et le cin\u00e9ma.\u00a0 Par contre quelquefois je n\u2019appr\u00e9cie pas la fiert\u00e9 des Fran\u00e7ais.<\/p>\n<p>&nbsp;<\/p>\n<ol start=\"10\">\n<li><strong><u>Quel sont votre livre et votre film favoris?<\/u><\/strong><\/li>\n<\/ol>\n<p>J\u2019aime lire tout ce qui va enrichir ma pens\u00e9e et mes id\u00e9es.<\/p>\n<p>De films j\u2019aime le plus la triologie Retour vers le futur (Back to the future) qui est de la cin\u00e9matographie am\u00e9ricaine de 1985 \u00e0 1990. Comme il s\u2019agit d\u2019un film de voyage dans le temps, je suis toujours impr\u00e9ssion\u00e9 par les d\u00e9tails auxquels auteurs pensaient pendant le tournage dans toutes les trois parties.<\/p>\n<p>&nbsp;<\/p>\n<ol start=\"11\">\n<li><strong><u>Qui est votre philosophe favouri et quel est votre philosophie de la vie?<\/u><\/strong><\/li>\n<\/ol>\n<p>Pendant diff\u00e9rentes \u00e9tapes de la vie j\u2019ai aim\u00e9 ou j\u2019ai \u00e9t\u00e9 partisan de\u00a0 diff\u00e9rentes philosophies et diff\u00e9rents auteurs. Je pense que chaque personne \u00e9volue et change. Une personne qui reste toujours sur une meme point n\u2019\u00e9volue pas, donc ne sait pas accepter des nouvelles id\u00e9es et des nouvelles tendances. Je ne dit pas qu\u2019il faut accepter tout ce qui est nouveau. Mais il faut r\u00e9flechir et savoir supporter pourquoi oui et pourquoi non. Il ne faut pas \u00eatre t\u00eatu. Donc je n\u2019ai pas une philosophie de la vie.<\/p>\n<p>&nbsp;<\/p>\n<ol start=\"12\">\n<li><strong><u>Si vous aviez le pouvoir de changer quoi que ce soit \u00e0 propos de ce monde, ce serait quoi?<\/u><\/strong><\/li>\n<\/ol>\n<p>Je prendrais de l\u2019argent des gens riches et je le redistribuerais aux gens des pays du tiers-monde. Je pense que les diff\u00e9rences entre les gens dans le monde entier sont inadmissible. M\u00eame en Slovaquie ici c\u2019est un peu bizzarre. Vous savez comme nous avons la journ\u00e9e des narcisses. Il y a une collecte de l\u2019argent pour les malades qui sont touch\u00e9s par le cancer. Je suis tout \u00e0 fait d\u2019accord. Les b\u00e9n\u00e9voles ont rassembl\u00e9 cette ann\u00e9e plus d\u2019 1 million euro. Mais 16 grandes entreprises en Slovaquie en 2018 ont eu le profit (pas la recette) plus de 100 million d\u2019euro. Cette disproportionnalit\u00e9 m\u2019\u00e9tonne. On demande des sous de gens qui gagne 600-700 euro par mois, et les grandes entreprises ont d\u2019\u00e9normes b\u00e9nefices et les augumentent encore.<\/p>\n<p>&nbsp;<\/p>\n<ol start=\"13\">\n<li><strong><u>Y a-t-il quelque chose que vous avez toujours voulu faire mais que vous n&#8217;avez pas encore fait?<\/u><\/strong><\/li>\n<\/ol>\n<p>Il faut avoir les r\u00eaves bien s\u00fbr. Moi aussi j\u2019en ai quelques. Je vais les garder pour moi\u00a0J.<\/p>\n<p>Et si je regrette quelque chose\u00a0de mes d\u00e9cisions? Peut-\u00eatre que je ne suis pas rest\u00e9 en Italie quand j\u2019ai eu la possibilit\u00e9 et je suis retourn\u00e9 en Slovaquie. Mais c\u2019est la vie. On va toujours r\u00e9flechir sur cela ce qu\u2019on n\u2019a pas fait.<\/p>\n<p>&nbsp;<\/p>\n<ol start=\"14\">\n<li><strong><u>Avez-vous des conseils \u00e0 donner aux \u00e9tudiants dipl\u00f4m\u00e9s pour l&#8217;universit\u00e9 et pour rejoindre la soci\u00e9t\u00e9?<\/u><\/strong><\/li>\n<\/ol>\n<p>J\u2019aime le proverbe: \u201eSi tu essaies, tu as une chance de perdre. Si tu n\u2019essaies pas, tu as d\u00e9j\u00e0 perdu.\u201d<\/p>\n<p>Il faut avoir la confiance en soi et profiter de toutes les possibilities que la vie vous apportera. Et mon deuxi\u00e8me conseil: Etudier les langues, quelconques!<\/p>\n<p>&nbsp;<\/p>\n<p>&nbsp;<\/p>\n<p>&nbsp;<\/p>\n","protected":false},"excerpt":{"rendered":"<p>Comment d\u00e9cririez-vous vos \u00e9tudes au lyc\u00e9e? Avez-vous quelques exp\u00e9riences que vous voudriez partager? Comme etudiant je n&#8217;\u00e9tais le meilleur de la classe ni le pire. J&#8217;\u00e9tais fort en langues et&hellip;<\/p>\n","protected":false},"author":2,"featured_media":0,"comment_status":"open","ping_status":"open","sticky":false,"template":"","format":"standard","meta":{"footnotes":""},"categories":[17],"tags":[],"_links":{"self":[{"href":"https:\/\/noa.bart.sk\/index.php\/wp-json\/wp\/v2\/posts\/1702"}],"collection":[{"href":"https:\/\/noa.bart.sk\/index.php\/wp-json\/wp\/v2\/posts"}],"about":[{"href":"https:\/\/noa.bart.sk\/index.php\/wp-json\/wp\/v2\/types\/post"}],"author":[{"embeddable":true,"href":"https:\/\/noa.bart.sk\/index.php\/wp-json\/wp\/v2\/users\/2"}],"replies":[{"embeddable":true,"href":"https:\/\/noa.bart.sk\/index.php\/wp-json\/wp\/v2\/comments?post=1702"}],"version-history":[{"count":1,"href":"https:\/\/noa.bart.sk\/index.php\/wp-json\/wp\/v2\/posts\/1702\/revisions"}],"predecessor-version":[{"id":1703,"href":"https:\/\/noa.bart.sk\/index.php\/wp-json\/wp\/v2\/posts\/1702\/revisions\/1703"}],"wp:attachment":[{"href":"https:\/\/noa.bart.sk\/index.php\/wp-json\/wp\/v2\/media?parent=1702"}],"wp:term":[{"taxonomy":"category","embeddable":true,"href":"https:\/\/noa.bart.sk\/index.php\/wp-json\/wp\/v2\/categories?post=1702"},{"taxonomy":"post_tag","embeddable":true,"href":"https:\/\/noa.bart.sk\/index.php\/wp-json\/wp\/v2\/tags?post=1702"}],"curies":[{"name":"wp","href":"https:\/\/api.w.org\/{rel}","templated":true}]}}