{"id":1699,"date":"2019-11-20T18:47:16","date_gmt":"2019-11-20T16:47:16","guid":{"rendered":"http:\/\/noa.bart.sk\/?p=1699"},"modified":"2019-11-20T18:47:16","modified_gmt":"2019-11-20T16:47:16","slug":"interview-s-pp-lukacom","status":"publish","type":"post","link":"https:\/\/noa.bart.sk\/index.php\/2019\/11\/20\/interview-s-pp-lukacom\/","title":{"rendered":"Interview s pp Luk\u00e1\u010dom"},"content":{"rendered":"<p><strong>\u00a0<\/strong><\/p>\n<ol>\n<li><strong><u>Ako by ste charakterizovali va\u0161e \u0161t\u00fadium na gymn\u00e1ziu\/strednej \u0161kole? M\u00e1te nejak\u00e9 z\u00e1\u017eitky, o\u00a0ktor\u00e9 by ste sa chceli podeli\u0165?<\/u><\/strong><\/li>\n<\/ol>\n<p><img loading=\"lazy\" decoding=\"async\" class=\" wp-image-1700 alignleft\" src=\"https:\/\/noa.bart.sk\/wp-content\/uploads\/Miki-188x300.jpg\" alt=\"Miki\" width=\"103\" height=\"164\" srcset=\"https:\/\/noa.bart.sk\/wp-content\/uploads\/Miki-188x300.jpg 188w, https:\/\/noa.bart.sk\/wp-content\/uploads\/Miki-50x80.jpg 50w, https:\/\/noa.bart.sk\/wp-content\/uploads\/Miki.jpg 601w\" sizes=\"(max-width: 103px) 100vw, 103px\" \/>Ako \u0161tudent som nebol ten najlep\u0161\u00ed, ale ani ten najhor\u0161\u00ed \u017eiak v triede. U\u010denie jazykov mi i\u0161lo a mal som r\u00e1d dejepis a\u00a0n\u00e1uku o\u00a0spolo\u010dnosti (dne\u0161n\u00fa ob\u010diansk\u00fa v\u00fdchovu). Na druhej strane som nemal dobr\u00e9 v\u00fdsledky z matematiky, ch\u00e9mie alebo biol\u00f3gie. Na strednej \u0161kole som sedel zvy\u010dajne v prvom rade, pred u\u010dite\u013eskou katedrou, aby som sa \u010do najviac nau\u010dil a zapam\u00e4tal si v \u0161kole, a potom poobede som mohol \u00eds\u0165 von s kamar\u00e1tmi. \u010co sa t\u00fdka mojej absencie, niekedy som vynechal iba 10-20 hod\u00edn za cel\u00fd \u0161kolsk\u00fd rok, dokonca po\u010das jedn\u00e9ho \u0161kolsk\u00e9ho roka som v\u00f4bec nech\u00fdbal. No op\u00edsal by som sa ako rozumn\u00fd \u0161tudent, ktor\u00fd bol dos\u0165 \u010dasto roztr\u017eit\u00fd.<!--more--><\/p>\n<p>&nbsp;<\/p>\n<p>&nbsp;<\/p>\n<ol start=\"2\">\n<li><strong><u>Pre\u010do pr\u00e1ve filozofia a\u00a0franc\u00faz\u0161tina? <\/u><\/strong><\/li>\n<\/ol>\n<p>Ke\u010f som bol mal\u00fd, u\u017e ako 7 \u010di 8-ro\u010dn\u00e9ho ma otec tla\u010dil do u\u010denia jazykov. V\u017edy mi hovorieval, ak\u00e9 je to d\u00f4le\u017eit\u00e9 pre moju bud\u00facnos\u0165. Ke\u010f\u017ee hovoril po franc\u00fazsky a rusky, nie v\u0161ak po anglicky, sna\u017eil sa ma nau\u010di\u0165 z\u00e1klady franc\u00faz\u0161tiny, preto\u017ee ru\u0161tina bola vn\u00edmania ako zastaran\u00e1. Teraz som v\u0161ak mierne sklaman\u00fd, \u017ee som sa neu\u010dil po rusky, ke\u010f\u017ee si mysl\u00edm, \u017ee je ako jazyk s\u00fa\u010dasne rovnako pekn\u00fd a d\u00f4le\u017eit\u00fd ako franc\u00faz\u0161tina \u010di angli\u010dtina. Ke\u010f som bol na gymn\u00e1ziu, pre\u0161li sme si aj psychologick\u00fdm testovan\u00edm. V\u00fdsledky uk\u00e1zali, \u017ee som nadan\u00fd na jazyky, tak\u017ee aj to je jeden z d\u00f4vodov pre\u010do pr\u00e1ve franc\u00faz\u0161tina.<\/p>\n<p>A filozofia\u00a0? \u010casto sme ako spolu\u017eiaci viedli debaty o r\u00f4znych t\u00e9mach t\u00fdkaj\u00facich sa na\u0161ej spolo\u010dnosti a politiky, niekedy sme sa na nie\u010dom aj poh\u00e1dali. V\u017edy som chcel by\u0165 presved\u010div\u00fd a z\u00e1rove\u0148 som chcel vedie\u0165 prispie\u0165 \u010do najsilnej\u0161\u00edmi argumentmi. A tak som sa za\u010dal zauj\u00edma\u0165 viac o logiku, zd\u00f4vod\u0148ovanie a o spr\u00e1vne sp\u00f4soby ako uva\u017eova\u0165 a argumentova\u0165. Mysl\u00edm si, \u017ee logika a kritick\u00e9 myslenie s\u00fa ve\u013emi d\u00f4le\u017eit\u00e9. \u010casto \u0161tudenti nevedia ako argumentova\u0165, a niekedy, \u010do je e\u0161te hor\u0161ie, nemaj\u00fa v\u00f4bec ani vlastn\u00fd n\u00e1zor na aktu\u00e1lne dianie, ktor\u00e9 ovplyv\u0148uje, vo ve\u013ekom \u010di v malom rozsahu, ich \u017eivoty. Pok\u00faste sa ich sp\u00fdta\u0165 na ich osobn\u00fd n\u00e1zor na Brexit&#8230; Dostato\u010dne ne\u010d\u00edtaj\u00fa a to je d\u00f4vod pre\u010do niekedy nemaj\u00fa vlastn\u00fa mienku, alebo si nedok\u00e1\u017eu svoj uhol poh\u013eadu adekv\u00e1tne obr\u00e1ni\u0165.<\/p>\n<p>&nbsp;<\/p>\n<p>&nbsp;<\/p>\n<ol start=\"3\">\n<li><strong><u>V\u017edy ste chceli by\u0165 u\u010dite\u013eom?<\/u><\/strong><\/li>\n<\/ol>\n<p>Nie, v\u00f4bec nie. Len som povedal, \u017ee jednoducho chcem skombinova\u0165 filozofiu s franc\u00faz\u0161tinou v\u00a0mojom \u010fal\u0161om \u0161t\u00fadiu na vysokej \u0161kole. Jedna z mo\u017enost\u00ed bola vyu\u010dovanie \u0161kolsk\u00fdch predmetov \u2013 franc\u00faz\u0161tiny a ob\u010dianskej n\u00e1uky. Po mojom magisterskom \u0161t\u00fadiu som pokra\u010doval \u010fal\u0161ie 3 roky, aby som z\u00edskal doktor\u00e1t zo systematickej filozofie.<\/p>\n<p>&nbsp;<\/p>\n<ol start=\"4\">\n<li><strong><u>Kde ste pracovali predt\u00fdm ne\u017e ste nast\u00fapili na na\u0161u \u0161kolu?<\/u><\/strong><\/li>\n<\/ol>\n<p>Po mojom \u0161t\u00fadiu na vysokej \u0161kole som vyu\u010doval osem mesiacov franc\u00fazsky jazyk na juhu Talianska. Bolo to v Ruvo di Puglia, meste\u010dko pri Bari. Pre\u017eil som tu jedny z mojich najlep\u0161\u00edch chv\u00ed\u013e. Bol som priam o\u010daren\u00fd ich mentalitou \u2013 pokojn\u00fdm \u017eivotom bez stresu. Ke\u010f som sa vr\u00e1til, pracoval som tu na Slovensku vo franc\u00fazskej firme, ktor\u00e1 sa \u0161pecializovala na export v oblasti automobilov\u00e9ho priemyslu. To v\u0161ak bolo len na kr\u00e1tke obdobie.<\/p>\n<p><strong><u>\u00a0<\/u><\/strong><\/p>\n<ol start=\"5\">\n<li><strong><u>Ako sa v\u00e1m pracuje s\u00a0dne\u0161nou ml\u00e1de\u017eou? Splnilo toto povolanie va\u0161e o\u010dak\u00e1vania?<\/u><\/strong><\/li>\n<\/ol>\n<p>Pravdupovediac, nikdy som si nepredstavoval, \u017ee sa stanem profesorom. Je to ve\u013emi kr\u00e1sne povolanie, ktor\u00e9 v\u00e1s zato ve\u013ea nau\u010d\u00ed, i napriek tomu, \u017ee vy ste t\u00fdm, ktor\u00fd vyu\u010duje. Treba ma\u0165 ve\u013ea trpezlivosti s\u00a0mlad\u00fdmi a\u00a0takisto ma\u0165 individu\u00e1lny pr\u00edstup ku ka\u017ed\u00e9mu \u017eiakovi. Samozrejme, \u017ee s\u00fa triedy, do ktor\u00fdch r\u00e1d vkro\u010d\u00edm, a\u00a0naopak tak\u00e9, do ktor\u00fdch sa mi v\u00f4bec nechce. Takisto sme len \u013eudia a\u00a0nie roboti&#8230; Mus\u00edme sa rovnako n\u00fati\u0165 robi\u0165 veci, ktor\u00e9 n\u00e1s nebavia, ako sa vy \u017eiaci mus\u00edte n\u00fati\u0165 u\u010di\u0165 veci, ktor\u00e9 pova\u017eujete za menej d\u00f4le\u017eit\u00e9. A\u00a0\u010di toto povolanie zodpoved\u00e1 mojim o\u010dak\u00e1vaniam? Povedal by som, \u017ee \u00e1no. Mus\u00edte ma\u0165 radi to, \u010do rob\u00edte a\u00a0potom s\u00fa aj vz\u0165ahy medzi profesormi a\u00a0\u017eiakmi d\u00f4vernej\u0161ie.<\/p>\n<p>&nbsp;<\/p>\n<ol start=\"6\">\n<li><strong><u>\u010co v\u00e1s najviac frustruje na \u017eiakoch a\u00a0\u0161kolskom syst\u00e9me ako takom; a\u00a0naopak \u2013 \u010do v\u00e1s motivuje ka\u017ed\u00e9 r\u00e1no vsta\u0165 a\u00a0\u00eds\u0165 do \u0161koly?<\/u><\/strong><\/li>\n<\/ol>\n<p>Mysl\u00edm si, \u017ee prav\u00fd u\u010dite\u013e je tak\u00fd, ktor\u00fd dok\u00e1\u017ee vzbudi\u0165 z\u00e1ujem o\u00a0predmety aj v\u00a0\u017eiakoch, ktor\u00fdch dan\u00e9 predmety absol\u00fatne nezauj\u00edmaj\u00fa alebo ich dokonca nen\u00e1vidia. To je \u0165a\u017ek\u00e1 \u00faloha pre v\u0161etk\u00fdch n\u00e1s u\u010dite\u013eov. Dnes je kopa vec\u00ed, pre ktor\u00e9 s\u00fa mlad\u00ed nepozorn\u00ed. Maj\u00fa rad\u0161ej chatovanie na mobiloch s\u00a0kamar\u00e1tmi, m\u00ed\u0148a\u0165 \u010das pozeran\u00edm telev\u00edznych seri\u00e1lov, roben\u00edm hl\u00fapost\u00ed alebo tie\u017e ni\u010dneroben\u00edm. Mlad\u00ed, ktor\u00fdch vyu\u010dujeme, to je na\u0161a bud\u00facnos\u0165. Som spokojn\u00fd, ak uspejem a\u00a0vyvol\u00e1m z\u00e1ujem, reflexiu \u010di sebahodnotenie u\u00a0\u017eiakov. A\u00a0pr\u00e1ve to je mojou motiv\u00e1ciou, aby som ka\u017ed\u00e9 r\u00e1no vstal a\u00a0i\u0161iel do pr\u00e1ce.<\/p>\n<p>&nbsp;<\/p>\n<ol start=\"7\">\n<li><strong><u>\u010co r\u00e1d robievate vo vo\u013enom \u010dase?<\/u><\/strong><\/li>\n<\/ol>\n<p>M\u00e1m r\u00e1d behanie, je to moja v\u00e1\u0161e\u0148. Nie len klasick\u00e9 behy, ale aj \u201eultra-trail\u201c. Takto sa hovor\u00ed behu v pr\u00edrode na viac ako 50 km, \u010di niekedy dokonca a\u017e na viac ako 100 km. Je to m\u00f4j druh medit\u00e1cie a\u00a0z\u00e1rove\u0148 \u00fanik od ka\u017edodenn\u00e9ho \u017eivota a\u00a0povinnost\u00ed. Ke\u010f beh\u00e1vate medzi 18-timi a\u00a020-timi hodinami, je to akoby ste pre\u017e\u00edvali \u017eivot v\u00a0\u017eivote. Nikdy by mi to ani nenapadlo, ke\u010f\u017ee som ako t\u00edned\u017eer nen\u00e1videl beh. Ako dospel\u00fd sa na to pozer\u00e1m inak a\u00a0dnes si nedok\u00e1\u017eem ani predstavi\u0165 3 dni bez behania. Norm\u00e1lne beh\u00e1vam v\u00a0priemere tak 20 \u2013 70 km t\u00fd\u017edenne. To je takisto moja rada pre mlad\u00fdch \u013eud\u00ed: H\u00fdbte sa a\u00a0jedzte zdravo a\u00a0va\u0161e zdravie sa v\u00e1m odmen\u00ed. Ale takisto tr\u00e1vim svoj vo\u013en\u00fd \u010das ako ostatn\u00ed \u2013 pozeran\u00edm kom\u00e9dii a\u00a0dobr\u00fdch filmov, sledovan\u00edm futbalov\u00fdch z\u00e1pasov priamo v\u00a0\u0161tadi\u00f3noch, ve\u013ea cestujem a\u00a0ako v\u00e4\u010d\u0161ina \u013eud\u00ed r\u00e1d relaxujem a\u00a0m\u00e1m aj chv\u00edle ni\u010dnerobenia.<\/p>\n<p>&nbsp;<\/p>\n<ol start=\"8\">\n<li><strong><u>Kde v\u0161ade vo svete ste u\u017e boli?<\/u><\/strong><\/li>\n<\/ol>\n<p>Nav\u0161t\u00edvil som len krajiny Eur\u00f3py, v\u00e4\u010d\u0161inu z\u00a0nich pr\u00e1ve v z\u00e1padnej Eur\u00f3pe. Je ich ve\u013ea, no spomenul by som tie najd\u00f4le\u017eitej\u0161ie, a\u00a0to Franc\u00fazsko, Taliansko, \u0160v\u00e9dsko a Belgicko. Najrad\u0161ej m\u00e1m Taliansko. Raz by som si prial nav\u0161t\u00edvi\u0165 krajiny Ju\u017enej Ameriky, napr\u00edklad Uruguaj alebo Venezuelu. Z\u00a0\u00c1zie ur\u010dite Severn\u00fa K\u00f3reu, aby som na vlastn\u00e9 o\u010di videl tunaj\u0161\u00ed \u017eivot a\u00a0pos\u00fadil, \u010di je re\u017eim a\u017e tak\u00fd krut\u00fd ako sa hovor\u00ed v\u00a0m\u00e9di\u00e1ch.<\/p>\n<p>&nbsp;<\/p>\n<ol start=\"9\">\n<li><strong><u>\u010co sa v\u00e1m najviac p\u00e1\u010di na Franc\u00fazsku?<\/u><\/strong><\/li>\n<\/ol>\n<p>P\u00e1\u010di sa mi ich jazyk, krajina, gastron\u00f3mia a\u00a0filmy. Na druhej strane mi v\u0161ak niekedy vad\u00ed t\u00e1 typick\u00e1 hrdos\u0165 Franc\u00fazov.<\/p>\n<p>&nbsp;<\/p>\n<ol start=\"10\">\n<li><strong><u>Ak\u00e1 je va\u0161a ob\u013e\u00faben\u00e1 kniha a\u00a0film?<\/u><\/strong><\/li>\n<\/ol>\n<p>R\u00e1d \u010d\u00edtam v\u0161etko, \u010do nejako obohat\u00ed moje my\u0161lienky a\u00a0n\u00e1zory. \u010co sa t\u00fdka filmov, tak m\u00e1m najrad\u0161ej tril\u00f3giu americkej kinematografie Back to the Future (N\u00e1vrat do bud\u00facnosti) z\u00a0rokov 1985 &#8211; 1990. Nako\u013eko s\u00fa to filmy o\u00a0cestovan\u00ed v\u00a0\u010dase, v\u017edy ma dok\u00e1\u017eu fascinova\u0165 detaily, na ktor\u00e9 sa museli scen\u00e1risti a\u00a0re\u017eis\u00e9r s\u00fastredi\u0165 po\u010das nat\u00e1\u010dania v\u0161etk\u00fdch troch \u010dast\u00ed.<\/p>\n<p>&nbsp;<\/p>\n<ol start=\"11\">\n<li><strong><u>Kto je v\u00e1\u0161 ob\u013e\u00faben\u00fd filozof a\u00a0ak\u00e1 je va\u0161a \u017eivotn\u00e1 filozofia?<\/u><\/strong><\/li>\n<\/ol>\n<p>Po\u010das r\u00f4znych et\u00e1p m\u00f4jho \u017eivota som mal r\u00e1d alebo som nasledoval diela r\u00f4znych filozofov aj autorov. Mysl\u00edm si, \u017ee sa ka\u017ed\u00fd \u010dlovek vyv\u00edja a\u00a0men\u00ed. \u010clovek, ktor\u00fd v\u017edy stoj\u00ed na jednom mieste sa nerozv\u00edja, tak\u017ee nedok\u00e1\u017ee prij\u00edma\u0165 nov\u00e9 n\u00e1pady a\u00a0trendy. Nehovor\u00edm t\u00fdm, \u017ee treba prevzia\u0165 v\u0161etko to, \u010do je nov\u00e9, ale treba sa nad t\u00fdm zamyslie\u0165 a\u00a0vedie\u0165 zd\u00f4vodni\u0165 pre\u010do \u00e1no a\u00a0pre\u010do nie. Nemali by sme by\u0165 tvrdohlav\u00ed, a\u00a0preto sa neriadim konkr\u00e9tnou \u017eivotnou filozofiou.<\/p>\n<p>&nbsp;<\/p>\n<ol start=\"12\">\n<li><strong><u>Keby bolo vo va\u0161ej moci zmeni\u0165 \u010doko\u013evek na tomto svete, \u010do by to bolo?<\/u><\/strong><\/li>\n<\/ol>\n<p>Vzal by som peniaze bohat\u00fdch a\u00a0pou\u017eil by som ich na zlep\u0161enie \u017eivotn\u00fdch podmienok \u013eu\u010fom z\u00a0rozvojov\u00fdch kraj\u00edn (kraj\u00edn tretieho sveta). Som toho n\u00e1zoru, \u017ee rozdiely medzi \u013eu\u010fmi vo svete s\u00fa priepastn\u00e9. Dokonca aj na Slovensku je to trocha pritiahnut\u00e9 za vlasy. Ur\u010dite pozn\u00e1te ka\u017edoro\u010dn\u00fd de\u0148 narcisov \u2013 je to zbierka pe\u0148az\u00ed pre chor\u00fdch, ktor\u00fdch \u017eivoty zasiahla rakovina. \u00daplne s\u00a0touto zbierkou s\u00fahlas\u00edm. Tento rok \u0148ou dobrovo\u013en\u00edci vyzbierali cez jeden mili\u00f3n eur. Na porovnanie, 16 ve\u013ek\u00fdch slovensk\u00fdch podnikov v\u00a0roku 2018 malo zisky (nie tr\u017eby) viac ako 100 mili\u00f3n eur. Tento priepastn\u00fd rozdiel ma vskutku udivuje. Chceme peniaze od \u013eud\u00ed so 600-700 eurov\u00fdmi mesa\u010dn\u00fdmi platmi, zato ve\u013ek\u00e9 podniky maj\u00fa obrovsk\u00e9 \u00fa\u013eavy a\u00a0e\u0161te viac rast\u00fa.<\/p>\n<p>&nbsp;<\/p>\n<p><strong><u>\u00a0<\/u><\/strong><\/p>\n<ol start=\"13\">\n<li><strong><u>Je nejak\u00e1 vec, ktor\u00fa ste v\u017edy chceli urobi\u0165, no nikdy ste ju neurobili?<\/u><\/strong><\/li>\n<\/ol>\n<p>Bezpochyby treba ma\u0165 sny. Ja s\u00e1m nejak\u00e9 m\u00e1m, no nech\u00e1m si ich pre seba. J A\u00a0\u010di \u013eutujem nejak\u00e9 moje rozhodnutia? Mo\u017eno, \u017ee som nezostal v\u00a0Taliansku, ke\u010f som mal t\u00fa mo\u017enos\u0165, a\u00a0namiesto toho som sa vr\u00e1til nasp\u00e4\u0165 na Slovensko. No tak\u00fd je \u017eivot. V\u017edy budeme prem\u00fd\u0161\u013ea\u0165 nad t\u00fdm, \u010do sme neurobili.<\/p>\n<p><strong><u>\u00a0<\/u><\/strong><\/p>\n<ol start=\"14\">\n<li><strong><u>M\u00e1te nejak\u00fa radu, ktor\u00fa by ste dali maturantom oh\u013eadom \u0161t\u00fadia na vysokej \u0161kole a\u00a0zaradenia sa do spolo\u010dnosti?<\/u><\/strong><\/li>\n<\/ol>\n<p>M\u00e1m r\u00e1d pr\u00edslovie: \u201eAk sa pok\u00fasi\u0161, m\u00e1\u0161 \u0161ancu strati\u0165. Ak nesk\u00fasi\u0161 v\u00f4bec, u\u017e si stratil.\u201c<\/p>\n<p>Mus\u00edte ma\u0165 sebavedomie a\u00a0vedie\u0165 zu\u017eitkova\u0165 v\u0161etky mo\u017enosti, ktor\u00e9 v\u00e1m \u017eivot prinesie. A\u00a0moja druh\u00e1 rada: U\u010dte sa jazyky, ak\u00e9ko\u013evek!<\/p>\n<p>&nbsp;<\/p>\n<p>\u010eakujem za rozhovor.<\/p>\n<p>&nbsp;<\/p>\n<p>Zuzana<\/p>\n<p><strong>\u00a0<\/strong><\/p>\n","protected":false},"excerpt":{"rendered":"<p>\u00a0 Ako by ste charakterizovali va\u0161e \u0161t\u00fadium na gymn\u00e1ziu\/strednej \u0161kole? M\u00e1te nejak\u00e9 z\u00e1\u017eitky, o\u00a0ktor\u00e9 by ste sa chceli podeli\u0165? Ako \u0161tudent som nebol ten najlep\u0161\u00ed, ale ani ten najhor\u0161\u00ed \u017eiak&hellip;<\/p>\n","protected":false},"author":2,"featured_media":0,"comment_status":"open","ping_status":"open","sticky":false,"template":"","format":"standard","meta":{"footnotes":""},"categories":[17],"tags":[],"_links":{"self":[{"href":"https:\/\/noa.bart.sk\/index.php\/wp-json\/wp\/v2\/posts\/1699"}],"collection":[{"href":"https:\/\/noa.bart.sk\/index.php\/wp-json\/wp\/v2\/posts"}],"about":[{"href":"https:\/\/noa.bart.sk\/index.php\/wp-json\/wp\/v2\/types\/post"}],"author":[{"embeddable":true,"href":"https:\/\/noa.bart.sk\/index.php\/wp-json\/wp\/v2\/users\/2"}],"replies":[{"embeddable":true,"href":"https:\/\/noa.bart.sk\/index.php\/wp-json\/wp\/v2\/comments?post=1699"}],"version-history":[{"count":1,"href":"https:\/\/noa.bart.sk\/index.php\/wp-json\/wp\/v2\/posts\/1699\/revisions"}],"predecessor-version":[{"id":1701,"href":"https:\/\/noa.bart.sk\/index.php\/wp-json\/wp\/v2\/posts\/1699\/revisions\/1701"}],"wp:attachment":[{"href":"https:\/\/noa.bart.sk\/index.php\/wp-json\/wp\/v2\/media?parent=1699"}],"wp:term":[{"taxonomy":"category","embeddable":true,"href":"https:\/\/noa.bart.sk\/index.php\/wp-json\/wp\/v2\/categories?post=1699"},{"taxonomy":"post_tag","embeddable":true,"href":"https:\/\/noa.bart.sk\/index.php\/wp-json\/wp\/v2\/tags?post=1699"}],"curies":[{"name":"wp","href":"https:\/\/api.w.org\/{rel}","templated":true}]}}