{"id":1660,"date":"2019-11-06T21:31:12","date_gmt":"2019-11-06T19:31:12","guid":{"rendered":"http:\/\/noa.bart.sk\/?p=1660"},"modified":"2019-11-06T21:31:12","modified_gmt":"2019-11-06T19:31:12","slug":"17-medzinarodny-veltrh-cvicnych-firiem-v4","status":"publish","type":"post","link":"https:\/\/noa.bart.sk\/index.php\/2019\/11\/06\/17-medzinarodny-veltrh-cvicnych-firiem-v4\/","title":{"rendered":"17. Medzin\u00e1rodn\u00fd ve\u013etrh cvi\u010dn\u00fdch firiem V4"},"content":{"rendered":"<p><img loading=\"lazy\" decoding=\"async\" class=\" wp-image-1661 alignleft\" src=\"https:\/\/noa.bart.sk\/wp-content\/uploads\/v-2-300x159.jpg\" alt=\"v\" width=\"206\" height=\"109\" srcset=\"https:\/\/noa.bart.sk\/wp-content\/uploads\/v-2-300x159.jpg 300w, https:\/\/noa.bart.sk\/wp-content\/uploads\/v-2-80x42.jpg 80w, https:\/\/noa.bart.sk\/wp-content\/uploads\/v-2-768x407.jpg 768w, https:\/\/noa.bart.sk\/wp-content\/uploads\/v-2.jpg 960w\" sizes=\"(max-width: 206px) 100vw, 206px\" \/>Na\u0161a \u0161kola je zn\u00e1ma t\u00fdm, \u017ee ka\u017edoro\u010dne organizuje ve\u013etrh cvi\u010dn\u00fdch firiem v\u00a0Spolo\u010denskom pavil\u00f3ne v\u00a0Ko\u0161iciach. Ka\u017ed\u00fd rok sa te\u0161\u00ed v\u00e4\u010d\u0161ej a\u00a0v\u00e4\u010d\u0161ej ob\u013eube. Na 17. Medzin\u00e1rodnom ve\u013etrhu sa stretli \u017eiaci\u00a0 z\u00a0r\u00f4znych \u0161k\u00f4l, dokonca aj z\u00a0r\u00f4znych kraj\u00edn.<!--more--><\/p>\n<p><img loading=\"lazy\" decoding=\"async\" class=\" wp-image-1663 alignleft\" src=\"https:\/\/noa.bart.sk\/wp-content\/uploads\/v2-2-300x216.jpg\" alt=\"v2\" width=\"165\" height=\"119\" srcset=\"https:\/\/noa.bart.sk\/wp-content\/uploads\/v2-2-300x216.jpg 300w, https:\/\/noa.bart.sk\/wp-content\/uploads\/v2-2-80x58.jpg 80w, https:\/\/noa.bart.sk\/wp-content\/uploads\/v2-2-768x554.jpg 768w, https:\/\/noa.bart.sk\/wp-content\/uploads\/v2-2.jpg 960w\" sizes=\"(max-width: 165px) 100vw, 165px\" \/>Sl\u00e1vnostn\u00e9 otvorenie prebehlo v\u00a0stredu 23. okt\u00f3bra. O\u00a0sl\u00e1vnostn\u00fd pr\u00edhovor sa postaral riadite\u013e na\u0161ej \u0161koly Ing. Peter Orsz\u00e1gh, ale aj ostatn\u00ed z\u00e1stupcovia, partneri a hostia. Pri otvoren\u00ed nesmel ch\u00fdba\u0165 ani kult\u00farny program, ktor\u00fd tento sl\u00e1vnostn\u00fd \u00favod len obohatil. V\u00a0programe sme mohli vidie\u0165 vystupova\u0165 aj talentovan\u00fdch \u017eiakov z\u00a0na\u0161ej \u0161koly. Program sa za\u010dal skvel\u00fdm tane\u010dn\u00fdm vyst\u00fapen\u00edm, mali sme taktie\u017e mo\u017enos\u0165 po\u010du\u0165 hru na tr\u00fabku, spev a\u00a0samozrejme nesmel ch\u00fdba\u0165 ani n\u00e1\u0161 tradi\u010dn\u00fd folkl\u00f3r. Po kr\u00e1snom programe pri\u0161lo aj na podp\u00edsanie spolupr\u00e1ce s\u00a0firmou VSD, s\u00a0ktorou na\u0161a \u0161kola spolupracuje u\u017e dlh\u00e9 roky a\u00a0sme radi, \u017ee v\u00a0tom m\u00f4\u017ee <img loading=\"lazy\" decoding=\"async\" class=\" wp-image-1662 alignright\" src=\"https:\/\/noa.bart.sk\/wp-content\/uploads\/v1-2-300x162.jpg\" alt=\"v1\" width=\"207\" height=\"112\" srcset=\"https:\/\/noa.bart.sk\/wp-content\/uploads\/v1-2-300x162.jpg 300w, https:\/\/noa.bart.sk\/wp-content\/uploads\/v1-2-80x43.jpg 80w, https:\/\/noa.bart.sk\/wp-content\/uploads\/v1-2-768x414.jpg 768w, https:\/\/noa.bart.sk\/wp-content\/uploads\/v1-2.jpg 960w\" sizes=\"(max-width: 207px) 100vw, 207px\" \/>pokra\u010dova\u0165 aj na\u010falej.<\/p>\n<p>&nbsp;<\/p>\n<p>Program pokra\u010doval prehliadkou vystavuj\u00facich cvi\u010dn\u00fdch firiem a n\u00e1sledn\u00fdm fikt\u00edvnym obchodovan\u00edm. St\u00e1nky si obzerala najm\u00e4 porota, ktor\u00e1 hodnotila celkov\u00fd dojem a\u00a0reprezenta\u010dn\u00e9 schopnosti dan\u00fdch cvi\u010dn\u00fdch firiem. Vo \u0161tvrtok 24. okt\u00f3bra sa br\u00e1ny ve\u013etrhu otvorili aj \u0161irokej verejnosti. Medzi st\u00e1nkami sme si mohli v\u0161imn\u00fa\u0165 aj st\u00e1nky cvi\u010dn\u00fdch firiem z\u00a0na\u0161ej \u0161koly. Na ve\u013etrhu sa z\u00fa\u010dastnilo spolu 26 cvi\u010dn\u00fdch firiem zo Slovenska, \u010ceskej republiky a Po\u013eska. Po\u010das dvoch dn\u00ed bojovali o\u00a0r\u00f4zne zauj\u00edmav\u00e9 ceny. Bl\u00ed\u017eil sa koniec a\u00a0s\u00a0n\u00edm aj vyhlasovanie v\u00fdsledkov.<\/p>\n<p><img loading=\"lazy\" decoding=\"async\" class=\" wp-image-1664 alignleft\" src=\"https:\/\/noa.bart.sk\/wp-content\/uploads\/v3-1-300x182.jpg\" alt=\"v3\" width=\"199\" height=\"121\" srcset=\"https:\/\/noa.bart.sk\/wp-content\/uploads\/v3-1-300x182.jpg 300w, https:\/\/noa.bart.sk\/wp-content\/uploads\/v3-1-80x49.jpg 80w, https:\/\/noa.bart.sk\/wp-content\/uploads\/v3-1-768x466.jpg 768w, https:\/\/noa.bart.sk\/wp-content\/uploads\/v3-1.jpg 960w\" sizes=\"(max-width: 199px) 100vw, 199px\" \/>V\u00ed\u0165azom hlavnej kateg\u00f3rie o Najlep\u0161iu cvi\u010dn\u00fa firmu sa stala cvi\u010dn\u00e1 firma SFK, s.r.o., ktorej srde\u010dne blaho\u017eel\u00e1me. Takisto chceme pochv\u00e1li\u0165 aj na\u0161ich vlastn\u00fdch \u0161tudentov z\u00a0firmy SMOOTH KING, s.r.o., ktor\u00ed si odniesli 3. miesto v\u00a0kateg\u00f3rii Najlep\u0161ia elektronick\u00e1 prezent\u00e1cia. Na\u0161u \u0161kolu pote\u0161ila aj v\u00fdhra ceny sympatie, ktor\u00fa z\u00edskali \u0161tudenti z\u00a0cvi\u010dnej firmy COCOSITA, s. r. o.<\/p>\n<ol start=\"17\">\n<li>ro\u010dn\u00edk ve\u013etrhu op\u00e4\u0165 obohatil v\u0161etk\u00fdch z\u00fa\u010dastnen\u00fdch o\u00a0mno\u017estvo z\u00e1\u017eitkov a\u00a0sk\u00fasenost\u00ed.\u00a0U\u017e teraz sa te\u0161\u00edme, \u010do nov\u00e9 prinesie nasleduj\u00faci ro\u010dn\u00edk.<\/li>\n<\/ol>\n<p>V\u0161etk\u00fdm z\u00fa\u010dastnen\u00fdm \u010fakujeme a\u00a0ocenen\u00fdm blaho\u017eel\u00e1me .<\/p>\n<p>&nbsp;<\/p>\n<p>Dominika, Tamara a Zuzka<\/p>\n","protected":false},"excerpt":{"rendered":"<p>Na\u0161a \u0161kola je zn\u00e1ma t\u00fdm, \u017ee ka\u017edoro\u010dne organizuje ve\u013etrh cvi\u010dn\u00fdch firiem v\u00a0Spolo\u010denskom pavil\u00f3ne v\u00a0Ko\u0161iciach. Ka\u017ed\u00fd rok sa te\u0161\u00ed v\u00e4\u010d\u0161ej a\u00a0v\u00e4\u010d\u0161ej ob\u013eube. Na 17. Medzin\u00e1rodnom ve\u013etrhu sa stretli \u017eiaci\u00a0 z\u00a0r\u00f4znych \u0161k\u00f4l,&hellip;<\/p>\n","protected":false},"author":2,"featured_media":0,"comment_status":"open","ping_status":"open","sticky":false,"template":"","format":"standard","meta":{"footnotes":""},"categories":[1],"tags":[],"_links":{"self":[{"href":"https:\/\/noa.bart.sk\/index.php\/wp-json\/wp\/v2\/posts\/1660"}],"collection":[{"href":"https:\/\/noa.bart.sk\/index.php\/wp-json\/wp\/v2\/posts"}],"about":[{"href":"https:\/\/noa.bart.sk\/index.php\/wp-json\/wp\/v2\/types\/post"}],"author":[{"embeddable":true,"href":"https:\/\/noa.bart.sk\/index.php\/wp-json\/wp\/v2\/users\/2"}],"replies":[{"embeddable":true,"href":"https:\/\/noa.bart.sk\/index.php\/wp-json\/wp\/v2\/comments?post=1660"}],"version-history":[{"count":1,"href":"https:\/\/noa.bart.sk\/index.php\/wp-json\/wp\/v2\/posts\/1660\/revisions"}],"predecessor-version":[{"id":1665,"href":"https:\/\/noa.bart.sk\/index.php\/wp-json\/wp\/v2\/posts\/1660\/revisions\/1665"}],"wp:attachment":[{"href":"https:\/\/noa.bart.sk\/index.php\/wp-json\/wp\/v2\/media?parent=1660"}],"wp:term":[{"taxonomy":"category","embeddable":true,"href":"https:\/\/noa.bart.sk\/index.php\/wp-json\/wp\/v2\/categories?post=1660"},{"taxonomy":"post_tag","embeddable":true,"href":"https:\/\/noa.bart.sk\/index.php\/wp-json\/wp\/v2\/tags?post=1660"}],"curies":[{"name":"wp","href":"https:\/\/api.w.org\/{rel}","templated":true}]}}