{"id":1653,"date":"2019-10-02T22:40:20","date_gmt":"2019-10-02T20:40:20","guid":{"rendered":"http:\/\/noa.bart.sk\/?p=1653"},"modified":"2019-10-02T22:40:20","modified_gmt":"2019-10-02T20:40:20","slug":"navsteva-na-ustavnom-sude","status":"publish","type":"post","link":"https:\/\/noa.bart.sk\/index.php\/2019\/10\/02\/navsteva-na-ustavnom-sude\/","title":{"rendered":"N\u00e1v\u0161teva na \u00dastavnom s\u00fade"},"content":{"rendered":"<p><img loading=\"lazy\" decoding=\"async\" class=\" wp-image-1654 alignleft\" src=\"https:\/\/noa.bart.sk\/wp-content\/uploads\/US-300x199.jpg\" alt=\"US\" width=\"168\" height=\"112\" srcset=\"https:\/\/noa.bart.sk\/wp-content\/uploads\/US-300x199.jpg 300w, https:\/\/noa.bart.sk\/wp-content\/uploads\/US-80x53.jpg 80w, https:\/\/noa.bart.sk\/wp-content\/uploads\/US.jpg 550w\" sizes=\"(max-width: 168px) 100vw, 168px\" \/>D\u0148a 27. septembra sa \u017eiaci 2.A triedy z\u00fa\u010dastnili na exkurzie na \u00dastavnom s\u00fade. E\u0161te pred samotn\u00fdm vstupom do budovy sme pre\u0161li osobnou kontrolou. <!--more--><\/p>\n<p>N\u00e1sledne sme vstupili do chodby, ktor\u00e1 viedla do pojedn\u00e1vacej miestnosti. Cestou do nej sme na chodbe stretli predsedu \u00dastavn\u00e9ho s\u00fadu Ivana Fia\u010dana. N\u00e1sledne sme vo\u0161li do pojedn\u00e1vacej miestnosti, kde sme videli kresl\u00e1 \u00dastavnych sudcov a aj sudcovsk\u00fd tal\u00e1r. Potom sme sa presunuli na dvor, kde sme si prevzali reklamn\u00e9 predmety \u00dastavn\u00e9ho s\u00fadu. \u010ealej sme pokra\u010dovali do budovy, v ktorej sa nach\u00e1dzali kancel\u00e1rie \u00dastavn\u00fdch sudcov, do ktor\u00fdch sme mohli aj nahliadnu\u0165. Po chodb\u00e1ch, ktor\u00fdmi sme prech\u00e1dzali, boli vyvesen\u00e9 obrazy Slovenskej n\u00e1rodnej gal\u00e9rie, ktor\u00e9 m\u00e1 \u00dastavny s\u00fad zapo\u017ei\u010dan\u00e9. Na z\u00e1ver exkurzie n\u00e1s oslovili novin\u00e1ri, s ktor\u00fdmi Richard robil rozhovor, ktor\u00fd bol odvysielan\u00fd vo ve\u010dern\u00fdch spr\u00e1vach RTVS.<\/p>\n<p>T\u00e1to exkurzia bola pre n\u00e1s ve\u013emi zaujimav\u00e1 a ur\u010dite ju odpor\u00fa\u010dame aj ostatn\u00fdm.<\/p>\n<div><\/div>\n<div><\/div>\n<div>Samuel Germani\u010d, Richard Endrek, Jakub Bonk<\/div>\n","protected":false},"excerpt":{"rendered":"<p>D\u0148a 27. septembra sa \u017eiaci 2.A triedy z\u00fa\u010dastnili na exkurzie na \u00dastavnom s\u00fade. E\u0161te pred samotn\u00fdm vstupom do budovy sme pre\u0161li osobnou kontrolou.<\/p>\n","protected":false},"author":2,"featured_media":0,"comment_status":"open","ping_status":"open","sticky":false,"template":"","format":"standard","meta":{"footnotes":""},"categories":[1],"tags":[],"_links":{"self":[{"href":"https:\/\/noa.bart.sk\/index.php\/wp-json\/wp\/v2\/posts\/1653"}],"collection":[{"href":"https:\/\/noa.bart.sk\/index.php\/wp-json\/wp\/v2\/posts"}],"about":[{"href":"https:\/\/noa.bart.sk\/index.php\/wp-json\/wp\/v2\/types\/post"}],"author":[{"embeddable":true,"href":"https:\/\/noa.bart.sk\/index.php\/wp-json\/wp\/v2\/users\/2"}],"replies":[{"embeddable":true,"href":"https:\/\/noa.bart.sk\/index.php\/wp-json\/wp\/v2\/comments?post=1653"}],"version-history":[{"count":1,"href":"https:\/\/noa.bart.sk\/index.php\/wp-json\/wp\/v2\/posts\/1653\/revisions"}],"predecessor-version":[{"id":1655,"href":"https:\/\/noa.bart.sk\/index.php\/wp-json\/wp\/v2\/posts\/1653\/revisions\/1655"}],"wp:attachment":[{"href":"https:\/\/noa.bart.sk\/index.php\/wp-json\/wp\/v2\/media?parent=1653"}],"wp:term":[{"taxonomy":"category","embeddable":true,"href":"https:\/\/noa.bart.sk\/index.php\/wp-json\/wp\/v2\/categories?post=1653"},{"taxonomy":"post_tag","embeddable":true,"href":"https:\/\/noa.bart.sk\/index.php\/wp-json\/wp\/v2\/tags?post=1653"}],"curies":[{"name":"wp","href":"https:\/\/api.w.org\/{rel}","templated":true}]}}