{"id":1620,"date":"2019-08-03T09:49:52","date_gmt":"2019-08-03T07:49:52","guid":{"rendered":"http:\/\/noa.bart.sk\/?p=1620"},"modified":"2019-08-03T09:49:52","modified_gmt":"2019-08-03T07:49:52","slug":"intersteno-congress-2019","status":"publish","type":"post","link":"https:\/\/noa.bart.sk\/index.php\/2019\/08\/03\/intersteno-congress-2019\/","title":{"rendered":"Intersteno Congress 2019"},"content":{"rendered":"<p><img loading=\"lazy\" decoding=\"async\" class=\" wp-image-1622 alignleft\" src=\"https:\/\/noa.bart.sk\/wp-content\/uploads\/67403813_400198694177933_5517918512951066624_n-300x225.jpg\" alt=\"67403813_400198694177933_5517918512951066624_n\" width=\"139\" height=\"104\" srcset=\"https:\/\/noa.bart.sk\/wp-content\/uploads\/67403813_400198694177933_5517918512951066624_n-300x225.jpg 300w, https:\/\/noa.bart.sk\/wp-content\/uploads\/67403813_400198694177933_5517918512951066624_n-80x60.jpg 80w, https:\/\/noa.bart.sk\/wp-content\/uploads\/67403813_400198694177933_5517918512951066624_n-768x576.jpg 768w, https:\/\/noa.bart.sk\/wp-content\/uploads\/67403813_400198694177933_5517918512951066624_n-1024x768.jpg 1024w, https:\/\/noa.bart.sk\/wp-content\/uploads\/67403813_400198694177933_5517918512951066624_n.jpg 1548w\" sizes=\"(max-width: 139px) 100vw, 139px\" \/>V d\u0148och 12. \u2013 19. j\u00fala 2019 sa v\u00a0Cagliari, hlavnom meste talianskeho ostrova Sard\u00ednia, konal svetov\u00fd \u0161ampion\u00e1t v spracovan\u00ed textov na po\u010d\u00edta\u010di \u201eIntersteno Congress 2019\u201c. \u00a0NA \u00a0tomto podujat\u00ed sa z\u00fa\u010dastnilo 28 kraj\u00edn sveta vr\u00e1tane \u010c\u00edny, Ju\u017enej K\u00f3rey, Argent\u00edny, Uruguaja, Kanady, USA, Austr\u00e1lie, Braz\u00edlie, Kamerunu, Japonska, Turecka a \u0161t\u00e1tov Eur\u00f3pskej \u00fanie.<!--more--><\/p>\n<p><img loading=\"lazy\" decoding=\"async\" class=\" wp-image-1624 alignleft\" src=\"https:\/\/noa.bart.sk\/wp-content\/uploads\/67485746_406580049967705_2115799876120870912_n-300x169.jpg\" alt=\"67485746_406580049967705_2115799876120870912_n\" width=\"146\" height=\"82\" srcset=\"https:\/\/noa.bart.sk\/wp-content\/uploads\/67485746_406580049967705_2115799876120870912_n-300x169.jpg 300w, https:\/\/noa.bart.sk\/wp-content\/uploads\/67485746_406580049967705_2115799876120870912_n-80x45.jpg 80w, https:\/\/noa.bart.sk\/wp-content\/uploads\/67485746_406580049967705_2115799876120870912_n-768x432.jpg 768w, https:\/\/noa.bart.sk\/wp-content\/uploads\/67485746_406580049967705_2115799876120870912_n-1024x576.jpg 1024w\" sizes=\"(max-width: 146px) 100vw, 146px\" \/>Na z\u00e1klade svojich v\u00ed\u0165azn\u00fdch umiestnen\u00ed na celo\u0161t\u00e1tnom kole S\u00fa\u0165a\u017ee v\u00a0spracovan\u00ed inform\u00e1ci\u00ed na po\u010d\u00edta\u010di 2019 mali mo\u017enos\u0165 reprezentova\u0165 Slovensko a\u017e dvaja talentovan\u00ed \u0161tudenti na\u0161ej \u0161koly \u2013 Adam Nem\u010d\u00edk a\u00a0Marek T\u00f3th. Chlapci sa na podujat\u00ed z\u00fa\u010dastnili v\u00a0sprievode Ing. Anny \u0160kovierovej \u2013 predsedn\u00ed\u010dky internetovej \u0161koly ZAV na Slovensku a\u00a0Bibiany Mi\u0161kolciovej, s\u00fa\u0165a\u017eiacej zo\u00a0SOA Nitra.<\/p>\n<p>Prv\u00fd de\u0148 kongresu bol venovan\u00fd sl\u00e1vnostnej uv\u00edtacej cerem\u00f3nii, ktor\u00e1 sa konala v\u00a0honosn\u00fdch priestoroch divadla \u201eTeatro Massimo\u201c. Tu mali \u00fa\u010dastn\u00edci mo\u017enos\u0165 vychutna\u0165 si kult\u00farny program, obozn\u00e1mi\u0165 sa s\u00a0priebehom s\u00fa\u0165a\u017ee a\u00a0zozn\u00e1mi\u0165 sa s\u00a0predstavite\u013emi kongresov\u00e9ho v\u00fdboru i\u00a0reprezentantmi r\u00f4znych kraj\u00edn.<\/p>\n<p>Najd\u00f4le\u017eitej\u0161\u00ed bol v\u0161ak pr\u00e1ve druh\u00fd de\u0148 &#8211; s\u00fa\u0165a\u017en\u00fd. Napriek stresu a\u00a0psychick\u00e9mu n\u00e1poru sa chlapci nenechali zastra\u0161i\u0165 a\u00a0do svojich s\u00fa\u0165a\u017en\u00fdch v\u00fdkonov vlo\u017eili v\u0161etky psychick\u00e9 i\u00a0fyzick\u00e9 sily. V\u010faka cie\u013eavedom\u00e9mu tr\u00e9ningu a\u00a0maxim\u00e1lnej s\u00fastredenosti tak dok\u00e1zali op\u00e4\u0165 potvrdi\u0165 svoje kvality aj vo vysokej medzin\u00e1rodnej konkurencii. Marek T\u00f3th sa vo svojej kateg\u00f3rii \u201eText Corrections\u201c (textov\u00e9 korekt\u00fary) umiestnil na 7. mieste, Adam Nem\u010d\u00edk s\u00fa\u0165a\u017eiaci v\u00a0kateg\u00f3rii \u201eText Production\u201c (odpis textu na 30 min\u00fat) obsadil 19. prie\u010dku.<\/p>\n<p><img loading=\"lazy\" decoding=\"async\" class=\" wp-image-1626 alignleft\" src=\"https:\/\/noa.bart.sk\/wp-content\/uploads\/67657597_2151997344910753_435920660645019648_n-300x225.jpg\" alt=\"67657597_2151997344910753_435920660645019648_n\" width=\"143\" height=\"107\" srcset=\"https:\/\/noa.bart.sk\/wp-content\/uploads\/67657597_2151997344910753_435920660645019648_n-300x225.jpg 300w, https:\/\/noa.bart.sk\/wp-content\/uploads\/67657597_2151997344910753_435920660645019648_n-80x60.jpg 80w, https:\/\/noa.bart.sk\/wp-content\/uploads\/67657597_2151997344910753_435920660645019648_n-768x576.jpg 768w, https:\/\/noa.bart.sk\/wp-content\/uploads\/67657597_2151997344910753_435920660645019648_n-1024x768.jpg 1024w\" sizes=\"(max-width: 143px) 100vw, 143px\" \/>Po zvy\u0161n\u00e9 dni kongresu boli pre s\u00fa\u0165a\u017eiacich pripraven\u00e9 r\u00f4zne sprievodn\u00e9 aktivity, ako napr\u00edklad exkurzie a\u00a0prehliadky najzn\u00e1mej\u0161\u00edch pam\u00e4tihodnost\u00ed a\u00a0atrakci\u00ed mesta Cagliari, \u010di spolo\u010densk\u00e9 podujatia, kde mali \u00fa\u010dastn\u00edci mo\u017enos\u0165 zisti\u0165 viac o\u00a0hist\u00f3rii samotn\u00e9ho kongresu alebo o\u00a0jeho pl\u00e1noch a\u00a0bud\u00facnosti.<\/p>\n<p>Sme nesmierne hrd\u00ed, \u017ee chlapci plne vyu\u017eili jedine\u010dn\u00fa mo\u017enos\u0165 z\u00edska\u0165 nov\u00e9 poznatky a\u00a0z\u00e1\u017eitky a\u00a0zu\u017eitkova\u0165 tak svoj talent v\u00a0kombin\u00e1cii s\u00a0poznatkami, ktor\u00e9 z\u00edskali na OA Watsonova. K\u00a0ich vynikaj\u00facim v\u00fdsledkom im srde\u010dne blaho\u017eel\u00e1me a\u00a0\u010fakujeme za vzorn\u00fa reprezent\u00e1ciu na\u0161ej \u0161koly!<\/p>\n<p>&nbsp;<\/p>\n<p>Adam a Marek<\/p>\n","protected":false},"excerpt":{"rendered":"<p>V d\u0148och 12. \u2013 19. j\u00fala 2019 sa v\u00a0Cagliari, hlavnom meste talianskeho ostrova Sard\u00ednia, konal svetov\u00fd \u0161ampion\u00e1t v spracovan\u00ed textov na po\u010d\u00edta\u010di \u201eIntersteno Congress 2019\u201c. \u00a0NA \u00a0tomto podujat\u00ed sa z\u00fa\u010dastnilo&hellip;<\/p>\n","protected":false},"author":2,"featured_media":0,"comment_status":"open","ping_status":"open","sticky":false,"template":"","format":"standard","meta":{"footnotes":""},"categories":[1],"tags":[],"_links":{"self":[{"href":"https:\/\/noa.bart.sk\/index.php\/wp-json\/wp\/v2\/posts\/1620"}],"collection":[{"href":"https:\/\/noa.bart.sk\/index.php\/wp-json\/wp\/v2\/posts"}],"about":[{"href":"https:\/\/noa.bart.sk\/index.php\/wp-json\/wp\/v2\/types\/post"}],"author":[{"embeddable":true,"href":"https:\/\/noa.bart.sk\/index.php\/wp-json\/wp\/v2\/users\/2"}],"replies":[{"embeddable":true,"href":"https:\/\/noa.bart.sk\/index.php\/wp-json\/wp\/v2\/comments?post=1620"}],"version-history":[{"count":1,"href":"https:\/\/noa.bart.sk\/index.php\/wp-json\/wp\/v2\/posts\/1620\/revisions"}],"predecessor-version":[{"id":1630,"href":"https:\/\/noa.bart.sk\/index.php\/wp-json\/wp\/v2\/posts\/1620\/revisions\/1630"}],"wp:attachment":[{"href":"https:\/\/noa.bart.sk\/index.php\/wp-json\/wp\/v2\/media?parent=1620"}],"wp:term":[{"taxonomy":"category","embeddable":true,"href":"https:\/\/noa.bart.sk\/index.php\/wp-json\/wp\/v2\/categories?post=1620"},{"taxonomy":"post_tag","embeddable":true,"href":"https:\/\/noa.bart.sk\/index.php\/wp-json\/wp\/v2\/tags?post=1620"}],"curies":[{"name":"wp","href":"https:\/\/api.w.org\/{rel}","templated":true}]}}