{"id":1594,"date":"2019-05-23T15:49:57","date_gmt":"2019-05-23T13:49:57","guid":{"rendered":"http:\/\/noa.bart.sk\/?p=1594"},"modified":"2019-05-23T15:49:57","modified_gmt":"2019-05-23T13:49:57","slug":"europske-solarne-dni","status":"publish","type":"post","link":"https:\/\/noa.bart.sk\/index.php\/2019\/05\/23\/europske-solarne-dni\/","title":{"rendered":"Eur\u00f3pske sol\u00e1rne dni"},"content":{"rendered":"<p>Mil\u00ed \u010ditatelia,<\/p>\n<p><img loading=\"lazy\" decoding=\"async\" class=\" wp-image-1595 alignleft\" src=\"https:\/\/noa.bart.sk\/wp-content\/uploads\/solarne-300x169.jpg\" alt=\"solarne\" width=\"193\" height=\"109\" srcset=\"https:\/\/noa.bart.sk\/wp-content\/uploads\/solarne-300x169.jpg 300w, https:\/\/noa.bart.sk\/wp-content\/uploads\/solarne-80x45.jpg 80w, https:\/\/noa.bart.sk\/wp-content\/uploads\/solarne-768x432.jpg 768w, https:\/\/noa.bart.sk\/wp-content\/uploads\/solarne.jpg 853w\" sizes=\"(max-width: 193px) 100vw, 193px\" \/>minul\u00fd t\u00fd\u017ede\u0148 6.m\u00e1ja (pondelok) ste si n\u00e1s 6 \u017eiakov z\u00a02.E triedy mohli v\u0161imn\u00fa\u0165 oble\u010den\u00fdch v\u00a0modr\u00fdch tri\u010dk\u00e1ch so \u017elt\u00fdmi bal\u00f3nmi, nav\u0161t\u00edvili sme v\u00e1s po\u010das va\u0161ej tretej vyu\u010dovacej hodiny. Nebolo to samozrejme preto, \u017ee by sme nemali \u010do robi\u0165, ale hlavne pre to, aby sme v\u00e1m porozpr\u00e1vali o\u00a0sol\u00e1rnej energi\u00ed a\u00a0jej vyu\u017eit\u00ed. Cel\u00e1 akcia sa konala pod z\u00e1\u0161titou pani u\u010dite\u013eky Gregorkovej.<!--more--><\/p>\n<p>Na hodin\u00e1ch ste sa mohli dozvedie\u0165 z\u00e1klady \u010do to vlastne je a\u00a0ako sa d\u00e1 vyu\u017ei\u0165. \u010cas n\u00e1s v\u0161ak trochu tla\u010dil a\u00a0ke\u010f\u017ee v\u0161etk\u00fdm sa stihli dosta\u0165 iba z\u00e1klady na povedomie, \u017ee m\u00e1me Eur\u00f3psk\u00fd sol\u00e1rny t\u00fd\u017ede\u0148 a\u00a0ako t\u00fa sol\u00e1rnu energiu m\u00f4\u017eeme vyu\u017ei\u0165 tak v\u00e1m prin\u00e1\u0161ame tento \u010dl\u00e1nok v\u00a0ktorom je toho k\u00fasok viac.<\/p>\n<p>Tak\u017ee v\u0161etk\u00fdm je viac menej zn\u00e1me, \u017ee sol\u00e1rna energia je zo slnka a jej najv\u00e4\u010d\u0161ou v\u00fdhodou je fakt, \u017ee nezne\u010dis\u0165uje \u017eivotn\u00e9 prostredie. Len\u017ee vedeli ste o\u00a0tom, \u017ee t\u00e1to energia dopad\u00e1 ka\u017ed\u00fd rok na Zem asi 10 tis\u00edc kr\u00e1t viac ako \u013eudstvo re\u00e1lne spotrebuje. T\u00fdm p\u00e1dom predstavuje obrovsk\u00fd potenci\u00e1l pre \u010fal\u0161ie vyu\u017eitie. T\u00e1to energia je navy\u0161e zadarmo a\u00a0m\u00f4\u017ee sa premeni\u0165 na \u010fal\u0161ie formy energie ako je elektrina a\u00a0teplo.<\/p>\n<p>Sol\u00e1rna energia sa m\u00f4\u017ee vyu\u017ei\u0165 tromi r\u00f4znymi sp\u00f4sobmi:<\/p>\n<p><strong>Ako sol\u00e1rna term\u00e1lna energia<\/strong>: vyu\u017e\u00edva sa na ohrev vody, domov \u010di baz\u00e9nov<\/p>\n<p><strong>Ako sol\u00e1rna fotovoltick\u00e1 energia<\/strong>: vyu\u017e\u00edva sa na v\u00fdrobu elektrickej energie<\/p>\n<p><strong>Ako pas\u00edvne sol\u00e1rne teplo<\/strong>: je to teplo ktor\u00e9 z\u00edskavame zo slnka prirodzene, nach\u00e1dza sa u\u00a0n\u00e1s doma pr\u00edch\u00e1dza cez okn\u00e1 ako slne\u010dn\u00e9 \u017eiarenie, pokial samozrejme neb\u00fdvame pod zemou.<\/p>\n<p>Sol\u00e1rna energia je prospe\u0161n\u00e1 z\u00e1rove\u0148 aj pre samotn\u00fa pr\u00edrodu. Pomocou fotosynt\u00e9zy ju premie\u0148aj\u00fa zelen\u00e9 rastliny na chemick\u00fa energiu, ktor\u00e1 vytv\u00e1ra biologick\u00fa hmotu vytv\u00e1raj\u00facu fos\u00edlne paliv\u00e1.<\/p>\n<p>No a\u00a0z\u00a0historick\u00e9ho h\u013eadiska m\u00f4\u017eeme poveda\u0165 len to\u013eko, \u017ee u\u017e v roku 700 pred na\u0161\u00edm letopo\u010dtom vyu\u017e\u00edvali \u013eudia sklenen\u00e9 okuliare na v\u00fdrobu oh\u0148a pomocou slne\u010dn\u00fdch l\u00fa\u010dov.<\/p>\n<p>Pre zvedavcov ktor\u00ed chc\u00fa vedie\u0165 ako to cel\u00e9 prebiehalo si m\u00f4\u017eete pozrie\u0165 facebook str\u00e1nku noviny OAKE. (Nezabudnite da\u0165 like)<\/p>\n<p>S\u00a0pozdravom va\u0161a spolu\u017eia\u010dka Sim\u010da<\/p>\n","protected":false},"excerpt":{"rendered":"<p>Mil\u00ed \u010ditatelia, minul\u00fd t\u00fd\u017ede\u0148 6.m\u00e1ja (pondelok) ste si n\u00e1s 6 \u017eiakov z\u00a02.E triedy mohli v\u0161imn\u00fa\u0165 oble\u010den\u00fdch v\u00a0modr\u00fdch tri\u010dk\u00e1ch so \u017elt\u00fdmi bal\u00f3nmi, nav\u0161t\u00edvili sme v\u00e1s po\u010das va\u0161ej tretej vyu\u010dovacej hodiny. Nebolo&hellip;<\/p>\n","protected":false},"author":2,"featured_media":0,"comment_status":"open","ping_status":"open","sticky":false,"template":"","format":"standard","meta":{"footnotes":""},"categories":[1],"tags":[],"_links":{"self":[{"href":"https:\/\/noa.bart.sk\/index.php\/wp-json\/wp\/v2\/posts\/1594"}],"collection":[{"href":"https:\/\/noa.bart.sk\/index.php\/wp-json\/wp\/v2\/posts"}],"about":[{"href":"https:\/\/noa.bart.sk\/index.php\/wp-json\/wp\/v2\/types\/post"}],"author":[{"embeddable":true,"href":"https:\/\/noa.bart.sk\/index.php\/wp-json\/wp\/v2\/users\/2"}],"replies":[{"embeddable":true,"href":"https:\/\/noa.bart.sk\/index.php\/wp-json\/wp\/v2\/comments?post=1594"}],"version-history":[{"count":1,"href":"https:\/\/noa.bart.sk\/index.php\/wp-json\/wp\/v2\/posts\/1594\/revisions"}],"predecessor-version":[{"id":1596,"href":"https:\/\/noa.bart.sk\/index.php\/wp-json\/wp\/v2\/posts\/1594\/revisions\/1596"}],"wp:attachment":[{"href":"https:\/\/noa.bart.sk\/index.php\/wp-json\/wp\/v2\/media?parent=1594"}],"wp:term":[{"taxonomy":"category","embeddable":true,"href":"https:\/\/noa.bart.sk\/index.php\/wp-json\/wp\/v2\/categories?post=1594"},{"taxonomy":"post_tag","embeddable":true,"href":"https:\/\/noa.bart.sk\/index.php\/wp-json\/wp\/v2\/tags?post=1594"}],"curies":[{"name":"wp","href":"https:\/\/api.w.org\/{rel}","templated":true}]}}