{"id":1550,"date":"2019-03-24T18:23:44","date_gmt":"2019-03-24T16:23:44","guid":{"rendered":"http:\/\/noa.bart.sk\/?p=1550"},"modified":"2019-03-24T18:35:24","modified_gmt":"2019-03-24T16:35:24","slug":"ostravsky-veltrh-cvicnych-firiem","status":"publish","type":"post","link":"https:\/\/noa.bart.sk\/index.php\/2019\/03\/24\/ostravsky-veltrh-cvicnych-firiem\/","title":{"rendered":"Ostravsk\u00fd ve\u013etrh cvi\u010dn\u00fdch firiem"},"content":{"rendered":"<p><img loading=\"lazy\" decoding=\"async\" class=\" wp-image-1554 alignleft\" src=\"https:\/\/noa.bart.sk\/wp-content\/uploads\/os-300x225.jpg\" alt=\"os\" width=\"197\" height=\"148\" srcset=\"https:\/\/noa.bart.sk\/wp-content\/uploads\/os-300x225.jpg 300w, https:\/\/noa.bart.sk\/wp-content\/uploads\/os-80x60.jpg 80w, https:\/\/noa.bart.sk\/wp-content\/uploads\/os-768x576.jpg 768w, https:\/\/noa.bart.sk\/wp-content\/uploads\/os.jpg 960w\" sizes=\"(max-width: 197px) 100vw, 197px\" \/>V\u00a0d\u0148och 6. \u2013 7. marca 2019 sme sa z\u00fa\u010dastnili \u00a0na 11. ro\u010dn\u00edku Ostravsk\u00e9ho ve\u013etrhu cvi\u010dn\u00fdch firiem s\u00a0medzin\u00e1rodnou \u00fa\u010das\u0165ou vo v\u00fdstavisku \u010cern\u00e1 louka, na ktorom sme zahviezdili.<!--more--><\/p>\n<ol start=\"6\">\n<li>marca sme po odchode z\u00a0Ko\u0161\u00edc pre\u017eili pr\u00edjemn\u00fa 5-hodinov\u00fa cestu. Po pr\u00edchode na hlavn\u00fa stanicu v\u00a0Ostrave n\u00e1s <img loading=\"lazy\" decoding=\"async\" class=\" wp-image-1552 alignright\" src=\"https:\/\/noa.bart.sk\/wp-content\/uploads\/o1-300x225.jpg\" alt=\"o1\" width=\"255\" height=\"191\" srcset=\"https:\/\/noa.bart.sk\/wp-content\/uploads\/o1-300x225.jpg 300w, https:\/\/noa.bart.sk\/wp-content\/uploads\/o1-80x60.jpg 80w, https:\/\/noa.bart.sk\/wp-content\/uploads\/o1-768x576.jpg 768w, https:\/\/noa.bart.sk\/wp-content\/uploads\/o1.jpg 960w\" sizes=\"(max-width: 255px) 100vw, 255px\" \/>pri\u0161li vyzdvihn\u00fa\u0165 profesori z\u00a0priate\u013eskej \u0161koly. Ubytovali n\u00e1s, postarali sa o\u00a0na\u0161e hladn\u00e9 krky a\u00a0n\u00e1sledne sme sa presunuli na v\u00fdstavisko, kde sme za\u010dali vytv\u00e1ra\u0165 a\u00a0ozdobova\u0165 n\u00e1\u0161 st\u00e1nok s\u00a0\u010d\u00edslom 20. Po dokon\u010den\u00ed v\u00a0poobedn\u00fdch hodin\u00e1ch sme sa vr\u00e1tili na ubytovanie, nabrali energiu pri ve\u010deri a\u00a0\u0161li sme obdivova\u0165 kr\u00e1sy ve\u010dernej Ostravy. Dali sme si men\u0161\u00ed teambuilding. Vo ve\u010dern\u00fdch hodin\u00e1ch, po kr\u00e1tkom bl\u00faden\u00ed, sme sa vr\u00e1tili na intern\u00e1t, kde sme sa psychicky pripravovali na nasleduj\u00faci de\u0148. R\u00e1no sme si po prebuden\u00ed vychutnali ra\u0148ajky, ktor\u00e9 na n\u00e1s \u010dakali. N\u00e1sledne sme si zobrali v\u0161etky veci a\u00a0presunuli sme sa op\u00e4\u0165 na v\u00fdstavisko, kde sme doladili detaily a\u00a0za\u010dali sme s\u00a0propag\u00e1ciou firmy. Konkurencia bola siln\u00e1, ale sna\u017eili sme sa \u010do najlep\u0161ie dok\u00e1za\u0165 v\u00fdnimo\u010dnos\u0165 na\u0161ej firmy a\u00a0dr\u017eali sme sa n\u00e1zoru, \u017ee na\u0161a firma je t\u00e1 NAJ ! Na\u0161a snaha sa vyplatila pri nasleduj\u00facich oceneniach. Spomedzi 35 z\u00fa\u010dastnen\u00fdch firiem sme obst\u00e1li priam v\u00fdborne.<\/li>\n<\/ol>\n<p><img loading=\"lazy\" decoding=\"async\" class=\"wp-image-1553 alignright\" src=\"https:\/\/noa.bart.sk\/wp-content\/uploads\/o2-300x225.jpg\" alt=\"o2\" width=\"162\" height=\"122\" srcset=\"https:\/\/noa.bart.sk\/wp-content\/uploads\/o2-300x225.jpg 300w, https:\/\/noa.bart.sk\/wp-content\/uploads\/o2-80x60.jpg 80w, https:\/\/noa.bart.sk\/wp-content\/uploads\/o2-768x576.jpg 768w, https:\/\/noa.bart.sk\/wp-content\/uploads\/o2.jpg 960w\" sizes=\"(max-width: 162px) 100vw, 162px\" \/>Spolo\u010dne sme z\u00edskali :<\/p>\n<ul>\n<li>1. miesto za najlep\u0161\u00ed st\u00e1nok<\/li>\n<li>2. miesto za najlep\u0161\u00ed katal\u00f3g<\/li>\n<li>3. miesto za najlep\u0161\u00ed firemn\u00fd slogan<\/li>\n<li>3. miesto za najorigin\u00e1lnej\u0161\u00ed podnikate\u013esk\u00fd z\u00e1mer<\/li>\n<\/ul>\n<ol start=\"2\">\n<li>miesto za prezentovanie firmy v\u00a090 sekund\u00e1ch z\u00edskala na\u0161a Soni\u010dka Salaiov\u00e1 a\u00a03. miesto za najlep\u0161iu reprezentantku firmy z\u00edskala Ivka Horv\u00e1thov\u00e1.<\/li>\n<\/ol>\n<p>Zo v\u0161etk\u00fdch ocenen\u00ed sme boli nad\u0161en\u00ed a\u00a0domov sme\u00a0odch\u00e1dzali spokojn\u00ed s\u00a0pocitom v\u00fdhry. Za \u00faspech na na\u0161om prvom ve\u013etrhu v\u010fa\u010d\u00edme predov\u0161etk\u00fdm p\u00e1nu profesorovi Hritzovi, preto\u017ee on n\u00e1s v\u017edy nasmeroval na t\u00fa spr\u00e1vnu cestu.<\/p>\n<p>&nbsp;<\/p>\n<p>Stanislava \u0160pakov\u00e1 III.A<\/p>\n","protected":false},"excerpt":{"rendered":"<p>V\u00a0d\u0148och 6. \u2013 7. marca 2019 sme sa z\u00fa\u010dastnili \u00a0na 11. ro\u010dn\u00edku Ostravsk\u00e9ho ve\u013etrhu cvi\u010dn\u00fdch firiem s\u00a0medzin\u00e1rodnou \u00fa\u010das\u0165ou vo v\u00fdstavisku \u010cern\u00e1 louka, na ktorom sme zahviezdili.<\/p>\n","protected":false},"author":2,"featured_media":0,"comment_status":"open","ping_status":"open","sticky":false,"template":"","format":"standard","meta":{"footnotes":""},"categories":[1],"tags":[],"_links":{"self":[{"href":"https:\/\/noa.bart.sk\/index.php\/wp-json\/wp\/v2\/posts\/1550"}],"collection":[{"href":"https:\/\/noa.bart.sk\/index.php\/wp-json\/wp\/v2\/posts"}],"about":[{"href":"https:\/\/noa.bart.sk\/index.php\/wp-json\/wp\/v2\/types\/post"}],"author":[{"embeddable":true,"href":"https:\/\/noa.bart.sk\/index.php\/wp-json\/wp\/v2\/users\/2"}],"replies":[{"embeddable":true,"href":"https:\/\/noa.bart.sk\/index.php\/wp-json\/wp\/v2\/comments?post=1550"}],"version-history":[{"count":4,"href":"https:\/\/noa.bart.sk\/index.php\/wp-json\/wp\/v2\/posts\/1550\/revisions"}],"predecessor-version":[{"id":1557,"href":"https:\/\/noa.bart.sk\/index.php\/wp-json\/wp\/v2\/posts\/1550\/revisions\/1557"}],"wp:attachment":[{"href":"https:\/\/noa.bart.sk\/index.php\/wp-json\/wp\/v2\/media?parent=1550"}],"wp:term":[{"taxonomy":"category","embeddable":true,"href":"https:\/\/noa.bart.sk\/index.php\/wp-json\/wp\/v2\/categories?post=1550"},{"taxonomy":"post_tag","embeddable":true,"href":"https:\/\/noa.bart.sk\/index.php\/wp-json\/wp\/v2\/tags?post=1550"}],"curies":[{"name":"wp","href":"https:\/\/api.w.org\/{rel}","templated":true}]}}