{"id":1344,"date":"2018-11-22T22:20:25","date_gmt":"2018-11-22T20:20:25","guid":{"rendered":"http:\/\/noa.bart.sk\/?p=1344"},"modified":"2018-11-22T22:20:25","modified_gmt":"2018-11-22T20:20:25","slug":"skolske-kolo-olympiady-v-nemeckom-jazyku-19-11-2018","status":"publish","type":"post","link":"https:\/\/noa.bart.sk\/index.php\/2018\/11\/22\/skolske-kolo-olympiady-v-nemeckom-jazyku-19-11-2018\/","title":{"rendered":"\u0160kolsk\u00e9 kolo Olympi\u00e1dy v nemeckom jazyku- 19.11.2018"},"content":{"rendered":"<p><img loading=\"lazy\" decoding=\"async\" class=\" wp-image-1346 alignleft\" src=\"https:\/\/noa.bart.sk\/wp-content\/uploads\/46459247_1901845089871174_6253629681858248704_n-300x203.jpg\" alt=\"46459247_1901845089871174_6253629681858248704_n\" width=\"161\" height=\"109\" srcset=\"https:\/\/noa.bart.sk\/wp-content\/uploads\/46459247_1901845089871174_6253629681858248704_n-300x203.jpg 300w, https:\/\/noa.bart.sk\/wp-content\/uploads\/46459247_1901845089871174_6253629681858248704_n-80x54.jpg 80w, https:\/\/noa.bart.sk\/wp-content\/uploads\/46459247_1901845089871174_6253629681858248704_n-768x519.jpg 768w, https:\/\/noa.bart.sk\/wp-content\/uploads\/46459247_1901845089871174_6253629681858248704_n.jpg 960w\" sizes=\"(max-width: 161px) 100vw, 161px\" \/>D\u0148a 19.11.2018 sa uskuto\u010dnil na na\u0161ej \u0161kole 29. ro\u010dn\u00edk Olympi\u00e1dy v\u00a0nemeckom jazyku. Na \u0161kolskom kole olympi\u00e1dy sa z\u00fa\u010dastnilo 14 \u017eiakov prv\u00e9ho a\u017e piateho ro\u010dn\u00edka Obchodnej akad\u00e9mie, ktor\u00ed s\u00fa\u0165a\u017eili v\u00a0kateg\u00f3ri\u00e1ch 2A a\u00a02B.<!--more--><\/p>\n<p><img loading=\"lazy\" decoding=\"async\" class=\" wp-image-1347 alignleft\" src=\"https:\/\/noa.bart.sk\/wp-content\/uploads\/46491520_1901845819871101_2164732318265114624_n-300x203.jpg\" alt=\"46491520_1901845819871101_2164732318265114624_n\" width=\"168\" height=\"114\" srcset=\"https:\/\/noa.bart.sk\/wp-content\/uploads\/46491520_1901845819871101_2164732318265114624_n-300x203.jpg 300w, https:\/\/noa.bart.sk\/wp-content\/uploads\/46491520_1901845819871101_2164732318265114624_n-80x54.jpg 80w, https:\/\/noa.bart.sk\/wp-content\/uploads\/46491520_1901845819871101_2164732318265114624_n-768x520.jpg 768w, https:\/\/noa.bart.sk\/wp-content\/uploads\/46491520_1901845819871101_2164732318265114624_n.jpg 960w\" sizes=\"(max-width: 168px) 100vw, 168px\" \/>Svoje vedomosti a\u00a0zru\u010dnosti si \u017eiaci preverili v\u00a0p\u00edsomnej a\u00a0\u00fastnej \u010dasti olympi\u00e1dy. P\u00edsomn\u00e1 \u010das\u0165 pozost\u00e1vala z\u00a0gramatick\u00e9ho testu, po\u010d\u00favania s\u00a0porozumen\u00edm a\u00a0\u010d\u00edtania s\u00a0porozumen\u00edm. V\u00a0\u00fastnej \u010dasti mali \u017eiaci na z\u00e1klade obr\u00e1zku porozpr\u00e1va\u0165 pr\u00edbeh a\u00a0konverzova\u0165 na pr\u00edslu\u0161n\u00fa t\u00e9mu.<\/p>\n<p>Pr\u00edpravu a\u00a0priebeh \u0161kolsk\u00e9ho kola olympi\u00e1dy organizovali:<\/p>\n<ul>\n<li>Kl\u00e1ra Opr\u0161alov\u00e1<\/li>\n<li>Luk\u00e1\u0161 Va\u0161ko<\/li>\n<\/ul>\n<p>Na z\u00e1vere\u010dnom vyhodnoten\u00ed sa z\u00fa\u010dastnil p\u00e1n z\u00e1stupca Mgr. Jozef Barta, ktor\u00fd vyzdvihol z\u00e1ujem s\u00fa\u0165a\u017eiacich o\u00a0nemeck\u00fd jazyk, zablaho\u017eelal \u017eiakom k\u00a0dosiahnut\u00fdm v\u00fdsledkom. V\u00ed\u0165azom boli odovzdan\u00e9 diplomy a\u00a0kni\u017en\u00e9 ceny.<\/p>\n<p>&nbsp;<\/p>\n<p><strong>V\u00ed\u0165azmi \u0161kolsk\u00e9ho kola Olympi\u00e1dy v\u00a0nemeckom jazyku za jednotliv\u00e9 kateg\u00f3rie s\u00fa: <\/strong><\/p>\n<p><strong><em>Kateg\u00f3ria 2A<img loading=\"lazy\" decoding=\"async\" class=\"size-medium wp-image-1345 alignright\" src=\"https:\/\/noa.bart.sk\/wp-content\/uploads\/46443309_1901844936537856_5693480961941962752_n-300x207.jpg\" alt=\"46443309_1901844936537856_5693480961941962752_n\" width=\"300\" height=\"207\" srcset=\"https:\/\/noa.bart.sk\/wp-content\/uploads\/46443309_1901844936537856_5693480961941962752_n-300x207.jpg 300w, https:\/\/noa.bart.sk\/wp-content\/uploads\/46443309_1901844936537856_5693480961941962752_n-80x55.jpg 80w, https:\/\/noa.bart.sk\/wp-content\/uploads\/46443309_1901844936537856_5693480961941962752_n-768x530.jpg 768w, https:\/\/noa.bart.sk\/wp-content\/uploads\/46443309_1901844936537856_5693480961941962752_n.jpg 960w\" sizes=\"(max-width: 300px) 100vw, 300px\" \/><\/em><\/strong><\/p>\n<ol>\n<li><strong>miesto: Adam Barobin \u2013 II. E<\/strong><\/li>\n<li><strong>miesto: Simona Szilvov\u00e1 \u2013 II.E<\/strong><\/li>\n<li><strong>miesto: Laura M\u00e1ria Oczeljakov\u00e1- II.D<\/strong><\/li>\n<\/ol>\n<p><strong><em>Katog\u00f3ria 2B<\/em><\/strong><\/p>\n<ol>\n<li><strong>miesto: Alex Havran- III.D<\/strong><\/li>\n<li><strong>miesto: Veronika Tom\u010dov\u00e1- V.D<\/strong><\/li>\n<li><strong>miesto: Simona Strelkov\u00e1- V.D<\/strong><\/li>\n<\/ol>\n<p><strong>\u00a0<\/strong><\/p>\n<p><strong>Do okresn\u00e9ho kola postupuj\u00fa \u017eiaci, ktor\u00ed sa umiestnili na 1. a\u00a02. mieste v\u00a0oboch kateg\u00f3ri\u00e1ch. V\u00ed\u0165azom blaho\u017eel\u00e1me a\u00a0prajeme im ve\u013ea \u00faspechov v\u00a0okresnom kole!<\/strong><\/p>\n","protected":false},"excerpt":{"rendered":"<p>D\u0148a 19.11.2018 sa uskuto\u010dnil na na\u0161ej \u0161kole 29. ro\u010dn\u00edk Olympi\u00e1dy v\u00a0nemeckom jazyku. Na \u0161kolskom kole olympi\u00e1dy sa z\u00fa\u010dastnilo 14 \u017eiakov prv\u00e9ho a\u017e piateho ro\u010dn\u00edka Obchodnej akad\u00e9mie, ktor\u00ed s\u00fa\u0165a\u017eili v\u00a0kateg\u00f3ri\u00e1ch 2A&hellip;<\/p>\n","protected":false},"author":2,"featured_media":0,"comment_status":"open","ping_status":"open","sticky":false,"template":"","format":"standard","meta":{"footnotes":""},"categories":[1],"tags":[],"_links":{"self":[{"href":"https:\/\/noa.bart.sk\/index.php\/wp-json\/wp\/v2\/posts\/1344"}],"collection":[{"href":"https:\/\/noa.bart.sk\/index.php\/wp-json\/wp\/v2\/posts"}],"about":[{"href":"https:\/\/noa.bart.sk\/index.php\/wp-json\/wp\/v2\/types\/post"}],"author":[{"embeddable":true,"href":"https:\/\/noa.bart.sk\/index.php\/wp-json\/wp\/v2\/users\/2"}],"replies":[{"embeddable":true,"href":"https:\/\/noa.bart.sk\/index.php\/wp-json\/wp\/v2\/comments?post=1344"}],"version-history":[{"count":1,"href":"https:\/\/noa.bart.sk\/index.php\/wp-json\/wp\/v2\/posts\/1344\/revisions"}],"predecessor-version":[{"id":1348,"href":"https:\/\/noa.bart.sk\/index.php\/wp-json\/wp\/v2\/posts\/1344\/revisions\/1348"}],"wp:attachment":[{"href":"https:\/\/noa.bart.sk\/index.php\/wp-json\/wp\/v2\/media?parent=1344"}],"wp:term":[{"taxonomy":"category","embeddable":true,"href":"https:\/\/noa.bart.sk\/index.php\/wp-json\/wp\/v2\/categories?post=1344"},{"taxonomy":"post_tag","embeddable":true,"href":"https:\/\/noa.bart.sk\/index.php\/wp-json\/wp\/v2\/tags?post=1344"}],"curies":[{"name":"wp","href":"https:\/\/api.w.org\/{rel}","templated":true}]}}